{"id":105150,"date":"2025-05-12T16:33:09","date_gmt":"2025-05-12T16:33:09","guid":{"rendered":"https:\/\/www.europesays.com\/de\/105150\/"},"modified":"2025-05-12T16:33:09","modified_gmt":"2025-05-12T16:33:09","slug":"seat-deutschland-hat-neuen-vertriebschef","status":"publish","type":"post","link":"https:\/\/www.europesays.com\/de\/105150\/","title":{"rendered":"Seat Deutschland hat neuen Vertriebschef"},"content":{"rendered":"<p>Kostenfrei bis 19:00 Uhr lesen<\/p>\n<p>Marcus Hoffmann \u00fcbernimmt<\/p>\n<p>Kostenpflichtig<\/p>\n<p>Kostenpflichtig<\/p>\n<p>\ufeffNeuer Vertriebschef f\u00fcr Seat in Deutschland<\/p>\n<p>App \u00f6ffnen<\/p>\n<p class=\"Textstyled__Text-sc-1cqv9mi-0 dKgfuR ArticleHeadstyled__ArticleSubHeadline-sc-tdzyy5-11 fXdZot\">Personalie bei einer Volkswagen-Tochter: Die Seat Deutschland GmbH hat einen neuen Vertriebsleiter gefunden. Er ist kein Unbekannter f\u00fcr das Unternehmen.<\/p>\n<p><img loading=\"lazy\" decoding=\"async\" alt=\"Lars Lohmann\" src=\"https:\/\/www.europesays.com\/de\/wp-content\/uploads\/2025\/05\/https:\/\/s3.amazonaws.com\/arc-authors\/madsack\/fa544998-cb0d-495b-af18-4f0d309d5d24.jpg\" width=\"56\" height=\"56\"\/><\/p>\n<p>Share-Optionen \u00f6ffnen<\/p>\n<p>Share-Optionen schlie\u00dfen<\/p>\n<p>Mehr Share-Optionen zeigen<\/p>\n<p>Mehr Share-Optionen zeigen<\/p>\n<p class=\"Textstyled__Text-sc-1cqv9mi-0 dKgfuR\">Wolfsburg\/Weiterstadt. Wichtige Personalie bei der Seat Deutschland GmbH gekl\u00e4rt. Marcus Hoffmann wird neuer Vertriebsleiter und startet Anfang Juni im Job. Er ist Nachfolger Alexander Buk, der seit Oktober 2024 die Gesch\u00e4ftsf\u00fchrung von Seat und Cupra in Deutschland innehat.<\/p>\n<p>Weiterlesen nach der Anzeige<\/p>\n<p>Weiterlesen nach der Anzeige<\/p>\n<p class=\"Textstyled__Text-sc-1cqv9mi-0 dKgfuR\">Hoffmann ist kein Unbekannter in Weiterstadt. Bereits von 2011 bis 2017 war er bei Seat Deutschland t\u00e4tig. Dabei war er f\u00fcr die Integration von Seats Flottengesch\u00e4ft in die Mehrmarkenstruktur des Volkswagen-Konzerns verantwortlich. Danach war er von 2017 bis 2019 im spanischen Hauptsitz der VW-Tochter in Martorell f\u00fcr das internationale Key-Account-Management und die Vertriebsorganisation im Gesch\u00e4ftskundenbereich in Europa und weltweit zust\u00e4ndig.<\/p>\n<p>Hoffmann hat f\u00fcr viele Hersteller gearbeitet<\/p>\n<p class=\"Textstyled__Text-sc-1cqv9mi-0 dKgfuR\">\u201eMit Marcus Hoffmann begr\u00fc\u00dfen wir einen erfahrenen Vertriebsexperten in unseren Reihen. Er kennt unsere Marken und unsere DNA sehr gut \u2013 und wei\u00df, worauf es strategisch ankommt&#8220;, sagt Buk. Man werde gemeinsam viel bewegen k\u00f6nnen.<\/p>\n<p>Weiterlesen nach der Anzeige<\/p>\n<p>Weiterlesen nach der Anzeige<\/p>\n<p class=\"Textstyled__Text-sc-1cqv9mi-0 dKgfuR\">Hoffmann stammt aus Heilbronn und ist Betriebswirt. Der 46-J\u00e4hrige startete seine Karriere bei der Deutschen Renault AG und hatte dort und bei der sp\u00e4teren Renault Deutschland Nissan AG unterschiedliche Positionen inne. Nach seinen Stationen bei Seat war er unter anderem f\u00fcr die PSA Deutschland GmbH sowie Stellantis Germany t\u00e4tig.<\/p>\n<p class=\"Editorialstyled__Editorial-sc-5u8rgl-0 cBUuy\">AZ\/WAZ<\/p>\n","protected":false},"excerpt":{"rendered":"Kostenfrei bis 19:00 Uhr lesen Marcus Hoffmann \u00fcbernimmt Kostenpflichtig Kostenpflichtig \ufeffNeuer Vertriebschef f\u00fcr Seat in Deutschland App \u00f6ffnen&hellip;\n","protected":false},"author":2,"featured_media":105151,"comment_status":"","ping_status":"","sticky":false,"template":"","format":"standard","meta":{"footnotes":""},"categories":[2],"tags":[331,3924,332,3922,3364,29,30,13,14,3923,15,3921,12],"class_list":{"0":"post-105150","1":"post","2":"type-post","3":"status-publish","4":"format-standard","5":"has-post-thumbnail","7":"category-deutschland","8":"tag-aktuelle-nachrichten","9":"tag-aktuelle-nachrichten-aus-deutschland","10":"tag-aktuelle-news","11":"tag-aktuelle-news-aus-deutschland","12":"tag-de","13":"tag-deutschland","14":"tag-germany","15":"tag-headlines","16":"tag-nachrichten","17":"tag-nachrichten-aus-deutschland","18":"tag-news","19":"tag-news-aus-deutschland","20":"tag-schlagzeilen"},"share_on_mastodon":{"url":"https:\/\/pubeurope.com\/@de\/114495829410821359","error":""},"_links":{"self":[{"href":"https:\/\/www.europesays.com\/de\/wp-json\/wp\/v2\/posts\/105150","targetHints":{"allow":["GET"]}}],"collection":[{"href":"https:\/\/www.europesays.com\/de\/wp-json\/wp\/v2\/posts"}],"about":[{"href":"https:\/\/www.europesays.com\/de\/wp-json\/wp\/v2\/types\/post"}],"author":[{"embeddable":true,"href":"https:\/\/www.europesays.com\/de\/wp-json\/wp\/v2\/users\/2"}],"replies":[{"embeddable":true,"href":"https:\/\/www.europesays.com\/de\/wp-json\/wp\/v2\/comments?post=105150"}],"version-history":[{"count":0,"href":"https:\/\/www.europesays.com\/de\/wp-json\/wp\/v2\/posts\/105150\/revisions"}],"wp:featuredmedia":[{"embeddable":true,"href":"https:\/\/www.europesays.com\/de\/wp-json\/wp\/v2\/media\/105151"}],"wp:attachment":[{"href":"https:\/\/www.europesays.com\/de\/wp-json\/wp\/v2\/media?parent=105150"}],"wp:term":[{"taxonomy":"category","embeddable":true,"href":"https:\/\/www.europesays.com\/de\/wp-json\/wp\/v2\/categories?post=105150"},{"taxonomy":"post_tag","embeddable":true,"href":"https:\/\/www.europesays.com\/de\/wp-json\/wp\/v2\/tags?post=105150"}],"curies":[{"name":"wp","href":"https:\/\/api.w.org\/{rel}","templated":true}]}}