{"id":1051653,"date":"2026-05-28T06:14:17","date_gmt":"2026-05-28T06:14:17","guid":{"rendered":"https:\/\/www.europesays.com\/de\/1051653\/"},"modified":"2026-05-28T06:14:17","modified_gmt":"2026-05-28T06:14:17","slug":"habe-angst-es-zu-verlieren-gina-lisa-lohfink-bangt-nach-po-op-um-ihr-bein","status":"publish","type":"post","link":"https:\/\/www.europesays.com\/de\/1051653\/","title":{"rendered":"&#8222;Habe Angst, es zu verlieren&#8220;: Gina-Lisa Lohfink bangt nach Po-OP um ihr Bein"},"content":{"rendered":"<p>&#8222;Habe Angst, es zu verlieren&#8220;Gina-Lisa Lohfink bangt nach Po-OP um ihr Bein<\/p>\n<p>28.05.2026, 07:35 Uhr <\/p>\n<p>Artikel anh\u00f6ren(02:15 min)<\/p>\n<p><img decoding=\"async\" class=\"Image_img__fQCi0 Image_Img_16_9__4BLfH widget-picture-inline_maximizable__t_E7h\" loading=\"eager\" fetchpriority=\"high\" src=\"https:\/\/www.europesays.com\/de\/wp-content\/uploads\/2026\/05\/Frankfurt-3-Februar-2026-Reality-Star-und-Model-Gina-Lisa-Lohfink-mit-einer-Make-the-World-Great-Aga.webp\" alt=\"Frankfurt-3-Februar-2026-Reality-Star-und-Model-Gina-Lisa-Lohfink-mit-einer-Make-the-World-Great-Again-Kappe-in-der-Talkshow-Bembel-und-Gebabbel-in-der-Lohrbergschaenke\"\/>Gina-Lisa Lohfink muss voraussichtlich noch einmal unters Messer. (Foto: picture alliance \/ Presse- und Wirtschaftsdienst)TeilenFolgen auf:<a href=\"https:\/\/www.whatsapp.com\/channel\/0029Va5cdVJD8SDp5YZgYF01\" title=\"Auf WhatsApp folgen\" target=\"_blank\" rel=\"nofollow noopener\"><img decoding=\"async\" src=\"https:\/\/www.n-tv.de\/socialIcons\/whatsapp.svg\" alt=\"whatsapp\" class=\"ArticleShare_icon__FsrC2\"\/><\/a><a href=\"https:\/\/www.google.com\/preferences\/source?q=n-tv.de\" title=\"ntv als bevorzugte Quelle auf Google hinzuf\u00fcgen\" target=\"_blank\" rel=\"nofollow noopener\"><img decoding=\"async\" src=\"https:\/\/www.n-tv.de\/socialIcons\/google.svg\" alt=\"whatsapp\" class=\"ArticleShare_icon__FsrC2\"\/><\/a><\/p>\n<p class=\"Typography_text-m__XI0da Typography_weight-bold__uT6mq storyline_lead_text_leadtext__q_wg8\">Seit Jahren leidet Reality-TV-Star Gina-Lisa Lohfink unter schweren Komplikationen nach einer Po-Operation. Das injizierte Gel verselbstst\u00e4ndigte sich. Mehrere Eingriffe sollen noch Schlimmeres verhindern. Fast t\u00e4glich muss sie zum Arzt.<\/p>\n<p class=\"Typography_text-default__P3otY Typography_weight-normal__pqUbH storyline_paragraph_p__qSR5N\">Gina-Lisa Lohfink f\u00fcrchtet, wom\u00f6glich ihr Bein zu verlieren. Das erz\u00e4hlte der aus &#8222;Germany&#8217;s next Topmodel&#8220; und dem Dschungelcamp bekannte Reality-TV-Star im Gespr\u00e4ch mit der &#8222;Bild&#8220;-Zeitung. Nach einer Po-Operation im Jahr 2023 war es demnach zu schweren Komplikationen gekommen. Ein injiziertes Gel wanderte in ihre Oberschenkel. Dies habe unter anderem starke Schmerzen und Entz\u00fcndungen verursacht. Lohfink erkl\u00e4rt der Tageszeitung: &#8222;Ich habe Angst, mein Bein zu verlieren!&#8220;<\/p>\n<p class=\"Typography_text-default__P3otY Typography_weight-normal__pqUbH storyline_paragraph_p__qSR5N\">Bei einer ersten Operation sei bereits ein gro\u00dfer Teil des Gels entfernt worden, vor rund f\u00fcnf Wochen sei Lohfink erneut am linken Bein operiert worden. Dabei sollten weitere m\u00f6gliche Sch\u00e4den verhindert werden. Der Eingriff habe zwar &#8222;gut geklappt&#8220;, aber sie habe jetzt weitere Probleme, berichtete die 39-J\u00e4hrige. In ihrem rechten Bein, aus dem erneut &#8222;viel Eiter&#8220; laufe, befinde sich ein Loch, in dem sich noch Gel befinde. Sie habe hervorragende \u00c4rzte, aber auch diese st\u00fcnden vor einer Herausforderung.<\/p>\n<p class=\"Typography_text-default__P3otY Typography_weight-normal__pqUbH storyline_paragraph_p__qSR5N\">&#8222;Wirklich ein ganz komplizierter Fall&#8220;, kommentiert einer der \u00c4rzte Lohfinks. Es wird wohl ein weiterer Eingriff notwendig sein. Bis dahin m\u00fcsse aber noch abgewartet werden, denn zwischen den Operationen sollte ausreichend Zeit verstreichen.<\/p>\n<p class=\"Typography_text-default__P3otY Typography_weight-normal__pqUbH storyline_paragraph_p__qSR5N\">Die 39-J\u00e4hrige hat &#8222;Angst, dass Bakterien mein Bein von innen auffressen&#8220;, wie sie sagte. Derzeit werde sie mit Kortison, Antibiotika sowie Infusionen behandelt und besuche nahezu t\u00e4glich ihren Hausarzt. Lohfink hofft, bis zu ihrem 40. Geburtstag, den sie im September feiert, wieder ganz gesund zu sein.<\/p>\n<p class=\"Typography_text-s__wu_cm Typography_weight-normal__pqUbH Typography_color-darkgrey__sZEnP article-detail-footer_source__KslPc\">Quelle: ntv.de, chl\/spot<\/p>\n","protected":false},"excerpt":{"rendered":"&#8222;Habe Angst, es zu verlieren&#8220;Gina-Lisa Lohfink bangt nach Po-OP um ihr Bein 28.05.2026, 07:35 Uhr Artikel anh\u00f6ren(02:15 min)&hellip;\n","protected":false},"author":2,"featured_media":1051654,"comment_status":"","ping_status":"","sticky":false,"template":"","format":"standard","meta":{"footnotes":"","_share_on_mastodon":"0"},"categories":[155],"tags":[29,214,30,66528,1882,215],"class_list":["post-1051653","post","type-post","status-publish","format-standard","has-post-thumbnail","category-unterhaltung","tag-deutschland","tag-entertainment","tag-germany","tag-gina-lisa-lohfink","tag-schoenheitsoperationen","tag-unterhaltung"],"share_on_mastodon":{"url":"","error":""},"_links":{"self":[{"href":"https:\/\/www.europesays.com\/de\/wp-json\/wp\/v2\/posts\/1051653","targetHints":{"allow":["GET"]}}],"collection":[{"href":"https:\/\/www.europesays.com\/de\/wp-json\/wp\/v2\/posts"}],"about":[{"href":"https:\/\/www.europesays.com\/de\/wp-json\/wp\/v2\/types\/post"}],"author":[{"embeddable":true,"href":"https:\/\/www.europesays.com\/de\/wp-json\/wp\/v2\/users\/2"}],"replies":[{"embeddable":true,"href":"https:\/\/www.europesays.com\/de\/wp-json\/wp\/v2\/comments?post=1051653"}],"version-history":[{"count":0,"href":"https:\/\/www.europesays.com\/de\/wp-json\/wp\/v2\/posts\/1051653\/revisions"}],"wp:featuredmedia":[{"embeddable":true,"href":"https:\/\/www.europesays.com\/de\/wp-json\/wp\/v2\/media\/1051654"}],"wp:attachment":[{"href":"https:\/\/www.europesays.com\/de\/wp-json\/wp\/v2\/media?parent=1051653"}],"wp:term":[{"taxonomy":"category","embeddable":true,"href":"https:\/\/www.europesays.com\/de\/wp-json\/wp\/v2\/categories?post=1051653"},{"taxonomy":"post_tag","embeddable":true,"href":"https:\/\/www.europesays.com\/de\/wp-json\/wp\/v2\/tags?post=1051653"}],"curies":[{"name":"wp","href":"https:\/\/api.w.org\/{rel}","templated":true}]}}