{"id":1051766,"date":"2026-05-28T07:18:20","date_gmt":"2026-05-28T07:18:20","guid":{"rendered":"https:\/\/www.europesays.com\/de\/1051766\/"},"modified":"2026-05-28T07:18:20","modified_gmt":"2026-05-28T07:18:20","slug":"yad-vashem-kommt-nach-deutschland-bildungszentren-in-muenchen-und-leipzig-politik","status":"publish","type":"post","link":"https:\/\/www.europesays.com\/de\/1051766\/","title":{"rendered":"Yad Vashem kommt nach Deutschland: Bildungszentren in M\u00fcnchen und Leipzig | Politik"},"content":{"rendered":"<p><a class=\"skip-content skip-content--link\" href=\"#in-content-skip-link-target-v-0-0\">TTS-Player \u00fcberspringen\u21b5<\/a><a id=\"in-content-skip-link-target-v-0-0\" class=\"skip-content--target-link-hidden skip-content skip-content--target-link\" href=\"#in-content-skip-link-target-v-0-0\">Artikel weiterlesen<\/a><\/p>\n<p data-86c45112=\"0-2831\">Jerusalem\/Berlin \u2013 <b>Yad Vashem kommt nach Deutschland . Es ist eine Entscheidung von historischer Tragweite. Seit Donnerstag ist klar, wo die zentrale israelische Gedenkst\u00e4tte zur Erinnerung an den Holocaust und die Ermordung von mehr als sechs Millionen Juden w\u00e4hrend der NS-Zeit ihre erste Niederlassung au\u00dferhalb Israels er\u00f6ffnen wird. Die \u00dcberraschung: Es bleibt nicht bei einem Ort. Yad Vashem geht nach M\u00fcnchen\u00a0(Bayern) UND Leipzig (Sachsen).<\/b><\/p>\n<p data-86c45112=\"0-2831\">Die Idee entstand 2023 bei einem Treffen zwischen Yad-Vashem-Chef Dani Dayan (70) und dem damaligen Bundeskanzler <a href=\"https:\/\/www.bild.de\/politik\/leute\/olaf-scholz\/olaf-scholz-alle-infos-76681888.bild.html\" class=\"text-link\" rel=\"nofollow noopener\" target=\"_blank\">Olaf Scholz <\/a>(67, SPD). Am 19. Juni 2024 k\u00fcndigte die Gedenkst\u00e4tte dann offiziell an, die Errichtung eines <a href=\"https:\/\/www.bild.de\/themen\/ereignisse\/holocaust\/nachrichten-news-fotos-videos-20286602.bild.html\" class=\"text-link\" rel=\"nofollow noopener\" target=\"_blank\">Holocaust<\/a>-Bildungszentrums in Deutschland zu pr\u00fcfen. Im September 2025 kamen Bayern, Nordrhein-Westfalen und Sachsen in die engere Auswahl.<\/p>\n<p><img decoding=\"async\" width=\"992\" height=\"558\" alt=\"Yad-Vashem-Chef Dani Dayan (70) entwickelte die Idee 2023 gemeinsam mit dem damaligen Bundeskanzler Olaf Scholz (67, SPD)\" src=\"https:\/\/www.europesays.com\/de\/wp-content\/uploads\/2026\/05\/f0023d855f6764479fc9af8634571fc7,f3951f6.jpeg\"   class=\"landscape\" loading=\"lazy\"\/><\/p>\n<p class=\"fig__caption__text\">Yad-Vashem-Chef Dani Dayan (70) entwickelte die Idee 2023 gemeinsam mit dem damaligen Bundeskanzler Olaf Scholz (67, SPD)<\/p>\n<p>Foto: Daniel Biskup\/BILD<\/p>\n<p>Markus S\u00f6der ergriff fr\u00fch die Initiative <\/p>\n<p data-86c45112=\"0-2831\">Nun ist die Entscheidung gefallen: <a href=\"https:\/\/www.bild.de\/regional\/bayern\/home-F0nY8r5b4CmXLAXAmTuS\" class=\"text-link\" rel=\"nofollow noopener\" target=\"_blank\">Bayern<\/a> UND <a href=\"https:\/\/www.bild.de\/regional\/sachsen\/home-iIn0kpu2E59hLqZmJPC6\" class=\"text-link\" rel=\"nofollow noopener\" target=\"_blank\">Sachsen<\/a> setzen sich durch. M\u00fcnchen wird Sitz des \u201eYad Vashem Education Center\u201c, Leipzig erg\u00e4nzt als zweiter Standort. Die Entscheidung f\u00fcr M\u00fcnchen hat eine besondere historische Dimension. Die <a href=\"https:\/\/www.bild.de\/themen\/personen\/adolf-hitler\/adolf-hitler-news-fotos-videos-19445424.bild.html\" class=\"text-link\" rel=\"nofollow noopener\" target=\"_blank\">Nationalsozialisten<\/a> bezeichneten die bayerische Metropole als \u201eHauptstadt der Bewegung\u201c. Von hier aus begann der politische Aufstieg der NSDAP. Dass ausgerechnet dort nun das zentrale Bildungszentrum der israelischen Einrichtung in Deutschland entsteht, verleiht der Standortwahl besondere Symbolkraft.<\/p>\n<p data-86c45112=\"0-2831\">Bayerns Ministerpr\u00e4sident <a href=\"https:\/\/www.bild.de\/politik\/leute\/markus-soeder\/markus-soeder-alle-infos-76681868.bild.html\" class=\"text-link\" rel=\"nofollow noopener\" target=\"_blank\">Markus S\u00f6der<\/a> (59, CSU) hatte zudem fr\u00fch die Initiative ergriffen. Im Dezember 2023 reiste er nach Jerusalem, besuchte die Gedenkst\u00e4tte und vereinbarte eine vertiefte Zusammenarbeit. Er sagte nach der Entscheidung am Donnerstag: \u201eWas f\u00fcr eine Ehre! Yad Vashem kommt nach Bayern.\u201c Er betonte: \u201eWir haben uns als Freistaat sehr daf\u00fcr eingesetzt. Bayern wird f\u00fcr Yad Vashem ein gutes Zuhause sein.\u201c<\/p>\n<p><img decoding=\"async\" width=\"992\" height=\"558\" alt=\"Bayerns Ministerpr\u00e4sident Markus S\u00f6der (59, CSU) besuchte im Dezember 2023 zum dritten Mal die Gedenkst\u00e4tte Yad Vashem\" src=\"https:\/\/www.europesays.com\/de\/wp-content\/uploads\/2026\/05\/e280d71b6ccbd59f7c82ff716fa92483,8437c435.jpeg\"   class=\"landscape\" loading=\"lazy\"\/><\/p>\n<p class=\"fig__caption__text\">Bayerns Ministerpr\u00e4sident Markus S\u00f6der (59, CSU) besuchte im Dezember 2023 zum dritten Mal die Gedenkst\u00e4tte Yad Vashem<\/p>\n<p>Foto: ddp\/Sven Simon<\/p>\n<p>MP Kretschmer spricht von Ehre und Verpflichtung<\/p>\n<p data-86c45112=\"0-2831\">Die Zweigstelle Leipzig entsteht im Ariowitsch-Haus \u2013 Ende der 1920er Jahre als Altersheim f\u00fcr orthodoxe Juden errichtet, heute ein j\u00fcdisches Kultur- und Begegnungszentrum. Der Freistaat Sachsen ist bereit, daf\u00fcr bauliche Erweiterungen vorzunehmen. Ministerpr\u00e4sident Michael Kretschmer (51, CDU) bezeichnete die Entscheidung als \u201eeine gro\u00dfe Ehre und zugleich Verpflichtung\u201c. Er sagte weiter: \u201eTats\u00e4chlich sind Bildung und Begegnung ganz entscheidend, um das Gedenken wachzuhalten und Geschichte begreifbar zu machen.\u201c<\/p>\n<p>Mehr zum Thema<\/p>\n<p data-86c45112=\"0-2831\">Wichtig: In Deutschland entsteht kein weiteres Museum, sondern ein Zentrum f\u00fcr Bildungsarbeit. Von M\u00fcnchen und Leipzig aus sollen P\u00e4dagogen fortgebildet, Unterrichtsmaterialien entwickelt und Kooperationen mit Schulen, Beh\u00f6rden und anderen Institutionen ausgebaut werden. Vorbild ist die \u201eInternational School for Holocaust Studies\u201c in Jerusalem, die seit 1993 P\u00e4dagogen aus aller Welt fortbildet und didaktische Konzepte erarbeitet.<\/p>\n","protected":false},"excerpt":{"rendered":"TTS-Player \u00fcberspringen\u21b5Artikel weiterlesen Jerusalem\/Berlin \u2013 Yad Vashem kommt nach Deutschland . Es ist eine Entscheidung von historischer Tragweite.&hellip;\n","protected":false},"author":2,"featured_media":1051767,"comment_status":"","ping_status":"","sticky":false,"template":"","format":"standard","meta":{"footnotes":"","_share_on_mastodon":"0"},"categories":[1827],"tags":[772,29,30,9681,411,30730,71,1268,19741,12874,18827,138370,112984],"class_list":["post-1051766","post","type-post","status-publish","format-standard","has-post-thumbnail","category-muenchen","tag-bayern","tag-deutschland","tag-germany","tag-holocaust","tag-israel","tag-jerusalem","tag-leipzig","tag-muenchen","tag-netanjahu-benjamin","tag-scholz-olaf","tag-soeder-markus","tag-team-first","tag-vashem-yad"],"share_on_mastodon":{"url":"https:\/\/pubeurope.com\/@de\/116650987472454642","error":""},"_links":{"self":[{"href":"https:\/\/www.europesays.com\/de\/wp-json\/wp\/v2\/posts\/1051766","targetHints":{"allow":["GET"]}}],"collection":[{"href":"https:\/\/www.europesays.com\/de\/wp-json\/wp\/v2\/posts"}],"about":[{"href":"https:\/\/www.europesays.com\/de\/wp-json\/wp\/v2\/types\/post"}],"author":[{"embeddable":true,"href":"https:\/\/www.europesays.com\/de\/wp-json\/wp\/v2\/users\/2"}],"replies":[{"embeddable":true,"href":"https:\/\/www.europesays.com\/de\/wp-json\/wp\/v2\/comments?post=1051766"}],"version-history":[{"count":0,"href":"https:\/\/www.europesays.com\/de\/wp-json\/wp\/v2\/posts\/1051766\/revisions"}],"wp:featuredmedia":[{"embeddable":true,"href":"https:\/\/www.europesays.com\/de\/wp-json\/wp\/v2\/media\/1051767"}],"wp:attachment":[{"href":"https:\/\/www.europesays.com\/de\/wp-json\/wp\/v2\/media?parent=1051766"}],"wp:term":[{"taxonomy":"category","embeddable":true,"href":"https:\/\/www.europesays.com\/de\/wp-json\/wp\/v2\/categories?post=1051766"},{"taxonomy":"post_tag","embeddable":true,"href":"https:\/\/www.europesays.com\/de\/wp-json\/wp\/v2\/tags?post=1051766"}],"curies":[{"name":"wp","href":"https:\/\/api.w.org\/{rel}","templated":true}]}}