{"id":105187,"date":"2025-05-12T16:53:09","date_gmt":"2025-05-12T16:53:09","guid":{"rendered":"https:\/\/www.europesays.com\/de\/105187\/"},"modified":"2025-05-12T16:53:09","modified_gmt":"2025-05-12T16:53:09","slug":"die-toten-hosen-auf-abschiedstour-so-kommen-fans-an-die-tickets-fuer-duesseldorf","status":"publish","type":"post","link":"https:\/\/www.europesays.com\/de\/105187\/","title":{"rendered":"Die Toten Hosen auf Abschiedstour? So kommen Fans an die Tickets f\u00fcr D\u00fcsseldorf"},"content":{"rendered":"<p class=\"text_ohne_einzug richtext text-em-55 !leading-serif mx-6 desktop:mx-0\">Im f\u00fcnften Jahrzehnt nach ihrer Gr\u00fcndung ist es noch einmal so weit. <a href=\"https:\/\/rp-online.de\/thema\/die-toten-hosen\/\" target=\"_blank\" rel=\"noopener\">Die Toten Hosen<\/a> gehen 2026 auf Deutschland-Tour. Mit einem Video auf <a href=\"https:\/\/rp-online.de\/thema\/instagram\/\" target=\"_blank\" rel=\"noopener\">Instagram<\/a> hat die D\u00fcsseldorfer Band um Frontmann <a href=\"https:\/\/rp-online.de\/thema\/campino\/\" target=\"_blank\" rel=\"noopener\">Campino<\/a> mehrere Konzerte in NRW, dem Rest des Landes, \u00d6sterreich und der <a href=\"https:\/\/rp-online.de\/thema\/schweiz\/\" target=\"_blank\" rel=\"noopener\">Schweiz<\/a> angek\u00fcndigt. In der Luft h\u00e4ngt ein leiser Hauch von Abschied. Die wichtigsten Fragen und Antworten rund um die geplanten Konzerte und den Ticketverkauf gibt es hier.<\/p>\n<p>Wann ist das Konzert in D\u00fcsseldorf?      <\/p>\n<p class=\"text_ohne_einzug richtext text-em-55 !leading-serif mx-6 desktop:mx-0\">Die Konzerte in <a href=\"https:\/\/rp-online.de\/thema\/duesseldorf\/\" target=\"_blank\" rel=\"noopener\">D\u00fcsseldorf<\/a> sollen am 3. und 4. Juli stattfinden. In der Merkur-Spiel-Arena, dem Stadion von <a href=\"https:\/\/rp-online.de\/thema\/fortuna-duesseldorf\/\" target=\"_blank\" rel=\"noopener\">Fortuna D\u00fcsseldorf,<\/a> planen die Toten Hosen nach aktuellem Stand zwei Shows.<\/p>\n<p>In welchen St\u00e4dten finden noch Konzerte statt?      <\/p>\n<p class=\"richtext text-em-55 !leading-serif mx-6 desktop:mx-0\">Neben D\u00fcsseldorf sind in NRW auch Shows in K\u00f6ln (18. Juli) und ein Konzert am 5. September in Minden geplant. Und auch in anderen deutschen St\u00e4dten wie Frankfurt (27. Juni), M\u00fcnchen (8. Juli), <a href=\"https:\/\/rp-online.de\/thema\/berlin\/\" target=\"_blank\" rel=\"noopener\">Berlin<\/a> (11. Juli), Freiburg (25. Juli), <a href=\"https:\/\/rp-online.de\/thema\/bremen\/\" target=\"_blank\" rel=\"noopener\">Bremen<\/a> (14. August), Hannover (15. August), Nohfelden (22. August), <a href=\"https:\/\/rp-online.de\/thema\/hamburg\/\" target=\"_blank\" rel=\"noopener\">Hamburg<\/a> (27. August) und Dresden (29. August) will die Band im n\u00e4chsten Jahr auftreten.<\/p>\n<p>Wie komme ich an die Karten?      <\/p>\n<p class=\"richtext text-em-55 !leading-serif mx-6 desktop:mx-0\">Der Ticketverkauf startet am Mittwochabend, 14. Mai um 18 Uhr. Die Karten sind exklusiv \u00fcber die <a href=\"http:\/\/www.dth.de\/\" target=\"_blank\" rel=\"noopener\">Internetseite der Toten Hosen<\/a> erh\u00e4ltlich. Wer noch kein Kundenkonto f\u00fcr den Shop der Toten Hosen hat, sollte sich im Vorhinein schon einmal eins anlegen, damit es am Mittwoch schneller geht. F\u00fcr die Registrierung braucht es unter anderem eine g\u00fcltige E-Mail-Adresse.<\/p>\n<p class=\"richtext text-em-55 !leading-serif mx-6 desktop:mx-0\">Die Band warnt davor, Karten \u00fcber H\u00e4ndler wie Viagogo, Ticketbande oder Ebay zu kaufen. Es k\u00f6nnte sich um F\u00e4lschungen handeln. Der regul\u00e4re Verkauf \u00fcber Anbieter wie Eventim startet erst einen Monat sp\u00e4ter, am 11. Juni.<\/p>\n<p>Gibt es g\u00fcnstigere Tickets?      <\/p>\n<p class=\"richtext text-em-55 !leading-serif mx-6 desktop:mx-0\">Neben den regul\u00e4ren Eintrittskarten soll es laut Angaben der Band auch ein begrenztes Kontingent an verg\u00fcnstigten Tickets geben \u2013 den sogenannten Sozialtickets. Diese kosten 19,90 Euro (Schweiz 25 CHF). Ein <a href=\"https:\/\/rp-online.de\/thema\/sozialticket\/\" target=\"_blank\" rel=\"noopener\">Sozialticket<\/a> kann jeder kaufen, der \u00fcber einen entsprechenden Leistungsnachweis verf\u00fcgt. Die genauen Anforderungen sind von Stadt zu Stadt unterschiedlich, eine ausf\u00fchrliche \u00dcbersicht gibt es <a href=\"https:\/\/shop.dietotenhosen.de\/index.php\/shop.StaticPage\/sozialticket_faqs#faq110\" target=\"_blank\" rel=\"noopener\">online<\/a>.<\/p>\n<p class=\"richtext text-em-55 !leading-serif mx-6 desktop:mx-0\">In D\u00fcsseldorf braucht es f\u00fcr ein Sozialticket den sogenannten D\u00fcsselpass. Ein Foto oder Scan des Nachweises muss w\u00e4hrend des Bestellprozesses hochgeladen werden.<\/p>\n<p>Welche Bezahlmethoden werden akzeptiert?      <\/p>\n<p class=\"richtext text-em-55 !leading-serif mx-6 desktop:mx-0\">Die Tickets k\u00f6nnen per Vorauskasse, Kreditkarte, SEPA Lastschrift, Google Pay und Apple Pay bezahlt werden. Eine Kauf per PayPal geht nicht.<\/p>\n<p>Handelt es sich wirklich um eine Abschiedstour?      <\/p>\n<p class=\"richtext text-em-55 !leading-serif mx-6 desktop:mx-0\">Der Name der Tour \u201eTrink aus! Wir m\u00fcssen gehen\u201c sowie ein Video auf Instagram, in dem Frontmann Campino die Konzerte mit dem gleichen Satz ank\u00fcndigt, legen das nahe. In einem aktuellen Post schrieb die Band au\u00dferdem am Montag: \u201eWir wissen, dass wir mit unserer Karriere auf der Zielgeraden sind.\u201c Jede Reise m\u00fcsse irgendwann ein Ende haben. Deshalb wolle man noch einmal \u201emit alten und neuen Liedern\u201c losziehen, hei\u00dft es in dem Post \u2013 und jeden Abend so spielen, als w\u00e4re es der letzte.<\/p>\n<p class=\"richtext text-em-55 !leading-serif mx-6 desktop:mx-0\">In den Kommentarspalten auf den sozialen Medien \u00e4u\u00dferten sich viele Fans besorgt. Allerdings wurde das Motto einer Abschiedstournee in der Vergangenheit auch bereits von anderen Bands genutzt, um m\u00f6glichst viele Fans zu motivieren. Gegen einen endg\u00fcltigen Abschied spricht auch, dass das letzte Konzert der Tour in <a href=\"https:\/\/rp-online.de\/thema\/wien\/\" target=\"_blank\" rel=\"noopener\">Wien<\/a> geplant ist. Ein wirkliches Ende verlangt wohl doch eher nach einem Heimspiel.<\/p>\n","protected":false},"excerpt":{"rendered":"Im f\u00fcnften Jahrzehnt nach ihrer Gr\u00fcndung ist es noch einmal so weit. Die Toten Hosen gehen 2026 auf&hellip;\n","protected":false},"author":2,"featured_media":105188,"comment_status":"","ping_status":"","sticky":false,"template":"","format":"standard","meta":{"footnotes":""},"categories":[1831],"tags":[41588,41589,41591,41585,41584,6329,3364,29,41587,3405,30,4404,10523,1310,2315,1209,41590,41586,1406,22208,4405,2884,843],"class_list":{"0":"post-105187","1":"post","2":"type-post","3":"status-publish","4":"format-standard","5":"has-post-thumbnail","7":"category-duesseldorf","8":"tag-20hosen","9":"tag-20toten","10":"tag-abschiedstour","11":"tag-abschiedstournee","12":"tag-antworten","13":"tag-band","14":"tag-de","15":"tag-deutschland","16":"tag-dietotenhosen","17":"tag-duesseldorf","18":"tag-germany","19":"tag-hosen","20":"tag-kauf","21":"tag-konzert","22":"tag-konzerte","23":"tag-nordrhein-westfalen","24":"tag-sozialtickets","25":"tag-ticketbande","26":"tag-tickets","27":"tag-ticketverkauf","28":"tag-toten","29":"tag-tour","30":"tag-verkauf"},"share_on_mastodon":{"url":"https:\/\/pubeurope.com\/@de\/114495907866810349","error":""},"_links":{"self":[{"href":"https:\/\/www.europesays.com\/de\/wp-json\/wp\/v2\/posts\/105187","targetHints":{"allow":["GET"]}}],"collection":[{"href":"https:\/\/www.europesays.com\/de\/wp-json\/wp\/v2\/posts"}],"about":[{"href":"https:\/\/www.europesays.com\/de\/wp-json\/wp\/v2\/types\/post"}],"author":[{"embeddable":true,"href":"https:\/\/www.europesays.com\/de\/wp-json\/wp\/v2\/users\/2"}],"replies":[{"embeddable":true,"href":"https:\/\/www.europesays.com\/de\/wp-json\/wp\/v2\/comments?post=105187"}],"version-history":[{"count":0,"href":"https:\/\/www.europesays.com\/de\/wp-json\/wp\/v2\/posts\/105187\/revisions"}],"wp:featuredmedia":[{"embeddable":true,"href":"https:\/\/www.europesays.com\/de\/wp-json\/wp\/v2\/media\/105188"}],"wp:attachment":[{"href":"https:\/\/www.europesays.com\/de\/wp-json\/wp\/v2\/media?parent=105187"}],"wp:term":[{"taxonomy":"category","embeddable":true,"href":"https:\/\/www.europesays.com\/de\/wp-json\/wp\/v2\/categories?post=105187"},{"taxonomy":"post_tag","embeddable":true,"href":"https:\/\/www.europesays.com\/de\/wp-json\/wp\/v2\/tags?post=105187"}],"curies":[{"name":"wp","href":"https:\/\/api.w.org\/{rel}","templated":true}]}}