{"id":1052041,"date":"2026-05-28T09:58:17","date_gmt":"2026-05-28T09:58:17","guid":{"rendered":"https:\/\/www.europesays.com\/de\/1052041\/"},"modified":"2026-05-28T09:58:17","modified_gmt":"2026-05-28T09:58:17","slug":"die-harry-kane-aus-duesseldorf-anika-vossen-trifft-beim-spg-oberland-in-oesterreich-nach-belieben","status":"publish","type":"post","link":"https:\/\/www.europesays.com\/de\/1052041\/","title":{"rendered":"Die \u201eHarry Kane aus D\u00fcsseldorf\u201c: Anika Vossen trifft beim SPG Oberland in \u00d6sterreich nach Belieben."},"content":{"rendered":"<p class=\"text_ohne_einzug richtext text-em-55 !leading-serif mx-6 desktop:mx-0\">Was macht Harry Kane so unvergleichlich effektiv? F\u00fcr den Sportpsychologen <a href=\"https:\/\/sportbusinessmagazin.com\/?s=wolfgang+seidl\" target=\"_blank\" rel=\"nofollow noopener\">Wolfgang Seidl<\/a> liegt die Antwort nahe: \u201eWas ihn auszeichnet, ist seine emotionale Stabilit\u00e4t und seine Klarheit im jeweiligen Moment. W\u00e4hrend viele Spieler in emotionalen Extremen schwanken, wirkt der Engl\u00e4nder bemerkenswert stabil.\u201c Diese emotionale Robustheit sei ein zentrales Merkmal von Ausnahmespielern, sagt der Mentalcoach.<\/p>\n","protected":false},"excerpt":{"rendered":"Was macht Harry Kane so unvergleichlich effektiv? F\u00fcr den Sportpsychologen Wolfgang Seidl liegt die Antwort nahe: \u201eWas ihn&hellip;\n","protected":false},"author":2,"featured_media":1052042,"comment_status":"","ping_status":"","sticky":false,"template":"","format":"standard","meta":{"footnotes":"","_share_on_mastodon":"0"},"categories":[1831],"tags":[224910,224913,3364,29,3405,69762,215541,1574,30,11709,224912,1209,9603,21903,112315,224911],"class_list":["post-1052041","post","type-post","status-publish","format-standard","has-post-thumbnail","category-duesseldorf","tag-anika","tag-auszeichnet","tag-de","tag-deutschland","tag-duesseldorf","tag-duesseldorferin","tag-emotionale","tag-ferrari","tag-germany","tag-harry-kane","tag-jammern","tag-nordrhein-westfalen","tag-sachen","tag-tore","tag-toreschiessen","tag-vossen"],"share_on_mastodon":{"url":"https:\/\/pubeurope.com\/@de\/116651616435245678","error":""},"_links":{"self":[{"href":"https:\/\/www.europesays.com\/de\/wp-json\/wp\/v2\/posts\/1052041","targetHints":{"allow":["GET"]}}],"collection":[{"href":"https:\/\/www.europesays.com\/de\/wp-json\/wp\/v2\/posts"}],"about":[{"href":"https:\/\/www.europesays.com\/de\/wp-json\/wp\/v2\/types\/post"}],"author":[{"embeddable":true,"href":"https:\/\/www.europesays.com\/de\/wp-json\/wp\/v2\/users\/2"}],"replies":[{"embeddable":true,"href":"https:\/\/www.europesays.com\/de\/wp-json\/wp\/v2\/comments?post=1052041"}],"version-history":[{"count":0,"href":"https:\/\/www.europesays.com\/de\/wp-json\/wp\/v2\/posts\/1052041\/revisions"}],"wp:featuredmedia":[{"embeddable":true,"href":"https:\/\/www.europesays.com\/de\/wp-json\/wp\/v2\/media\/1052042"}],"wp:attachment":[{"href":"https:\/\/www.europesays.com\/de\/wp-json\/wp\/v2\/media?parent=1052041"}],"wp:term":[{"taxonomy":"category","embeddable":true,"href":"https:\/\/www.europesays.com\/de\/wp-json\/wp\/v2\/categories?post=1052041"},{"taxonomy":"post_tag","embeddable":true,"href":"https:\/\/www.europesays.com\/de\/wp-json\/wp\/v2\/tags?post=1052041"}],"curies":[{"name":"wp","href":"https:\/\/api.w.org\/{rel}","templated":true}]}}