{"id":1052191,"date":"2026-05-28T11:27:20","date_gmt":"2026-05-28T11:27:20","guid":{"rendered":"https:\/\/www.europesays.com\/de\/1052191\/"},"modified":"2026-05-28T11:27:20","modified_gmt":"2026-05-28T11:27:20","slug":"der-1-fc-koeln-verpflichtet-beke-sterner","status":"publish","type":"post","link":"https:\/\/www.europesays.com\/de\/1052191\/","title":{"rendered":"Der 1. FC K\u00f6ln verpflichtet Beke Sterner"},"content":{"rendered":"<p>Nach der abgeschlossenen Rekord-Saison arbeiten die Fu\u00dfballerinnen der Gei\u00dfb\u00f6cke weiter mit Hochdruck an dem Kader f\u00fcr die kommende Spielzeit: Der 1. FC K\u00f6ln verpflichtet Beke Sterner. Die 23-J\u00e4hrige hat bis 2029 unterschrieben.<\/p>\n<p>Bei den Frauen des 1. FC K\u00f6ln zeichnet sich immer mehr der Kader f\u00fcr die kommende Spielzeit ab. Nach den zahlreichen Vertragsverl\u00e4ngerungen noch w\u00e4hrend der Saison gibt es nun bereits die zweite Neuverpflichtung. Beke Sterner verst\u00e4rkt den FC.<\/p>\n<p><a href=\"https:\/\/www.europesays.com\/de\/wp-content\/uploads\/2026\/05\/beke-sterner-essen.webp\"><img loading=\"lazy\" decoding=\"async\" width=\"1600\" height=\"1199\" data-id=\"77725\" src=\"https:\/\/www.europesays.com\/de\/wp-content\/uploads\/2026\/05\/beke-sterner-essen.webp\" alt=\"Beke Sterner wird in der kommenden Saison f\u00fcr den FC auflaufen\" class=\"wp-image-77725\"  \/><\/a>Beke Sterner unterschreibt beim 1. FC K\u00f6ln (Foto: Christof Koepsel\/Getty Images for DFB) <img loading=\"lazy\" decoding=\"async\" src=\"https:\/\/www.europesays.com\/de\/wp-content\/uploads\/2026\/05\/2f3f05bfb4ea4e80ad43a9f492339886.gif\" width=\"1\" height=\"1\" alt=\"\"\/>Teil\u2019 diesen Beitrag mit deinen Freunden:<\/p>\n<p>Nur wenige Tage nach der Verpflichtung von Elise Stenevik hat der FC am Donnerstag die n\u00e4chste Neuverpflichtung bei den Frauen bekannt gegeben. Die Gei\u00dfb\u00f6cke erhalten eine neue Rechtsverteidigerin. Beke Sterner wechselt von der SGS Essen an den Rhein. \u201eBeke Sterner bringt trotz ihres jungen Alters bereits viel Erfahrung aus der Bundesliga mit\u201c, sagt Nicole Bender-Rummler, Direktorin Frauen- und M\u00e4dchenfu\u00dfball. Seit November 2020 spielt die 23-J\u00e4hrige im Kader der 1. Mannschaft der SGS Essen. Mittlerweile kommt die Defensivspielerin auf 108 Eins\u00e4tze in der h\u00f6chsten deutschen Spielklasse. \u201eIhre enorme Einsatzbereitschaft und ihr Wille, jeden Zweikampf f\u00fcr sich zu entscheiden, zeichnen sie besonders aus. Dar\u00fcber hinaus wird sie mit ihrer offenen und positiven Art auch menschlich eine gro\u00dfe Bereicherung f\u00fcr unser Team sein\u201c, so Bender-Rummler weiter. \u00a0<\/p>\n<p>\u201eIch bin sehr gespannt auf die Fans\u201c<\/p>\n<p>Ihre Karriere begann beim TSV Friedrichsberg-Busdorf. \u00dcber den SC Weiche Flensburg 08 wechselte sie anschlie\u00dfend im Sommer 2019 in die Jugendabteilung der SGS Essen. Auch in diversen Nachwuchs-Nationalmannschaften war die Abwehrspielerin bereits im Einsatz. Nun folgt die n\u00e4chste Station in K\u00f6ln. \u201eDie Menschen hier leben f\u00fcr den FC und f\u00fcr die Stadt. Der Frauenfu\u00dfball hat sich beim FC in den vergangenen Jahren enorm entwickelt und ich freue mich darauf, ab jetzt ein Teil davon zu sein und das miterleben zu d\u00fcrfen\u201c, sagt Sterner. \u201eDer FC ist ein sehr famili\u00e4rer Club und ich bin sehr gespannt auf die Fans, die Stadt und die Heimspiele, besonders nat\u00fcrlich das n\u00e4chste Highlightspiel im gro\u00dfen Stadion.\u201c\u00a0Die K\u00f6lnerinnen haben bereits w\u00e4hrend der Spielzeit zahlreiche Vertr\u00e4ge ihrer Spielerinnen verl\u00e4ngert. Nun folgt die zweite externe Neuverpflichtung.<\/p>\n","protected":false},"excerpt":{"rendered":"Nach der abgeschlossenen Rekord-Saison arbeiten die Fu\u00dfballerinnen der Gei\u00dfb\u00f6cke weiter mit Hochdruck an dem Kader f\u00fcr die kommende&hellip;\n","protected":false},"author":2,"featured_media":1052192,"comment_status":"","ping_status":"","sticky":false,"template":"","format":"standard","meta":{"footnotes":"","_share_on_mastodon":"0"},"categories":[1828],"tags":[623,224940,192130,224941,30908,30909,224942,29,25655,7579,25656,30,1420,1209],"class_list":["post-1052191","post","type-post","status-publish","format-standard","has-post-thumbnail","category-koeln","tag-1-fc-koeln","tag-1-fc-koeln-beke-sterner","tag-1-fc-koeln-frauen","tag-1-fc-koeln-gegen-jena","tag-1-fc-koeln-nachrichten","tag-1-fc-koeln-news","tag-beke-sterner","tag-deutschland","tag-effzeh","tag-fc","tag-fc-koeln","tag-germany","tag-koeln","tag-nordrhein-westfalen"],"share_on_mastodon":{"url":"https:\/\/pubeurope.com\/@de\/116651967716667759","error":""},"_links":{"self":[{"href":"https:\/\/www.europesays.com\/de\/wp-json\/wp\/v2\/posts\/1052191","targetHints":{"allow":["GET"]}}],"collection":[{"href":"https:\/\/www.europesays.com\/de\/wp-json\/wp\/v2\/posts"}],"about":[{"href":"https:\/\/www.europesays.com\/de\/wp-json\/wp\/v2\/types\/post"}],"author":[{"embeddable":true,"href":"https:\/\/www.europesays.com\/de\/wp-json\/wp\/v2\/users\/2"}],"replies":[{"embeddable":true,"href":"https:\/\/www.europesays.com\/de\/wp-json\/wp\/v2\/comments?post=1052191"}],"version-history":[{"count":0,"href":"https:\/\/www.europesays.com\/de\/wp-json\/wp\/v2\/posts\/1052191\/revisions"}],"wp:featuredmedia":[{"embeddable":true,"href":"https:\/\/www.europesays.com\/de\/wp-json\/wp\/v2\/media\/1052192"}],"wp:attachment":[{"href":"https:\/\/www.europesays.com\/de\/wp-json\/wp\/v2\/media?parent=1052191"}],"wp:term":[{"taxonomy":"category","embeddable":true,"href":"https:\/\/www.europesays.com\/de\/wp-json\/wp\/v2\/categories?post=1052191"},{"taxonomy":"post_tag","embeddable":true,"href":"https:\/\/www.europesays.com\/de\/wp-json\/wp\/v2\/tags?post=1052191"}],"curies":[{"name":"wp","href":"https:\/\/api.w.org\/{rel}","templated":true}]}}