{"id":1052362,"date":"2026-05-28T13:07:17","date_gmt":"2026-05-28T13:07:17","guid":{"rendered":"https:\/\/www.europesays.com\/de\/1052362\/"},"modified":"2026-05-28T13:07:17","modified_gmt":"2026-05-28T13:07:17","slug":"ex-rapper-brado-uebt-schwere-kritik-an-der-deutschrap-szene","status":"publish","type":"post","link":"https:\/\/www.europesays.com\/de\/1052362\/","title":{"rendered":"Ex-Rapper Brado \u00fcbt schwere Kritik an der Deutschrap-Szene"},"content":{"rendered":"<p>In den Kommentaren des Videos sind die Reaktionen gemischt. So meint ein User, dass Brados negative Einstellung seiner gescheiterten Karriere geschuldet sei. Andere werfen ihm vor, er w\u00fcrde seit Jahren nur \u00fcber die gleichen Themen sprechen. Gerade letztere Kritik scheint bei Brado auf Unverst\u00e4ndnis zu sto\u00dfen. In einem Antwortvideo meint er, dass Rapper doch seit Jahren \u00fcber die gleichen Themen Musik machen w\u00fcrden. Darunter &#8222;Drogen, Frauen und Gewalt.&#8220;<\/p>\n<p>2023: Brado k\u00fcndigt sein Karrierende an<\/p>\n<p>Brado war vor allem durch die Zusammenarbeit mit seinem Kindheitsfreund\u00a0<a href=\"https:\/\/hiphop.de\/mero\" rel=\" noopener nofollow\" target=\"_blank\">Mero<\/a>\u00a0bekannt. Der R\u00fcsselsheimer gab im M\u00e4rz 2023, nach einer etwas holprigen Karriere, bekannt, dass er sich aus der Szene zur\u00fcckziehen wolle. So gewann die Religion in seinem Leben einen immer h\u00f6heren Stellenwert \u2013 was mit Rap nicht zusammengepasst h\u00e4tte.\u00a0Die Musik sei der Gebetsruf des Teufels und\u00a0&#8222;Rapper und Musiker sind die Feinde von Allah,&#8220; erkl\u00e4rte er damals.<\/p>\n<p>Au\u00dferdem sei seine Karriere mehr als schwierig gewesen.\u00a0Alles, was er angefasst habe, sei schnell in die Br\u00fcche gegangen. Schon vor drei Jahren schien Brados Bild der Szene sehr negativ gepr\u00e4gt zu sein. So erkl\u00e4rte er in einem Livestream, froh zu sein, dass es mit der Musikkarriere nicht geklappt hat.<\/p>\n<p><strong>Mehr dazu hier:<\/strong><\/p>\n","protected":false},"excerpt":{"rendered":"In den Kommentaren des Videos sind die Reaktionen gemischt. So meint ein User, dass Brados negative Einstellung seiner&hellip;\n","protected":false},"author":2,"featured_media":1052363,"comment_status":"","ping_status":"","sticky":false,"template":"","format":"standard","meta":{"footnotes":"","_share_on_mastodon":"0"},"categories":[1772],"tags":[224987,29,2131,214,30,1710,3198,1779,810,15,2138,379,215,39321],"class_list":["post-1052362","post","type-post","status-publish","format-standard","has-post-thumbnail","category-musik","tag-brado","tag-deutschland","tag-deutschrap","tag-entertainment","tag-germany","tag-karriere","tag-karriereende","tag-music","tag-musik","tag-news","tag-rap","tag-rente","tag-unterhaltung","tag-xatar"],"share_on_mastodon":{"url":"https:\/\/pubeurope.com\/@de\/116652359634038994","error":""},"_links":{"self":[{"href":"https:\/\/www.europesays.com\/de\/wp-json\/wp\/v2\/posts\/1052362","targetHints":{"allow":["GET"]}}],"collection":[{"href":"https:\/\/www.europesays.com\/de\/wp-json\/wp\/v2\/posts"}],"about":[{"href":"https:\/\/www.europesays.com\/de\/wp-json\/wp\/v2\/types\/post"}],"author":[{"embeddable":true,"href":"https:\/\/www.europesays.com\/de\/wp-json\/wp\/v2\/users\/2"}],"replies":[{"embeddable":true,"href":"https:\/\/www.europesays.com\/de\/wp-json\/wp\/v2\/comments?post=1052362"}],"version-history":[{"count":0,"href":"https:\/\/www.europesays.com\/de\/wp-json\/wp\/v2\/posts\/1052362\/revisions"}],"wp:featuredmedia":[{"embeddable":true,"href":"https:\/\/www.europesays.com\/de\/wp-json\/wp\/v2\/media\/1052363"}],"wp:attachment":[{"href":"https:\/\/www.europesays.com\/de\/wp-json\/wp\/v2\/media?parent=1052362"}],"wp:term":[{"taxonomy":"category","embeddable":true,"href":"https:\/\/www.europesays.com\/de\/wp-json\/wp\/v2\/categories?post=1052362"},{"taxonomy":"post_tag","embeddable":true,"href":"https:\/\/www.europesays.com\/de\/wp-json\/wp\/v2\/tags?post=1052362"}],"curies":[{"name":"wp","href":"https:\/\/api.w.org\/{rel}","templated":true}]}}