{"id":1052449,"date":"2026-05-28T14:02:21","date_gmt":"2026-05-28T14:02:21","guid":{"rendered":"https:\/\/www.europesays.com\/de\/1052449\/"},"modified":"2026-05-28T14:02:21","modified_gmt":"2026-05-28T14:02:21","slug":"dresden-haftbefehl-nach-messerattacke-auf-opferfest","status":"publish","type":"post","link":"https:\/\/www.europesays.com\/de\/1052449\/","title":{"rendered":"Dresden: Haftbefehl nach Messerattacke auf Opferfest"},"content":{"rendered":"<p>Hintergr\u00fcnde weiter unklar <\/p>\n<p>Messerattacke auf Opferfest \u2013 Haftbefehl gegen Mann<\/p>\n<p>28.05.2026 &#8211; 15:49 UhrLesedauer: 1 Min.<\/p>\n<p><a href=\"#focus-0\" class=\"transition-colors duration-200 block text-current relative\" data-sctrack=\"FocusGalleryImage.Reference\"><img fetchpriority=\"high\" data-testid=\"Opener.Image\"   loading=\"eager\" src=\"https:\/\/www.europesays.com\/de\/wp-content\/uploads\/2026\/05\/bei-einem-messerangriff-sind-am-mittwochmorgen-zwei-maenner-verletzt-worden.jpg\" alt=\"Bei einem Messerangriff sind am Mittwochmorgen zwei M\u00e4nner verletzt worden:\" title=\"Bei einem Messerangriff sind am Mittwochmorgen zwei M\u00e4nner verletzt worden:\" width=\"4000\" height=\"2250\" class=\"bg-[url:var(--lqipURL)] bg-cover bg-center flex h-full w-full max-w-full\" style=\"--lqipURL:url('https:\/\/images.t-online.de\/2026\/05\/xpS1PTxH7IdE\/0x231:4000x2250\/fit-in\/150x0\/filters:blur(25)\/bei-einem-messerangriff-sind-am-mittwochmorgen-zwei-maenner-verletzt-worden.jpg')\" decoding=\"async\"\/><img loading=\"lazy\" src=\"https:\/\/dresden.t-online.de\/s\/paper\/_next\/static\/media\/zoom-in.f7dae02f.svg\" alt=\"Vergr\u00f6\u00dfern des Bildes\" title=\"Vergr\u00f6\u00dfern des Bildes\" class=\"block h-[calc(var(--height)_\/_16_*_1rem)] w-[calc(var(--width)_\/_16_*_1rem)] max-w-none absolute bottom-8 right-8 rounded-4 bg-snow p-8\" style=\"--width:32;--height:32\" decoding=\"async\"\/><\/a><\/p>\n<p>Eine Polizisten sperrt einen Bereich ab: In Dresden kam es zu einem Messerangriff. (Quelle: xcitepress\/Lucas Friedenhain)<\/p>\n<p><img loading=\"lazy\" src=\"https:\/\/dresden.t-online.de\/s\/paper\/_next\/static\/media\/audio-volume.6689034c.svg\" alt=\"\" title=\"\" class=\"block h-[calc(var(--height)_\/_16_*_1rem)] w-[calc(var(--width)_\/_16_*_1rem)] max-w-none group-hover:brightness-0 group-hover:invert\" style=\"--width:16;--height:16\" decoding=\"async\"\/>Vorlesen<\/p>\n<p>Aktuelle Zeit:0:00Gesamtdauer:0:00<\/p>\n<p>1x<\/p>\n<p class=\"text-center\">Jetzt neu bei t-online:<\/p>\n<p class=\"text-center\">Schriftgr\u00f6\u00dfe anpassen!<\/p>\n<p><img loading=\"lazy\" src=\"https:\/\/dresden.t-online.de\/s\/paper\/_next\/static\/media\/font-sizes.32942e33.svg\" alt=\"\" title=\"\" class=\"block h-[calc(var(--height)_\/_16_*_1rem)] w-[calc(var(--width)_\/_16_*_1rem)] max-w-none group-hover:hidden group-aria-expanded:hidden\" style=\"--width:16;--height:16\" decoding=\"async\"\/><img loading=\"lazy\" src=\"https:\/\/dresden.t-online.de\/s\/paper\/_next\/static\/media\/font-sizes-dark-mode.e382645c.svg\" alt=\"\" title=\"\" class=\"block h-[calc(var(--height)_\/_16_*_1rem)] w-[calc(var(--width)_\/_16_*_1rem)] max-w-none hidden group-hover:block group-aria-expanded:block\" style=\"--width:16;--height:16\" decoding=\"async\"\/><img loading=\"lazy\" src=\"https:\/\/dresden.t-online.de\/s\/paper\/_next\/static\/media\/sharing-menu-icon.1eb71368.svg\" alt=\"\" title=\"\" class=\"block h-[calc(var(--height)_\/_16_*_1rem)] w-[calc(var(--width)_\/_16_*_1rem)] max-w-none group-hover:brightness-0 group-hover:invert\" style=\"--width:16;--height:16\" decoding=\"async\"\/>Artikel teilen<\/p>\n<p class=\"font-bold text-18 leading-17 user-text-lg:text-22 user-text-xl:text-24\">In Dresden greift ein Mann einen anderen Mann mutma\u00dflich mit einem Messer an. Die Polizei nimmt den 36-J\u00e4hrigen fest. Nun entscheidet ein Ermittlungsrichter, wie es weitergeht.<\/p>\n<p class=\"text-18 leading-17 user-text-lg:text-22 user-text-xl:text-24\">Die Staatsanwaltschaft Dresden hat nach einer Messerattacke Haftbefehl gegen einen 36-J\u00e4hrigen erlassen. Die Beh\u00f6rde wirft ihm versuchten Totschlag sowie gef\u00e4hrliche K\u00f6rperverletzung vor.<\/p>\n<p class=\"text-18 leading-17 user-text-lg:text-22 user-text-xl:text-24\"><a class=\"transition-colors duration-200 cursor-pointer text-inherit no-underline text-salemsfur md:hover:text-magenta md:hover:border-magenta md:focus:text-magenta border-current border-b border-solid break-words\" data-tracking=\"{&quot;action&quot;:&quot;click&quot;,&quot;category&quot;:&quot;intextLink&quot;,&quot;label&quot;:&quot;\/region\/dresden\/id_101271136\/dresden-messerstreit-am-grossen-garten-zwei-maenner-im-krankenhaus.html&quot;}\" href=\"https:\/\/dresden.t-online.de\/region\/dresden\/id_101271136\/dresden-messerstreit-am-grossen-garten-zwei-maenner-im-krankenhaus.html\" data-sctrack=\"BodyAnchor\" rel=\"nofollow noopener\" target=\"_blank\">Der Mann soll am Mittwoch einen 29-J\u00e4hrigen am Gro\u00dfen Garten angegriffen und verletzt haben.<\/a> Der Beschuldigte aus Afghanistan befand sich zum Zeitpunkt des Angriffs gegen 9.20 Uhr laut Staatsanwaltschaft mit vielen anderen Muslimen an der Stra\u00dfenbahnhaltestelle Lenn\u00e9platz in der N\u00e4he der Cockerwiese. Dort wurde demnach das Opferfest gefeiert. In diesem Rahmen soll er zuf\u00e4llig den ihm bekannten 29-J\u00e4hrigen, ebenfalls ein Mann aus Afghanistan, getroffen haben.<\/p>\n<p>Staatsanwaltschaft: Mann handelte in T\u00f6tungsabsicht<\/p>\n<p class=\"text-18 leading-17 user-text-lg:text-22 user-text-xl:text-24\">Er soll den 29-J\u00e4hrigen mit einem Messer angegriffen und ihm Verletzungen am Hals und am Bauch zugef\u00fcgt haben. Dabei soll der mutma\u00dfliche Angreifer mit T\u00f6tungsabsicht gehandelt haben. Der 29-J\u00e4hrige \u00fcberlebte den Angriff den Angaben zufolge und musste station\u00e4r im Krankenhaus behandelt werden.<\/p>\n<p class=\"text-18 leading-17 user-text-lg:text-22 user-text-xl:text-24\">An der Haltestelle waren nach der Attacke deutliche Blutspuren zu sehen. Kriminaltechniker sicherten Spuren und suchten unter anderem in M\u00fclleimern nach der Tatwaffe. Eine Gefahr f\u00fcr die Bev\u00f6lkerung bestand nicht.<\/p>\n<p class=\"text-18 leading-17 user-text-lg:text-22 user-text-xl:text-24\">Die Polizei konnte den 36-J\u00e4hrigen vorl\u00e4ufig festnehmen. Er erlitt demnach leichte Verletzungen. Mit dem Haftbefehl der Staatsanwaltschaft soll er noch am Donnerstag einem Ermittlungsrichter am <a class=\"transition-colors duration-200 cursor-pointer text-inherit no-underline text-salemsfur md:hover:text-magenta md:hover:border-magenta md:focus:text-magenta border-current border-b border-solid break-words\" data-tracking=\"{&quot;action&quot;:&quot;click&quot;,&quot;category&quot;:&quot;intextLink&quot;,&quot;label&quot;:&quot;https:\/\/www.t-online.de\/themen\/amtsgericht-dresden\/&quot;}\" href=\"https:\/\/www.t-online.de\/themen\/amtsgericht-dresden\/\" data-sctrack=\"BodyAnchor\" rel=\"nofollow noopener\" target=\"_blank\">Amtsgericht Dresden<\/a> vorgef\u00fchrt werden. Der Mann ist laut Beh\u00f6rde nicht vorbestraft und hat keine Angaben zu dem Vorfall gemacht. Die Ermittlungen der Attacke \u2013 auch zu den Hintergr\u00fcnden \u2013 dauern den Angaben zufolge an.<\/p>\n","protected":false},"excerpt":{"rendered":"Hintergr\u00fcnde weiter unklar Messerattacke auf Opferfest \u2013 Haftbefehl gegen Mann 28.05.2026 &#8211; 15:49 UhrLesedauer: 1 Min. Eine Polizisten&hellip;\n","protected":false},"author":2,"featured_media":1052450,"comment_status":"","ping_status":"","sticky":false,"template":"","format":"standard","meta":{"footnotes":"","_share_on_mastodon":"0"},"categories":[1835],"tags":[7451,3364,29,2386,30,503,682,1981,2841,2842,225006,121,859,1997,43707,226],"class_list":["post-1052449","post","type-post","status-publish","format-standard","has-post-thumbnail","category-dresden","tag-afghanistan","tag-de","tag-deutschland","tag-dresden","tag-germany","tag-haftbefehl","tag-koerperverletzung","tag-messer","tag-messerangriff","tag-messerattacke","tag-opferfest","tag-polizei","tag-sachsen","tag-staatsanwaltschaft","tag-staatsanwaltschaft-dresden","tag-t-online"],"share_on_mastodon":{"url":"https:\/\/pubeurope.com\/@de\/116652577542893730","error":""},"_links":{"self":[{"href":"https:\/\/www.europesays.com\/de\/wp-json\/wp\/v2\/posts\/1052449","targetHints":{"allow":["GET"]}}],"collection":[{"href":"https:\/\/www.europesays.com\/de\/wp-json\/wp\/v2\/posts"}],"about":[{"href":"https:\/\/www.europesays.com\/de\/wp-json\/wp\/v2\/types\/post"}],"author":[{"embeddable":true,"href":"https:\/\/www.europesays.com\/de\/wp-json\/wp\/v2\/users\/2"}],"replies":[{"embeddable":true,"href":"https:\/\/www.europesays.com\/de\/wp-json\/wp\/v2\/comments?post=1052449"}],"version-history":[{"count":0,"href":"https:\/\/www.europesays.com\/de\/wp-json\/wp\/v2\/posts\/1052449\/revisions"}],"wp:featuredmedia":[{"embeddable":true,"href":"https:\/\/www.europesays.com\/de\/wp-json\/wp\/v2\/media\/1052450"}],"wp:attachment":[{"href":"https:\/\/www.europesays.com\/de\/wp-json\/wp\/v2\/media?parent=1052449"}],"wp:term":[{"taxonomy":"category","embeddable":true,"href":"https:\/\/www.europesays.com\/de\/wp-json\/wp\/v2\/categories?post=1052449"},{"taxonomy":"post_tag","embeddable":true,"href":"https:\/\/www.europesays.com\/de\/wp-json\/wp\/v2\/tags?post=1052449"}],"curies":[{"name":"wp","href":"https:\/\/api.w.org\/{rel}","templated":true}]}}