{"id":1052498,"date":"2026-05-28T14:27:19","date_gmt":"2026-05-28T14:27:19","guid":{"rendered":"https:\/\/www.europesays.com\/de\/1052498\/"},"modified":"2026-05-28T14:27:19","modified_gmt":"2026-05-28T14:27:19","slug":"berlin-riesen-polizeieinsatz-wegen-verdaechtiger-person-regional","status":"publish","type":"post","link":"https:\/\/www.europesays.com\/de\/1052498\/","title":{"rendered":"Berlin: Riesen-Polizeieinsatz wegen verd\u00e4chtiger Person | Regional"},"content":{"rendered":"<p><a class=\"skip-content skip-content--link\" href=\"#in-content-skip-link-target-v-0-0\">TTS-Player \u00fcberspringen\u21b5<\/a><a id=\"in-content-skip-link-target-v-0-0\" class=\"skip-content--target-link-hidden skip-content skip-content--target-link\" href=\"#in-content-skip-link-target-v-0-0\">Artikel weiterlesen<\/a><\/p>\n<p data-780e759e=\"0-582\">Berlin \u2013\u00a0<b>Alarm auf dem Tempelhofer Feld mitten in Berlin!<\/b><\/p>\n<p data-780e759e=\"0-582\">In der N\u00e4he einer Fl\u00fcchtlingsunterkunft, die sich auf dem ehemaligen Flughafengel\u00e4nde befindet, ist eine verd\u00e4chtige Person gesehen worden, die angeblich einen <a href=\"https:\/\/www.bild.de\/themen\/specials\/waffen\/news-fotos-videos-17014586.bild.html\" class=\"text-link\" rel=\"nofollow noopener\" target=\"_blank\">waffen\u00e4hnlichen Gegenstand<\/a> bei sich tragen soll.<\/p>\n<p data-780e759e=\"0-582\">Mehrere Hundertschaften sind aufgrund der Gr\u00f6\u00dfe des Feldes im Einsatz, au\u00dferdem Spezialeinheiten. Die Zug\u00e4nge zum Tempelhofer Feld sind zurzeit gesperrt.<\/p>\n<p><img decoding=\"async\" width=\"992\" height=\"558\" alt=\"Polizisten suchen das Tempelhofer Feld nach einer m\u00f6glicherweise bewaffneten Person ab\" src=\"https:\/\/www.europesays.com\/de\/wp-content\/uploads\/2026\/05\/ae9f7095cb36676d21d6a82cf4129bac,9a3a944b.jpeg\"   class=\"landscape\" loading=\"lazy\"\/><\/p>\n<p class=\"fig__caption__text\">Polizisten suchen das Tempelhofer Feld nach einer m\u00f6glicherweise bewaffneten Person ab<\/p>\n<p>Foto: Sebastian Gollnow\/dpa<\/p>\n<p data-780e759e=\"0-582\"><b>Laut Polizei kreist jetzt auch ein Hubschrauber in der Luft. \u201eBislang haben unsere Einsatzkr\u00e4fte keine konkrete Gefahr festgestellt\u201c, so ein Sprecher. <\/b><\/p>\n<p data-780e759e=\"0-582\"><b>Tempelhofer Feld<\/b><\/p>\n<p>Mitten in Berlin befindet sich das Tempelhofer Feld, ein 355 Hektar gro\u00dfes Erholungsgebiet auf dem Gel\u00e4nde des ehemaligen Flughafens Tempelhof. Der Park wurde am 8. Mai 2010 er\u00f6ffnet. Mit dem Betrieb des Parks ist die Gr\u00fcn Berlin GmbH beauftragt. Auf der Fl\u00e4che gibt es eine sechs Kilometer lange Strecke f\u00fcr Radfahrer, Skater und Jogger, Grillpl\u00e4tze sowie Hundewiesen.<\/p>\n","protected":false},"excerpt":{"rendered":"TTS-Player \u00fcberspringen\u21b5Artikel weiterlesen Berlin \u2013\u00a0Alarm auf dem Tempelhofer Feld mitten in Berlin! In der N\u00e4he einer Fl\u00fcchtlingsunterkunft, die&hellip;\n","protected":false},"author":2,"featured_media":1052499,"comment_status":"","ping_status":"","sticky":false,"template":"","format":"standard","meta":{"footnotes":"","_share_on_mastodon":"0"},"categories":[1825],"tags":[296,29,7883,30,184,4846,51575],"class_list":["post-1052498","post","type-post","status-publish","format-standard","has-post-thumbnail","category-berlin","tag-berlin","tag-deutschland","tag-fluechtlingskrise","tag-germany","tag-spd","tag-tempelhof","tag-volksabstimmung"],"share_on_mastodon":{"url":"https:\/\/pubeurope.com\/@de\/116652675487730640","error":""},"_links":{"self":[{"href":"https:\/\/www.europesays.com\/de\/wp-json\/wp\/v2\/posts\/1052498","targetHints":{"allow":["GET"]}}],"collection":[{"href":"https:\/\/www.europesays.com\/de\/wp-json\/wp\/v2\/posts"}],"about":[{"href":"https:\/\/www.europesays.com\/de\/wp-json\/wp\/v2\/types\/post"}],"author":[{"embeddable":true,"href":"https:\/\/www.europesays.com\/de\/wp-json\/wp\/v2\/users\/2"}],"replies":[{"embeddable":true,"href":"https:\/\/www.europesays.com\/de\/wp-json\/wp\/v2\/comments?post=1052498"}],"version-history":[{"count":0,"href":"https:\/\/www.europesays.com\/de\/wp-json\/wp\/v2\/posts\/1052498\/revisions"}],"wp:featuredmedia":[{"embeddable":true,"href":"https:\/\/www.europesays.com\/de\/wp-json\/wp\/v2\/media\/1052499"}],"wp:attachment":[{"href":"https:\/\/www.europesays.com\/de\/wp-json\/wp\/v2\/media?parent=1052498"}],"wp:term":[{"taxonomy":"category","embeddable":true,"href":"https:\/\/www.europesays.com\/de\/wp-json\/wp\/v2\/categories?post=1052498"},{"taxonomy":"post_tag","embeddable":true,"href":"https:\/\/www.europesays.com\/de\/wp-json\/wp\/v2\/tags?post=1052498"}],"curies":[{"name":"wp","href":"https:\/\/api.w.org\/{rel}","templated":true}]}}