{"id":1052610,"date":"2026-05-28T15:36:27","date_gmt":"2026-05-28T15:36:27","guid":{"rendered":"https:\/\/www.europesays.com\/de\/1052610\/"},"modified":"2026-05-28T15:36:27","modified_gmt":"2026-05-28T15:36:27","slug":"lok-leipzig-wuerzburger-kickers-hier-im-live-ticker-aufstiegsspiel-zur-3-liga-fussball","status":"publish","type":"post","link":"https:\/\/www.europesays.com\/de\/1052610\/","title":{"rendered":"Lok Leipzig \u2013 W\u00fcrzburger Kickers HIER im Live-Ticker: Aufstiegsspiel zur 3. Liga | Fu\u00dfball"},"content":{"rendered":"<p><img loading=\"lazy\" decoding=\"async\" src=\"https:\/\/www.europesays.com\/de\/wp-content\/uploads\/2026\/05\/vgzm.2150080-6a180260fc909a07c214444a.gif\" width=\"1\" height=\"1\" alt=\"\" class=\"vgwort-pixel\"\/>Aufstiegsspiel zur 3. Liga: Lok Leipzig gegen W\u00fcrzburger Kickers HIER im Live-Ticker<img fetchpriority=\"high\" decoding=\"async\" width=\"992\" height=\"558\" alt=\"Ayodele Adetula (28) ist mit 17 Saisontreffern Leipzigs bester Torsch\u00fctze der Regionalliga-Saison\" src=\"https:\/\/www.europesays.com\/de\/wp-content\/uploads\/2026\/05\/35daa5d6d576c5a128f2fdcaa7c4c795,11058d86.jpeg\"   class=\"landscape\" loading=\"eager\"\/><\/p>\n<p class=\"fig__caption__text\">Ayodele Adetula (28) ist mit 17 Saisontreffern Leipzigs bester Torsch\u00fctze der Regionalliga-Saison<\/p>\n<p>Foto: picture alliance\/BEAUTIFUL SPORTS<\/p>\n<p>28.05.2026 &#8211; 17:00 Uhr <a class=\"skip-content skip-content--link\" href=\"#in-content-skip-link-target-v-0-0\">TTS-Player \u00fcberspringen\u21b5<\/a><a id=\"in-content-skip-link-target-v-0-0\" class=\"skip-content--target-link-hidden skip-content skip-content--target-link\" href=\"#in-content-skip-link-target-v-0-0\">Artikel weiterlesen<\/a><\/p>\n<p><b>Das erste Duell um den Aufstieg in die 3. Liga!<\/b><\/p>\n<p>Als Meister der Regionalliga Nordost spielt Lok Leipzig heute gegen die W\u00fcrzburger Kickers, den Meister der Regionalliga Bayern. Wer nach Hin- und R\u00fcckspiel (1. Juni) gewonnen hat, steigt auf. Leipzigs Trainer Jochen Seitz (49) vor dem Hinspiel \u00fcber den Gegner: \u201eSie haben eine enorme Wucht.\u201c<\/p>\n<p>Wer kann das Duell am Abend f\u00fcr sich entscheiden? Im Live-Ticker k\u00f6nnen Sie die komplette Partie verfolgen.<\/p>\n<p>Aufstiegsspiel zur 3. Liga: Lok Leipzig \u2013 W\u00fcrzburger Kickers im Live-Ticker<\/p>\n<p class=\"article-content-user-report\"><a href=\"https:\/\/sportbild.bild.de\/fussball\/2024\/fussball\/fussball-heute-live-alle-spiele-im-tv-stream-auf-einen-blick-87263610.sport.html\" target=\"_blank\" rel=\"noopener nofollow\" class=\"anchor anchor--external\">TV-Programm: So sehen Sie Fu\u00dfball heute live im TV<\/a><\/p>\n","protected":false},"excerpt":{"rendered":"Aufstiegsspiel zur 3. Liga: Lok Leipzig gegen W\u00fcrzburger Kickers HIER im Live-Ticker Ayodele Adetula (28) ist mit 17&hellip;\n","protected":false},"author":2,"featured_media":1052611,"comment_status":"","ping_status":"","sticky":false,"template":"","format":"standard","meta":{"footnotes":"","_share_on_mastodon":"0"},"categories":[1832],"tags":[3364,29,30,71,5426,3457,7721,3459,3458,859,1927,102264],"class_list":["post-1052610","post","type-post","status-publish","format-standard","has-post-thumbnail","category-leipzig","tag-de","tag-deutschland","tag-germany","tag-leipzig","tag-live-ticker","tag-lok-leipzig","tag-nofeed","tag-regionalliga","tag-regionalliga-nordost","tag-sachsen","tag-sport-standard","tag-wuerzburger-kickers"],"share_on_mastodon":{"url":"https:\/\/pubeurope.com\/@de\/116652946543431599","error":""},"_links":{"self":[{"href":"https:\/\/www.europesays.com\/de\/wp-json\/wp\/v2\/posts\/1052610","targetHints":{"allow":["GET"]}}],"collection":[{"href":"https:\/\/www.europesays.com\/de\/wp-json\/wp\/v2\/posts"}],"about":[{"href":"https:\/\/www.europesays.com\/de\/wp-json\/wp\/v2\/types\/post"}],"author":[{"embeddable":true,"href":"https:\/\/www.europesays.com\/de\/wp-json\/wp\/v2\/users\/2"}],"replies":[{"embeddable":true,"href":"https:\/\/www.europesays.com\/de\/wp-json\/wp\/v2\/comments?post=1052610"}],"version-history":[{"count":0,"href":"https:\/\/www.europesays.com\/de\/wp-json\/wp\/v2\/posts\/1052610\/revisions"}],"wp:featuredmedia":[{"embeddable":true,"href":"https:\/\/www.europesays.com\/de\/wp-json\/wp\/v2\/media\/1052611"}],"wp:attachment":[{"href":"https:\/\/www.europesays.com\/de\/wp-json\/wp\/v2\/media?parent=1052610"}],"wp:term":[{"taxonomy":"category","embeddable":true,"href":"https:\/\/www.europesays.com\/de\/wp-json\/wp\/v2\/categories?post=1052610"},{"taxonomy":"post_tag","embeddable":true,"href":"https:\/\/www.europesays.com\/de\/wp-json\/wp\/v2\/tags?post=1052610"}],"curies":[{"name":"wp","href":"https:\/\/api.w.org\/{rel}","templated":true}]}}