{"id":1052632,"date":"2026-05-28T15:47:17","date_gmt":"2026-05-28T15:47:17","guid":{"rendered":"https:\/\/www.europesays.com\/de\/1052632\/"},"modified":"2026-05-28T15:47:17","modified_gmt":"2026-05-28T15:47:17","slug":"block-haftbefehl-gegen-mutmasslichen-mitentfuehrer-aufgehoben-ex-gntm-model-sagt-im-prozess-aus-regional","status":"publish","type":"post","link":"https:\/\/www.europesays.com\/de\/1052632\/","title":{"rendered":"Block: Haftbefehl gegen mutma\u00dflichen Mitentf\u00fchrer aufgehoben! Ex-GNTM-Model sagt im Prozess aus | Regional"},"content":{"rendered":"<p>Neue Dynamik im Entf\u00fchrungsfall um die Block-Kinder: Wie BILD erfuhr, wurde der Haftbefehl gegen Ex-GNTM-Model und mutma\u00dflichen Mitentf\u00fchrer Jonathan C. (35) ist vor\u00fcbergehend aufgehoben, damit er in Hamburg im Prozess gegen Christina Block pers\u00f6nlich aussagen kann. Derzeit ist er in Israel untergetaucht.<\/p>\n<p><b>Warum eine Amtsrichterin Jonathan C. als so wichtigen Zeugen sieht, dass sogar eine Einreise ohne Festnahme m\u00f6glich wird, und welche Rolle Videoauswertungen und elektronische Daten spielen sollen. Die Hintergr\u00fcnde zum brisanten Beschluss, lesen Sie mit BILDplus.<\/b><\/p>\n","protected":false},"excerpt":{"rendered":"Neue Dynamik im Entf\u00fchrungsfall um die Block-Kinder: Wie BILD erfuhr, wurde der Haftbefehl gegen Ex-GNTM-Model und mutma\u00dflichen Mitentf\u00fchrer&hellip;\n","protected":false},"author":2,"featured_media":1052633,"comment_status":"","ping_status":"","sticky":false,"template":"","format":"standard","meta":{"footnotes":"","_share_on_mastodon":"0"},"categories":[1826],"tags":[7038,29,2798,30,692,1114,1269,138370],"class_list":["post-1052632","post","type-post","status-publish","format-standard","has-post-thumbnail","category-hamburg","tag-block-house","tag-deutschland","tag-entfuehrung","tag-germany","tag-hamburg","tag-kinder","tag-prozess","tag-team-first"],"share_on_mastodon":{"url":"","error":""},"_links":{"self":[{"href":"https:\/\/www.europesays.com\/de\/wp-json\/wp\/v2\/posts\/1052632","targetHints":{"allow":["GET"]}}],"collection":[{"href":"https:\/\/www.europesays.com\/de\/wp-json\/wp\/v2\/posts"}],"about":[{"href":"https:\/\/www.europesays.com\/de\/wp-json\/wp\/v2\/types\/post"}],"author":[{"embeddable":true,"href":"https:\/\/www.europesays.com\/de\/wp-json\/wp\/v2\/users\/2"}],"replies":[{"embeddable":true,"href":"https:\/\/www.europesays.com\/de\/wp-json\/wp\/v2\/comments?post=1052632"}],"version-history":[{"count":0,"href":"https:\/\/www.europesays.com\/de\/wp-json\/wp\/v2\/posts\/1052632\/revisions"}],"wp:featuredmedia":[{"embeddable":true,"href":"https:\/\/www.europesays.com\/de\/wp-json\/wp\/v2\/media\/1052633"}],"wp:attachment":[{"href":"https:\/\/www.europesays.com\/de\/wp-json\/wp\/v2\/media?parent=1052632"}],"wp:term":[{"taxonomy":"category","embeddable":true,"href":"https:\/\/www.europesays.com\/de\/wp-json\/wp\/v2\/categories?post=1052632"},{"taxonomy":"post_tag","embeddable":true,"href":"https:\/\/www.europesays.com\/de\/wp-json\/wp\/v2\/tags?post=1052632"}],"curies":[{"name":"wp","href":"https:\/\/api.w.org\/{rel}","templated":true}]}}