{"id":105270,"date":"2025-05-12T17:38:12","date_gmt":"2025-05-12T17:38:12","guid":{"rendered":"https:\/\/www.europesays.com\/de\/105270\/"},"modified":"2025-05-12T17:38:12","modified_gmt":"2025-05-12T17:38:12","slug":"judith-hill-kommt-nach-bielefeld-funk-family-und-female-power","status":"publish","type":"post","link":"https:\/\/www.europesays.com\/de\/105270\/","title":{"rendered":"Judith Hill kommt nach Bielefeld: Funk, Family und Female Power"},"content":{"rendered":"<p id=\"absatz1\">Bielefeld. Gro\u00dfe Namen in der Vita zu haben kann f\u00fcr die eigene Musikerinnen-Karriere Fluch und Segen zugleich sein. Als Backgrounds\u00e4ngerin f\u00fcr Musiklegenden wie Michael Jackson, Stevie Wonder und Elton John, begann f\u00fcr die 41 Jahre alte US-amerikanische S\u00e4ngerin und Songwriterin Judith Hill 2009 der Einstieg in das Showbiz. Ihre enge, kreative Partnerschaft zu Prince, der f\u00fcr sie Freund, Mentor und Produzent zugleich war, endete 2016 abrupt mit dem Tod des Musikstars. Hill gelang es, den schmerzhaften Verlust und die Trauer zur Quelle ihrer Kreativit\u00e4t und Selbstfindung zu wandeln. Aus dem Schatten ihres F\u00f6rderers heraustretend entwickelte Judith Hill ihre eigene musikalische Identit\u00e4t mit autobiografischen Songs, durchdrungen von spiritueller Tiefe und feministischem Bewusstsein.<\/p>\n<p id=\"absatz2\" class=\"Frage\" data-semantic=\"p\">In vielen Interviews wirst Du immer wieder auf Deine Zusammenarbeit mit Michael Jackson und Deine Beziehung zu Prince angesprochen. Inwieweit hast Du das Gef\u00fchl, dass Du deshalb nicht als eigenst\u00e4ndige K\u00fcnstlerin gesehen wirst? Und ist Dein aktuelles Album bzw. Deine Tournee Deine Art, aus dem Schatten dieser Gr\u00f6\u00dfen herauszutreten bzw. sich selbst zu befreien?<\/p>\n<p id=\"absatz4\" class=\"Antwort\" data-semantic=\"p\">Judith Hill: Ja, es kann schwierig sein, durch all die Fragen \u00fcber Michael und Prince zu navigieren, weil ich respektiere, dass die Leute wirklich daran interessiert sind, mehr \u00fcber diese beiden Ikonen zu erfahren, aber gleichzeitig habe ich das Gef\u00fchl, dass ich st\u00e4ndig in diesen Kontext gestellt werde und nicht in meinen eigenen. Bei meinem letzten Album ging es mehr darum, mich von der Zensur zu befreien und frei \u00fcber mein Trauma zu sprechen, auch wenn es manchmal unangenehm sein kann.<\/p>\n<p class=\"Frage\" data-semantic=\"p\">Dein Album \u201eLetters from a black Widow\u201c ist sehr pers\u00f6nlich. Inwieweit hast Du Deine eigenen Erfahrungen und Gef\u00fchle in diesem Werk verarbeitet?<\/p>\n<p id=\"absatz6\" class=\"Antwort\" data-semantic=\"p\">Die Aufnahme des Albums war meine Chance, einen Teil des Schmerzes zu verarbeiten. Das kreative Arbeiten gibt ihm einen Platz au\u00dferhalb des Chaos in meinem Kopf. Es war also eine sehr heilende Erfahrung.<\/p>\n<p id=\"absatz7\" class=\"Frage\" data-semantic=\"p\">Wie heilend ist dieser Prozess (falls er noch andauert)? Und ist die kreative Arbeit f\u00fcr Dich ein Ventil, um wieder Zugang zu Deinem Leben zu finden?<\/p>\n<p id=\"absatz8\" class=\"Antwort\" data-semantic=\"p\">Er ist definitiv noch nicht abgeschlossen. Die kreative Arbeit erm\u00f6glichte es mir, weiterzuleben. Als ich stumm war, war die Energie stagnierend und giftig. Wenn ich Kunst machte, f\u00fchlte ich mich wieder fl\u00fcssig. So konnte ich weitermachen und die Dinge hinter mir lassen.<\/p>\n<p id=\"absatz9\" class=\"Frage\" data-semantic=\"p\">Du hast in einem Interview erw\u00e4hnt, dass Du viel f\u00fcr Deine Karriere geopfert hast, vielleicht zu viel. Stellst Du Dir die Sinnfrage als Musikerin immer wieder neu oder stellst Du sie auch manchmal grunds\u00e4tzlich in Frage?<\/p>\n<p id=\"absatz10\" class=\"Antwort\" data-semantic=\"p\">K\u00fcnstler zu sein ist eine Lebenseinstellung. Ja, es ist mit Entbehrungen verbunden, vor allem als tourende Musikerin, aber ich versuche, es weniger als \u201eKarriere\u201c zu sehen, sondern mehr als eine Art zu leben. Ich habe mich f\u00fcr etwas sehr Spirituelles und Intensives entschieden, und ich w\u00fcrde es nicht anders haben wollen.<\/p>\n<p id=\"absatz11\" class=\"Frage\" data-semantic=\"p\">In \u201eLetters from a black widow\u201c feierst Du die weibliche St\u00e4rke. In dem St\u00fcck \u201eDame de la Lumi\u00e8re\u201c singst Du z. B. davon, dass \u201eschlechte Zeiten starke Frauen machen\u201c \u2013 was genau meinst Du damit?<\/p>\n<p id=\"absatz12\" class=\"Antwort\" data-semantic=\"p\">Wenn man auf die Zyklen der Menschheit zur\u00fcckblickt, haben Krisen immer starke Menschen hervorgebracht, die eine bessere Welt und eine gute Zukunft f\u00fcr ihre Kinder schaffen wollten. Aber sie haben schwere Zeiten durchmachen m\u00fcssen, um dorthin zu gelangen. In Bezug auf uns Frauen sehe ich unsere Widerstandsf\u00e4higkeit und unseren Mut, den wir haben.<\/p>\n<p id=\"absatz13\" class=\"Frage\" data-semantic=\"p\">Du sprichst offen \u00fcber die Herausforderungen, als Frau in der Musikindustrie ernstgenommen zu werden. Welche Erfahrungen hast Du selbst in dieser Hinsicht gemacht? Welchen Rat w\u00fcrdest Du jungen Musikerinnen geben?<\/p>\n<p id=\"absatz14\" class=\"Antwort\" data-semantic=\"p\">Nun, die Musikindustrie kr\u00f6nt immer die Frau zur aktuellen K\u00f6nigin, weil sie neu, jung und die Beste im Spiel ist. Diese Art der Kr\u00f6nung basiert immer auf Verknappung. Es kann immer nur eine auf einmal geben. Mein Rat an Musikerinnen ist, ein weibliches \u00d6kosystem der Macht und Freiheit zu schaffen und uns gegenseitig zu unterst\u00fctzen, damit wir keine Einzelk\u00e4mpferinnen bleiben.<\/p>\n<p id=\"absatz15\" class=\"Frage\" data-semantic=\"p\">Du hast Dich entschieden, Deine Alben selbst zu produzieren. Welche Vorteile siehst Du darin? Welche Nachteile nimmst Du in Kauf?<\/p>\n<p id=\"absatz16\" class=\"Antwort\" data-semantic=\"p\">Es macht mir einfach Spa\u00df und ich mag es, mich voll und ganz ausdr\u00fccken zu k\u00f6nnen. Ich mag auch Kollaborationen, es kommt immer auf das jeweilige Projekt an und darauf, was es erfordert.<\/p>\n<p id=\"absatz17\" class=\"Frage\" data-semantic=\"p\">Wie erlebst Du die Reaktionen des europ\u00e4ischen Publikums im Vergleich zu den USA, insbesondere in Bezug auf die Themen Deiner Musik?<\/p>\n<p id=\"absatz18\" class=\"Antwort\" data-semantic=\"p\">Das europ\u00e4ische Publikum ist offener f\u00fcr die Erkundung dunklerer Emotionen, wie sie in \u201eLetters from a Black Widow\u201c dargestellt werden. Insgesamt ist man in Europa offener, wenn es um genre\u00fcbergreifendes und unkonventionelles Denken geht. Aber in den USA f\u00fchlt es sich immer wie eine warme Umarmung an, wenn es um spirituelle Soulmusik geht, die die Erfahrung der Kirche widerspiegelt.<\/p>\n<p id=\"absatz19\" class=\"Frage\" data-semantic=\"p\">Deine Eltern sind beide professionelle Musiker \u2013 Deine Mutter eine klassische Pianistin japanischer Herkunft, Dein Vater ein Funk-Bassist aus Kalifornien. Inwieweit hat dieses musikalische Erbe Deine eigene musikalische Entwicklung beeinflusst?<\/p>\n<p id=\"absatz20\" class=\"Antwort\" data-semantic=\"p\">Ich habe das Gl\u00fcck, sie in meinem Leben zu haben. Ich glaube, dass ich durch sie ein so vielf\u00e4ltiges Verst\u00e4ndnis von Musik und eine Vorliebe f\u00fcr so viele verschiedene Grooves und Texturen entwickeln konnte.<\/p>\n<p id=\"absatz21\" class=\"Frage\" data-semantic=\"p\">Was bedeutet es f\u00fcr Dich pers\u00f6nlich, mit Deinen Eltern auf Tournee zu gehen und als Familie gemeinsam auf der B\u00fchne zu stehen?<\/p>\n<p id=\"absatz22\" class=\"Antwort\" data-semantic=\"p\">F\u00fcr mich ist das etwas ganz Besonderes, das ich nie als selbstverst\u00e4ndlich ansehe. Und mir gibt der famili\u00e4re Zusammenhalt auf der B\u00fchne eine wahnsinnige Kraft. Leider sieht man es zu wenig, dass Generationen gemeinsam auf der B\u00fchne stehen.<\/p>\n<p id=\"absatz23\" class=\"Frage\" data-semantic=\"p\">Wie hat sich die Beziehung zu Deinen Eltern ver\u00e4ndert, seit ihr gemeinsam Musik macht \u2013 sozusagen als gleichberechtigtes Team? Entsteht durch die Familiengemeinschaft ein eigener Sound, der euch vielleicht \u00fcberrascht und den ihr nicht f\u00fcr m\u00f6glich gehalten h\u00e4ttet?<\/p>\n<p id=\"absatz24\" class=\"Antwort\" data-semantic=\"p\">Ja, wir sind zu einer klanglichen Einheit geworden, und wir sind auf eine besondere Art und Weise in Grooves verwickelt, weil wir schon so lange zusammen Musik machen. Ich liebe die Synergie und die tiefe Verbindung, die entsteht, wenn wir uns auf einen Song einlassen.<\/p>\n<p id=\"absatz25\" class=\"Frage\" data-semantic=\"p\">Zum Schluss noch ein kleiner Bielefeld-Bezug. Was k\u00f6nnen die Besucher deines Konzerts in Bielefeld erwarten, und welche Botschaft m\u00f6chtest du ihnen mit auf den Weg geben?<\/p>\n<p id=\"absatz26\" class=\"Antwort\" data-semantic=\"p\">Ich m\u00f6chte den Zuh\u00f6rern das Gef\u00fchl geben, dass sie mit mir Momente erschaffen. Ich ermutige jeden, mit mir zu musizieren. Es gibt so viel Energie, wenn wir alle zusammen einsteigen. Ich singe viel \u00fcber Hoffnung und Freiheit, und m\u00f6chte diese Kraft und Energie, die daraus entsteht, f\u00fcr jeden sp\u00fcrbar machen.<\/p>\n<p id=\"absatz27\"><b class=\"bold\">Judith Hill &amp; Family Affair live in Bielefeld<\/b><\/p>\n<p id=\"absatz28\" class=\"em_text\">Samstag, 17. Mai, 20 Uhr, Rudolf-Oetker-Halle, Bielefeld;<\/p>\n<p id=\"absatz29\" class=\"em_text\">Karten (38,50 \u0080): NW und <a href=\"https:\/\/www.nw.de\/events\/info\/1335074-weltnacht-judith-hill-family-affair-tickets-bielefeld\" target=\"_blank\" rel=\"nofollow noopener\">hier.<\/a> <\/p>\n","protected":false},"excerpt":{"rendered":"Bielefeld. Gro\u00dfe Namen in der Vita zu haben kann f\u00fcr die eigene Musikerinnen-Karriere Fluch und Segen zugleich sein.&hellip;\n","protected":false},"author":2,"featured_media":105271,"comment_status":"","ping_status":"","sticky":false,"template":"","format":"standard","meta":{"footnotes":""},"categories":[1841],"tags":[1605,3364,29,8817,30,41620,29126,736,26866,735,1613,38604,1209,26867,41619,2992,64],"class_list":{"0":"post-105270","1":"post","2":"type-post","3":"status-publish","4":"format-standard","5":"has-post-thumbnail","7":"category-bielefeld","8":"tag-bielefeld","9":"tag-de","10":"tag-deutschland","11":"tag-elton-john","12":"tag-germany","13":"tag-judith-hill","14":"tag-meta_artikelklasse_interview","15":"tag-meta_copyrights_nw","16":"tag-meta_no_paywall","17":"tag-meta_themen_medien_kultur","18":"tag-meta_userneeds_informieremich","19":"tag-michael-jackson","20":"tag-nordrhein-westfalen","21":"tag-serie_event_kultur","22":"tag-stevie-wonder","23":"tag-tournee","24":"tag-usa"},"share_on_mastodon":{"url":"https:\/\/pubeurope.com\/@de\/114496084923671918","error":""},"_links":{"self":[{"href":"https:\/\/www.europesays.com\/de\/wp-json\/wp\/v2\/posts\/105270","targetHints":{"allow":["GET"]}}],"collection":[{"href":"https:\/\/www.europesays.com\/de\/wp-json\/wp\/v2\/posts"}],"about":[{"href":"https:\/\/www.europesays.com\/de\/wp-json\/wp\/v2\/types\/post"}],"author":[{"embeddable":true,"href":"https:\/\/www.europesays.com\/de\/wp-json\/wp\/v2\/users\/2"}],"replies":[{"embeddable":true,"href":"https:\/\/www.europesays.com\/de\/wp-json\/wp\/v2\/comments?post=105270"}],"version-history":[{"count":0,"href":"https:\/\/www.europesays.com\/de\/wp-json\/wp\/v2\/posts\/105270\/revisions"}],"wp:featuredmedia":[{"embeddable":true,"href":"https:\/\/www.europesays.com\/de\/wp-json\/wp\/v2\/media\/105271"}],"wp:attachment":[{"href":"https:\/\/www.europesays.com\/de\/wp-json\/wp\/v2\/media?parent=105270"}],"wp:term":[{"taxonomy":"category","embeddable":true,"href":"https:\/\/www.europesays.com\/de\/wp-json\/wp\/v2\/categories?post=105270"},{"taxonomy":"post_tag","embeddable":true,"href":"https:\/\/www.europesays.com\/de\/wp-json\/wp\/v2\/tags?post=105270"}],"curies":[{"name":"wp","href":"https:\/\/api.w.org\/{rel}","templated":true}]}}