{"id":105292,"date":"2025-05-12T17:50:17","date_gmt":"2025-05-12T17:50:17","guid":{"rendered":"https:\/\/www.europesays.com\/de\/105292\/"},"modified":"2025-05-12T17:50:17","modified_gmt":"2025-05-12T17:50:17","slug":"minor-hotels-europe-americas-unterzeichnet-neuen-konsortialkreditvertrag-ueber-bis-zu-400-millionen-euro","status":"publish","type":"post","link":"https:\/\/www.europesays.com\/de\/105292\/","title":{"rendered":"Minor Hotels Europe &#038; Americas unterzeichnet neuen Konsortialkreditvertrag \u00fcber bis zu 400 Millionen Euro"},"content":{"rendered":"<td class=\"is__realtime px-5\">\n<tr wp_automatic_readability=\"2\">\n<td colspan=\"3\" class=\"is__realtime-quality js-next-event-quotes\" data-next-event=\"2025-05-12T09:00:00+02:00\">\n<p>                                            Markt geschlossen &#8211;<\/p>\n<p>                                                BME<\/p>\n<p>17:35:14 12.05.2025<\/p>\n<\/td>\n<td colspan=\"2\" class=\"txt-align-center is__realtime-quality\">\n<p>                                                                                            Nachb\u00f6rslich<\/p>\n<p>19:45:28<\/p>\n<\/td>\n<\/tr>\n<tr>\n<td class=\"txt-s7 txt-align-left is__realtime-last\">\n<p>6,320                        EUR\n                                    <\/td>\n<td class=\"txt-s7 txt-align-left is__realtime-var\">\n                                             -0,16\u00a0%\n                                    <\/td>\n<td class=\"table-child--middle c-none cs-table table-child--no-pad\">\n                                                <img loading=\"lazy\" decoding=\"async\" style=\"vertical-align: middle\" width=\"120\" height=\"45\" alt=\"Intraday Chart f\u00fcr Minor Hotels Europe &amp; Americas, S.A.\" src=\"https:\/\/www.europesays.com\/de\/wp-content\/uploads\/2025\/05\/Paris.Image\/Gif\" onerror=\"this.style.display='none'\"\/>                    <\/td>\n<td class=\"txt-s4 txt-align-center\">\n<p>6,330                            <\/td>\n<td class=\"txt-s4 txt-align-center\">\n                                                                 +0,16\u00a0%\n                            <\/td>\n<\/tr>\n<p class=\"m-0\">\n                    Ver\u00f6ffentlicht am 12.05.2025 um 18:31                <\/p>\n<p>]]]]>]]><\/p>\n<p>Artikel freischalten: REGISTRIEREN SIE SICH!<\/p>\n<p>            Sind Sie bereits Mitglied?            <a style=\"text-decoration: none;\" href=\"https:\/\/de.marketscreener.com\/login\/?location=%2Fkurs%2Faktie%2FMINOR-HOTELS-EUROPE-AMERI-69100%2Fnews%2FMinor-Hotels-Europe-Americas-unterzeichnet-neuen-Konsortialkreditvertrag-uber-bis-zu-400-Millione-49916455%2F%3F__esi%3Dnon_logge-desktop\" target=\"_blank\" rel=\"noopener\">Login<\/a>]]]]>]]><\/p>\n<p class=\"txt-s2\">Zum Originalartikel.<br \/>\n                    <br \/>\n            Rechtliche Hinweise<\/p>\n<p>Rechtliche Hinweise<\/p>\n<p>Kontaktieren Sie uns, wenn Sie eine Korrektur w\u00fcnschen<\/p>\n<\/p>\n<p><img decoding=\"async\" src=\"https:\/\/www.europesays.com\/de\/wp-content\/uploads\/2025\/04\/1744560449_447_reuters.jpg\" alt=\"Reuters logo\" class=\"c-block ml-auto\"\/><br \/>\n                                    \u00a9 Reuters &#8211; 2025<\/p>\n<tr class=\"\" wp_automatic_readability=\"0.23478260869565\">\n<td class=\"w-100\"><a href=\"https:\/\/de.marketscreener.com\/kurs\/aktie\/MINOR-HOTELS-EUROPE-AMERI-69100\/news\/Minor-Hotels-Europe-Americas-unterzeichnet-neuen-Konsortialkreditvertrag-uber-bis-zu-400-Millione-49916455\/\" class=\"txt-- txt-overflow-2 link link--no-underline my-5 my-m-0 txt-m-inline\" target=\"_blank\" rel=\"noopener\"><\/p>\n<p>Minor Hotels Europe &amp; Americas unterzeichnet neuen Konsortialkreditvertrag \u00fcber bis zu 400 Millionen Euro<\/p>\n<p>                        <\/a><\/td>\n<td class=\"table-child--right  table-child--nowrap table-child--w100 txt-s1\">\n    18:31<\/td>\n<td class=\"table-child--right table-child--w40 c-none cm-table\">\n                                    RE\n                        <\/td>\n<\/tr>\n<tr class=\"\" wp_automatic_readability=\"0.28421052631579\">\n<td class=\"w-100\"><a href=\"https:\/\/de.marketscreener.com\/kurs\/aktie\/MINOR-HOTELS-EUROPE-AMERI-69100\/news\/Minor-Hotels-Europe-Americas-Q1-wiederkehrender-Nettoverlust-bei-22-0-Millionen-Euro-49916173\/\" class=\"txt-- txt-overflow-2 link link--no-underline my-5 my-m-0 txt-m-inline\" target=\"_blank\" rel=\"noopener\"><\/p>\n<p>Minor Hotels Europe &amp; Americas Q1 wiederkehrender Nettoverlust bei 22,0 Millionen Euro<\/p>\n<p>                        <\/a><\/td>\n<td class=\"table-child--right  table-child--nowrap table-child--w100 txt-s1\">\n    18:07<\/td>\n<td class=\"table-child--right table-child--w40 c-none cm-table\">\n                                    RE\n                        <\/td>\n<\/tr>\n<tr class=\"\" wp_automatic_readability=\"0.29268292682927\">\n<td class=\"w-100\"><a href=\"https:\/\/de.marketscreener.com\/kurs\/aktie\/MINOR-HOTELS-EUROPE-AMERI-69100\/news\/Minor-Hotels-Europe-Americas-erzielt-im-ersten-Quartal-einen-wiederkehrenden-Nettogewinn-von-22-0-49916052\/\" class=\"txt-- txt-overflow-2 link link--no-underline my-5 my-m-0 txt-m-inline\" target=\"_blank\" rel=\"noopener\"><\/p>\n<p>Minor Hotels Europe &amp; Americas erzielt im ersten Quartal einen wiederkehrenden Nettogewinn von 22,0 Millionen Euro<\/p>\n<p>                        <\/a><\/td>\n<td class=\"table-child--right  table-child--nowrap table-child--w100 txt-s1\">\n    18:01<\/td>\n<td class=\"table-child--right table-child--w40 c-none cm-table\">\n                                    RE\n                        <\/td>\n<\/tr>\n<tr class=\"\" wp_automatic_readability=\"0.14583333333333\">\n<td class=\"w-100\"><a href=\"https:\/\/de.marketscreener.com\/kurs\/aktie\/MINOR-HOTELS-EUROPE-AMERI-69100\/news\/Minor-Hotels-Europe-Americas-Einstellung-der-Berichterstattung-mit-sofortiger-Wirkung-49805789\/\" class=\"txt-- txt-overflow-2 link link--no-underline my-5 my-m-0 txt-m-inline\" target=\"_blank\" rel=\"noopener\"><\/p>\n<p>MINOR HOTELS EUROPE &amp; AMERICAS :  Einstellung der Berichterstattung mit sofortiger Wirkung <\/p>\n<p>                        <\/a><\/td>\n<td class=\"table-child--right  table-child--nowrap table-child--w100 txt-s1\">\n    02.05.<\/td>\n<td class=\"table-child--right table-child--w40 c-none cm-table\"><img decoding=\"async\" src=\"https:\/\/www.europesays.com\/de\/wp-content\/uploads\/2025\/05\/alphavalue.png\" alt=\"Alphavalue\"\/><\/td>\n<\/tr>\n<tr class=\"\" wp_automatic_readability=\"0.22222222222222\">\n<td class=\"w-100\"><a href=\"https:\/\/de.marketscreener.com\/kurs\/aktie\/MINOR-HOTELS-EUROPE-AMERI-69100\/news\/Minor-Hotels-kundigt-die-Ankunft-der-Marke-NH-Hotels-Resorts-in-Kopenhagen-an-49495825\/\" class=\"txt-- txt-overflow-2 link link--no-underline my-5 my-m-0 txt-m-inline\" target=\"_blank\" rel=\"noopener\"><\/p>\n<p>Minor Hotels k\u00fcndigt die Ankunft der Marke NH Hotels &amp; Resorts in Kopenhagen an<\/p>\n<p>                        <\/a><\/td>\n<td class=\"table-child--right  table-child--nowrap table-child--w100 txt-s1\">\n    01.04.<\/td>\n<td class=\"table-child--right table-child--w40 c-none cm-table\">\n                                    RE\n                        <\/td>\n<\/tr>\n<tr class=\"\" wp_automatic_readability=\"0.41666666666667\">\n<td class=\"w-100\"><a href=\"https:\/\/de.marketscreener.com\/kurs\/aktie\/MELI-HOTELS-INTERNATIONAL-75117\/news\/Spanische-Aktien-Faktoren-die-am-17-Marz-zu-beachten-sind-49347664\/\" class=\"txt-- txt-overflow-2 link link--no-underline my-5 my-m-0 txt-m-inline\" target=\"_blank\" rel=\"noopener\"><\/p>\n<p>Spanische Aktien &#8211; Faktoren, die am 17. M\u00e4rz zu beachten sind<\/p>\n<p>                        <\/a><\/td>\n<td class=\"table-child--right  table-child--nowrap table-child--w100 txt-s1\">\n    17.03.<\/td>\n<td class=\"table-child--right table-child--w40 c-none cm-table\">\n                                    RE\n                        <\/td>\n<\/tr>\n<tr class=\"\" wp_automatic_readability=\"0.18867924528302\">\n<td class=\"w-100\"><a href=\"https:\/\/de.marketscreener.com\/kurs\/aktie\/MINOR-HOTELS-EUROPE-AMERI-69100\/news\/Spanische-Aufsichtsbehorde-beginnt-mit-Prufung-des-Delisting-Angebots-fur-Minor-Hotels-Europe-49143884\/\" class=\"txt-- txt-overflow-2 link link--no-underline my-5 my-m-0 txt-m-inline\" target=\"_blank\" rel=\"noopener\"><\/p>\n<p>Spanische Aufsichtsbeh\u00f6rde beginnt mit Pr\u00fcfung des Delisting-Angebots f\u00fcr Minor Hotels Europe<\/p>\n<p>                        <\/a><\/td>\n<td class=\"table-child--right  table-child--nowrap table-child--w100 txt-s1\">\n    24.02.<\/td>\n<td class=\"table-child--right table-child--w40 c-none cm-table\">\n                                    MT\n                        <\/td>\n<\/tr>\n<tr class=\"\" wp_automatic_readability=\"0.26086956521739\">\n<td class=\"w-100\"><a href=\"https:\/\/de.marketscreener.com\/kurs\/aktie\/MINOR-HOTELS-EUROPE-AMERI-69100\/news\/Spanische-Aufsichtsbehorde-gibt-Antrag-auf-Genehmigung-des-Ubernahmeangebots-fur-Minor-durch-MHG-49142589\/\" class=\"txt-- txt-overflow-2 link link--no-underline my-5 my-m-0 txt-m-inline\" target=\"_blank\" rel=\"noopener\"><\/p>\n<p>Spanische Aufsichtsbeh\u00f6rde gibt Antrag auf Genehmigung des \u00dcbernahmeangebots f\u00fcr Minor durch MHG statt<\/p>\n<p>                        <\/a><\/td>\n<td class=\"table-child--right  table-child--nowrap table-child--w100 txt-s1\">\n    24.02.<\/td>\n<td class=\"table-child--right table-child--w40 c-none cm-table\">\n                                    RE\n                        <\/td>\n<\/tr>\n<tr class=\"\" wp_automatic_readability=\"0.2247191011236\">\n<td class=\"w-100\"><a href=\"https:\/\/de.marketscreener.com\/kurs\/aktie\/MINOR-HOTELS-EUROPE-AMERI-69100\/news\/MHEA-eroffnet-neues-NH-Collection-Hotel-in-den-Vereinigten-Arabischen-Emiraten-49138739\/\" class=\"txt-- txt-overflow-2 link link--no-underline my-5 my-m-0 txt-m-inline\" target=\"_blank\" rel=\"noopener\"><\/p>\n<p>MHEA er\u00f6ffnet neues NH Collection Hotel in den Vereinigten Arabischen Emiraten<\/p>\n<p>                        <\/a><\/td>\n<td class=\"table-child--right  table-child--nowrap table-child--w100 txt-s1\">\n    24.02.<\/td>\n<td class=\"table-child--right table-child--w40 c-none cm-table\">\n                                    RE\n                        <\/td>\n<\/tr>\n<tr class=\"\" wp_automatic_readability=\"0.25862068965517\">\n<td class=\"w-100\"><a href=\"https:\/\/de.marketscreener.com\/kurs\/aktie\/MINOR-HOTELS-EUROPE-AMERI-69100\/news\/MHG-Continental-treibt-die-Ubernahme-von-Minor-Hotels-Europe-Americas-nach-Sicherung-der-Garantie-49065655\/\" class=\"txt-- txt-overflow-2 link link--no-underline my-5 my-m-0 txt-m-inline\" target=\"_blank\" rel=\"noopener\"><\/p>\n<p>MHG Continental treibt die \u00dcbernahme von Minor Hotels Europe &amp; Americas nach Sicherung der Garantie voran<\/p>\n<p>                        <\/a><\/td>\n<td class=\"table-child--right  table-child--nowrap table-child--w100 txt-s1\">\n    14.02.<\/td>\n<td class=\"table-child--right table-child--w40 c-none cm-table\">\n                                    MT\n                        <\/td>\n<\/tr>\n<tr class=\"\" wp_automatic_readability=\"0.18260869565217\">\n<td class=\"w-100\"><a href=\"https:\/\/de.marketscreener.com\/kurs\/aktie\/MINOR-HOTELS-EUROPE-AMERI-69100\/news\/Minor-Hotels-Europa-Nord-und-Sudamerika-Bereit-fur-einen-Sawasdee-Abschied-vom-spanischen-Akti-49062695\/\" class=\"txt-- txt-overflow-2 link link--no-underline my-5 my-m-0 txt-m-inline\" target=\"_blank\" rel=\"noopener\"><\/p>\n<p>MINOR HOTELS EUROPA &amp; NORD- UND S\u00dcDAMERIKA :  Bereit f\u00fcr einen Sawasdee-Abschied vom spanischen Aktienmarkt <\/p>\n<p>                        <\/a><\/td>\n<td class=\"table-child--right  table-child--nowrap table-child--w100 txt-s1\">\n    14.02.<\/td>\n<td class=\"table-child--right table-child--w40 c-none cm-table\"><img decoding=\"async\" src=\"https:\/\/www.europesays.com\/de\/wp-content\/uploads\/2025\/05\/alphavalue.png\" alt=\"Alphavalue\"\/><\/td>\n<\/tr>\n<tr class=\"\" wp_automatic_readability=\"0.18867924528302\">\n<td class=\"w-100\"><a href=\"https:\/\/de.marketscreener.com\/kurs\/aktie\/MINOR-INTERNATIONAL-6491674\/news\/MHG-Continental-bittet-um-Genehmigung-des-Ubernahmeangebots-fur-Minor-Hotels-Europe-Americas-49061010\/\" class=\"txt-- txt-overflow-2 link link--no-underline my-5 my-m-0 txt-m-inline\" target=\"_blank\" rel=\"noopener\"><\/p>\n<p>MHG Continental bittet um Genehmigung des \u00dcbernahmeangebots f\u00fcr Minor Hotels Europe &amp; Americas<\/p>\n<p>                        <\/a><\/td>\n<td class=\"table-child--right  table-child--nowrap table-child--w100 txt-s1\">\n    14.02.<\/td>\n<td class=\"table-child--right table-child--w40 c-none cm-table\">\n                                    RE\n                        <\/td>\n<\/tr>\n<tr class=\"\" wp_automatic_readability=\"0.3030303030303\">\n<td class=\"w-100\"><a href=\"https:\/\/de.marketscreener.com\/kurs\/index\/IBEX-35-7629\/news\/Spanische-Aktien-Zu-beachtende-Faktoren-am-14-Februar-49058225\/\" class=\"txt-- txt-overflow-2 link link--no-underline my-5 my-m-0 txt-m-inline\" target=\"_blank\" rel=\"noopener\"><\/p>\n<p>Spanische Aktien &#8211; Zu beachtende Faktoren am 14. Februar<\/p>\n<p>                        <\/a><\/td>\n<td class=\"table-child--right  table-child--nowrap table-child--w100 txt-s1\">\n    14.02.<\/td>\n<td class=\"table-child--right table-child--w40 c-none cm-table\">\n                                    RE\n                        <\/td>\n<\/tr>\n<tr class=\"\" wp_automatic_readability=\"0.29126213592233\">\n<td class=\"w-100\"><a href=\"https:\/\/de.marketscreener.com\/kurs\/aktie\/MINOR-HOTELS-EUROPE-AMERI-69100\/news\/Minor-Hotels-Europe-Americas-Wiederkehrender-Nettogewinn-im-Geschaftsjahr-209-9-Mio-Euro-49053380\/\" class=\"txt-- txt-overflow-2 link link--no-underline my-5 my-m-0 txt-m-inline\" target=\"_blank\" rel=\"noopener\"><\/p>\n<p>Minor Hotels Europe &amp; Americas: Wiederkehrender Nettogewinn im Gesch\u00e4ftsjahr 209,9 Mio. Euro<\/p>\n<p>                        <\/a><\/td>\n<td class=\"table-child--right  table-child--nowrap table-child--w100 txt-s1\">\n    13.02.<\/td>\n<td class=\"table-child--right table-child--w40 c-none cm-table\">\n                                    RE\n                        <\/td>\n<\/tr>\n<tr class=\"\" wp_automatic_readability=\"0.35087719298246\">\n<td class=\"w-100\"><a href=\"https:\/\/de.marketscreener.com\/kurs\/aktie\/ACCOR-4602\/news\/Auf-nach-Osterreich-Tourismus-verbucht-Rekord-48924763\/\" class=\"txt-- txt-overflow-2 link link--no-underline my-5 my-m-0 txt-m-inline\" target=\"_blank\" rel=\"noopener\"><\/p>\n<p>Auf nach \u00d6sterreich: Tourismus verbucht Rekord<\/p>\n<p>                        <\/a><\/td>\n<td class=\"table-child--right  table-child--nowrap table-child--w100 txt-s1\">\n    31.01.<\/td>\n<td class=\"table-child--right table-child--w40 c-none cm-table\">\n                                    DP\n                        <\/td>\n<\/tr>\n<tr class=\"\" wp_automatic_readability=\"0.25641025641026\">\n<td class=\"w-100\"><a href=\"https:\/\/de.marketscreener.com\/kurs\/aktie\/MINOR-HOTELS-EUROPE-AMERI-69100\/news\/Minor-Hotels-ernennt-Gonzalo-Aguilar-zum-CEO-fur-Europa-und-Amerika-48831461\/\" class=\"txt-- txt-overflow-2 link link--no-underline my-5 my-m-0 txt-m-inline\" target=\"_blank\" rel=\"noopener\"><\/p>\n<p>Minor Hotels ernennt Gonzalo Aguilar zum CEO f\u00fcr Europa und Amerika<\/p>\n<p>                        <\/a><\/td>\n<td class=\"table-child--right  table-child--nowrap table-child--w100 txt-s1\">\n    21.01.<\/td>\n<td class=\"table-child--right table-child--w40 c-none cm-table\">\n                                    CI\n                        <\/td>\n<\/tr>\n<tr class=\"\" wp_automatic_readability=\"0.27777777777778\">\n<td class=\"w-100\"><a href=\"https:\/\/de.marketscreener.com\/kurs\/aktie\/MINOR-HOTELS-EUROPE-AMERI-69100\/news\/Minor-Hotels-Europe-Americas-S-A-meldet-Ergebnis-fur-das-Geschaftsjahr-zum-31-Dezember-2024-49058418\/\" class=\"txt-- txt-overflow-2 link link--no-underline my-5 my-m-0 txt-m-inline\" target=\"_blank\" rel=\"noopener\"><\/p>\n<p>Minor Hotels Europe &amp; Americas, S.A. meldet Ergebnis f\u00fcr das Gesch\u00e4ftsjahr zum 31. Dezember 2024<\/p>\n<p>                        <\/a><\/td>\n<td class=\"table-child--right  table-child--nowrap table-child--w100 txt-s1\">\n    15.01.<\/td>\n<td class=\"table-child--right table-child--w40 c-none cm-table\">\n                                    CI\n                        <\/td>\n<\/tr>\n<tr class=\"\" wp_automatic_readability=\"0.29126213592233\">\n<td class=\"w-100\"><a href=\"https:\/\/de.marketscreener.com\/kurs\/aktie\/MINOR-HOTELS-EUROPE-AMERI-69100\/news\/Minor-Hotels-Europe-Americas-S-A-BME-NHH-ubernimmt-NH-Collection-Alagna-Mirtillo-Rosso-48657827\/\" class=\"txt-- txt-overflow-2 link link--no-underline my-5 my-m-0 txt-m-inline\" target=\"_blank\" rel=\"noopener\"><\/p>\n<p>Minor Hotels Europe &amp; Americas, S.A. (BME:NHH) \u00fcbernimmt NH Collection Alagna Mirtillo Rosso<\/p>\n<p>                        <\/a><\/td>\n<td class=\"table-child--right  table-child--nowrap table-child--w100 txt-s1\">\n    20.12.<\/td>\n<td class=\"table-child--right table-child--w40 c-none cm-table\">\n                                    CI\n                        <\/td>\n<\/tr>\n<tr class=\"\" wp_automatic_readability=\"0.32\">\n<td class=\"w-100\"><a href=\"https:\/\/de.marketscreener.com\/kurs\/aktie\/MINOR-INTERNATIONAL-6491674\/news\/Der-thailandische-Tourismuskonzern-Minor-bietet-an-die-Minderheitsaktionare-des-spanischen-Zweigs-48596883\/\" class=\"txt-- txt-overflow-2 link link--no-underline my-5 my-m-0 txt-m-inline\" target=\"_blank\" rel=\"noopener\"><\/p>\n<p>Der thail\u00e4ndische Tourismuskonzern Minor bietet an, die Minderheitsaktion\u00e4re des spanischen Zweigs zu \u00fcbernehmen<\/p>\n<p>                        <\/a><\/td>\n<td class=\"table-child--right  table-child--nowrap table-child--w100 txt-s1\">\n    16.12.<\/td>\n<td class=\"table-child--right table-child--w40 c-none cm-table\">\n                                    RE\n                        <\/td>\n<\/tr>\n<tr class=\"\" wp_automatic_readability=\"0.18947368421053\">\n<td class=\"w-100\"><a href=\"https:\/\/de.marketscreener.com\/kurs\/aktie\/MINOR-HOTELS-EUROPE-AMERI-69100\/news\/NH-Hotel-Group-Inline-Q2-mit-weiterem-Belegungsanstieg-und-zusatzlichem-ADR-Zuwachs-47557508\/\" class=\"txt-- txt-overflow-2 link link--no-underline my-5 my-m-0 txt-m-inline\" target=\"_blank\" rel=\"noopener\"><\/p>\n<p>NH HOTEL GROUP :  Inline-Q2 mit weiterem Belegungsanstieg und zus\u00e4tzlichem ADR-Zuwachs <\/p>\n<p>                        <\/a><\/td>\n<td class=\"table-child--right  table-child--nowrap table-child--w100 txt-s1\">\n    05.08.24<\/td>\n<td class=\"table-child--right table-child--w40 c-none cm-table\"><img decoding=\"async\" src=\"https:\/\/www.europesays.com\/de\/wp-content\/uploads\/2025\/05\/alphavalue.png\" alt=\"Alphavalue\"\/><\/td>\n<\/tr>\n<tr class=\"\" wp_automatic_readability=\"0.65853658536585\">\n<td class=\"w-100\"><a href=\"https:\/\/de.marketscreener.com\/kurs\/aktie\/MINOR-HOTELS-EUROPE-AMERI-69100\/news\/Transcript-Minor-Hotels-Europe-Americas-S-A-H1-2024-Earnings-Call-Jul-24-2024-47455806\/\" class=\"txt-- txt-overflow-2 link link--no-underline my-5 my-m-0 txt-m-inline\" target=\"_blank\" rel=\"noopener\"><\/p>\n<p>    Minor Hotels Europe &amp; Americas, S.A., H1 2024 Earnings Call, Jul 24, 2024<\/p>\n<p>                        <\/a><\/td>\n<td class=\"table-child--right  table-child--nowrap table-child--w100 txt-s1\">\n    24.07.24<\/td>\n<td class=\"table-child--right table-child--w40 c-none cm-table\"><\/td>\n<\/tr>\n<tr class=\"\" wp_automatic_readability=\"0.34615384615385\">\n<td class=\"w-100\"><a href=\"https:\/\/de.marketscreener.com\/kurs\/aktie\/MINOR-HOTELS-EUROPE-AMERI-69100\/news\/Minor-Hotels-Europe-Americas-S-A-meldet-Ergebnis-fur-das-Halbjahr-bis-zum-30-Juni-2024-47463398\/\" class=\"txt-- txt-overflow-2 link link--no-underline my-5 my-m-0 txt-m-inline\" target=\"_blank\" rel=\"noopener\"><\/p>\n<p>Minor Hotels Europe &amp; Americas, S.A. meldet Ergebnis f\u00fcr das Halbjahr bis zum 30. Juni 2024<\/p>\n<p>                        <\/a><\/td>\n<td class=\"table-child--right  table-child--nowrap table-child--w100 txt-s1\">\n    23.07.24<\/td>\n<td class=\"table-child--right table-child--w40 c-none cm-table\">\n                                    CI\n                        <\/td>\n<\/tr>\n<tr class=\"\" wp_automatic_readability=\"0.35294117647059\">\n<td class=\"w-100\"><a href=\"https:\/\/de.marketscreener.com\/kurs\/aktie\/MINOR-HOTELS-EUROPE-AMERI-69100\/news\/Minor-Hotels-Europe-Americas-kundigt-Wechsel-des-CEO-an-46956473\/\" class=\"txt-- txt-overflow-2 link link--no-underline my-5 my-m-0 txt-m-inline\" target=\"_blank\" rel=\"noopener\"><\/p>\n<p>Minor Hotels Europe Americas k\u00fcndigt Wechsel des CEO an<\/p>\n<p>                        <\/a><\/td>\n<td class=\"table-child--right  table-child--nowrap table-child--w100 txt-s1\">\n    07.06.24<\/td>\n<td class=\"table-child--right table-child--w40 c-none cm-table\">\n                                    CI\n                        <\/td>\n<\/tr>\n<tr class=\"\" wp_automatic_readability=\"0.30769230769231\">\n<td class=\"w-100\"><a href=\"https:\/\/de.marketscreener.com\/kurs\/aktie\/MINOR-HOTELS-EUROPE-AMERI-69100\/news\/Minor-Hotels-Europe-Americas-kundigt-die-Ernennung-von-Ramon-Aragones-zum-Non-Executive-Vice-Chairm-46956471\/\" class=\"txt-- txt-overflow-2 link link--no-underline my-5 my-m-0 txt-m-inline\" target=\"_blank\" rel=\"noopener\"><\/p>\n<p>Minor Hotels Europe Americas k\u00fcndigt die Ernennung von Ramon Aragones zum Non-Executive Vice Chairman an<\/p>\n<p>                        <\/a><\/td>\n<td class=\"table-child--right  table-child--nowrap table-child--w100 txt-s1\">\n    07.06.24<\/td>\n<td class=\"table-child--right table-child--w40 c-none cm-table\">\n                                    CI\n                        <\/td>\n<\/tr>\n<tr class=\"\" wp_automatic_readability=\"0.29032258064516\">\n<td class=\"w-100\"><a href=\"https:\/\/de.marketscreener.com\/kurs\/aktie\/MINOR-HOTELS-EUROPE-AMERI-69100\/news\/NH-Hotel-Group-Angemessenes-Q1-ohne-Uberraschungen-46715119\/\" class=\"txt-- txt-overflow-2 link link--no-underline my-5 my-m-0 txt-m-inline\" target=\"_blank\" rel=\"noopener\"><\/p>\n<p>NH HOTEL GROUP :  Angemessenes Q1 ohne \u00dcberraschungen <\/p>\n<p>                        <\/a><\/td>\n<td class=\"table-child--right  table-child--nowrap table-child--w100 txt-s1\">\n    14.05.24<\/td>\n<td class=\"table-child--right table-child--w40 c-none cm-table\"><img decoding=\"async\" src=\"https:\/\/www.europesays.com\/de\/wp-content\/uploads\/2025\/05\/alphavalue.png\" alt=\"Alphavalue\"\/><\/td>\n<\/tr>\n<p>DauerAuto.2 Monate3 Monate6 Monate9 Monate1 Jahr2 Jahre5 Jahre10 JahreMax.<\/p>\n<p>ZeitraumTagWoche<\/p>\n<p><img decoding=\"async\" id=\"chart_ta_69100\" src=\"https:\/\/de.marketscreener.com\/zbcache\/charts\/ObjectChart.aspx?Name=69100&amp;Type=Custom&amp;Intraday=1&amp;Width={width}&amp;Height={height}&amp;Cycle=DAY1&amp;Duration={duration}&amp;Render=Candle&amp;ShowCopyright=2&amp;ShowName=0&amp;Locale=de&amp;ShowVolume=1&amp;Company=Skin:ZonebourseLight&amp;externload=\" bad-src=\"data:image\/gif;base64,R0lGODlhAQABAAD\/ACwAAAAAAQABAAACADs=\" data-cycle=\"DAY1\" data-type=\"1\" alt=\"Chart Minor Hotels Europe &amp; Americas, S.A.\" class=\"c-block js-responsive-ta-chart\"\/><a href=\"https:\/\/de.marketscreener.com\/kurs\/aktie\/MINOR-HOTELS-EUROPE-AMERI-69100\/grafiken\/\" class=\"c-bock mt-10 link link__more\" target=\"_blank\" rel=\"noopener\"><br \/>\n                NHH: Dynamischer Chart<br \/>\n            <\/a><img decoding=\"async\" class=\"pr-5\" height=\"30\" alt=\"Logo Minor Hotels Europe &amp; Americas, S.A.\" onerror=\"this.onerror=null;this.style.display = 'none'\" src=\"https:\/\/www.europesays.com\/de\/wp-content\/uploads\/2025\/05\/instruments-squared-69100.png\"\/><br \/>\n        NH Hotel Group SA, ehemals NH HOTELES, S.A., ist ein in Spanien ans\u00e4ssiges Unternehmen, das haupts\u00e4chlich im Gastgewerbe t\u00e4tig ist. Die Aktivit\u00e4ten des Unternehmens sind in zwei Gesch\u00e4ftsbereiche unterteilt: Hotels und Immobilien. Der Gesch\u00e4ftsbereich Hotels ist in der Verwaltung und dem Betrieb von Hotelketten unter den Markennamen NH Hoteles, NH Collection, Hesperia Resorts und nhow t\u00e4tig. Der Bereich Immobilien umfasst die Aktivit\u00e4ten im Zusammenhang mit der Verm\u00f6gensverwaltung. Zu den Dienstleistungen des Unternehmens geh\u00f6ren neben der Unterbringung auch die Gastronomie und die Organisation von Banketten. Die Hotels des Unternehmens befinden sich in Europa, Nord- und S\u00fcdamerika und Afrika. Das Unternehmen ist die Muttergesellschaft der NH Hotels Group, zu der zahlreiche Tochtergesellschaften geh\u00f6ren, wie Nuevos Espacios Hoteleros SA, Latinoamerica de Gestion Hotelera SL und NH Hotel Ciutat De Reus SA.<br \/>\n    <a href=\"https:\/\/de.marketscreener.com\/kurs\/aktie\/MINOR-HOTELS-EUROPE-AMERI-69100\/unternehmen\/\" class=\"link link__more c-block mt-10\" target=\"_blank\" rel=\"noopener\"><br \/>\n                Mehr Unternehmensinformationen<br \/>\n            <\/a>Verkaufen<img decoding=\"async\" style=\"padding-left:34.3px;\" src=\"https:\/\/www.europesays.com\/de\/wp-content\/uploads\/2025\/04\/consensus_flch.gif\" alt=\"Analystensch\u00e4tzungen\"\/>Kaufen<\/p>\n<p>Durchschnittl. Empfehlung<\/p>\n<p>REDUZIEREN<\/p>\n<p>Letzter Schlusskurs<\/p>\n<p>6,330EUR<\/p>\n<p>Mittleres Kursziel<\/p>\n<p>5,780EUR<\/p>\n<p>Abstand \/ Mittleres Kursziel<\/p>\n<p>-8,69\u00a0%<\/p>\n<p><a href=\"https:\/\/de.marketscreener.com\/kurs\/aktie\/MINOR-HOTELS-EUROPE-AMERI-69100\/analystenerwartungen\/\" class=\"link link__more c-block mt-10\" target=\"_blank\" rel=\"noopener\">Analystensch\u00e4tzungen<\/a>Quartalsums\u00e4tze &#8211; Abweichungsrate<br \/>\n    <img decoding=\"async\" src=\"https:\/\/www.europesays.com\/de\/wp-content\/uploads\/2025\/04\/img_footer_appstore.png\" alt=\"Download from Apple Store\" loading=\"lazy\"\/><\/p>\n<p class=\"m-0\">UNSERE EXPERTEN SIND F\u00dcR SIE DA<\/p>\n<p class=\"m-0 txt-bold\">Montag &#8211; Freitag 9.00-12.00 Uhr \/ 14.00-18.00 Uhr<\/p>\n<p><img decoding=\"async\" src=\"https:\/\/www.europesays.com\/de\/wp-content\/uploads\/2025\/04\/footer_logo_ms.png\" width=\"218\" height=\"21\" alt=\"MarketScreener, B\u00f6rse-Live\" loading=\"lazy\"\/><br \/>\n                    Impressum<br \/>\n                |<br \/>\n                Cookie-Einstellungen<br \/>\n            |<a href=\"https:\/\/de.marketscreener.com\/wer-sind-wir\" class=\"link txt-footer\" target=\"_blank\" rel=\"noopener\"><br \/>\n                \u00dcber uns<br \/>\n            <\/a>|<br \/>\n                   Werbung<br \/>\n            |<br \/>\n                Copyright \u00a9 2025 Surperformance SAS. Alle Rechte vorbehalten.<\/p>\n<p>\n            B\u00f6rsenkurse werden von Factset, Morningstar und S&amp;P Capital IQ zur Verf\u00fcgung gestellt\n        <\/p>\n<p>]]]]>]]><\/p>\n<p class=\"pl-10 txt-bold m-0\">Bitte w\u00e4hlen Sie Ihre Ausgabe<\/p>\n<p class=\"txt-s1 txt-muted m-0 pl-10\">Alle Finanzinformationen auf nationaler Ebene angepasst<\/p>\n<\/td>\n","protected":false},"excerpt":{"rendered":"Markt geschlossen &#8211; BME 17:35:14 12.05.2025 Nachb\u00f6rslich 19:45:28 6,320 EUR -0,16\u00a0% 6,330 +0,16\u00a0% Ver\u00f6ffentlicht am 12.05.2025 um 18:31&hellip;\n","protected":false},"author":2,"featured_media":20500,"comment_status":"","ping_status":"","sticky":false,"template":"","format":"standard","meta":{"footnotes":""},"categories":[3933],"tags":[331,332,665,548,663,158,3934,3935,13,14,15,12],"class_list":{"0":"post-105292","1":"post","2":"type-post","3":"status-publish","4":"format-standard","5":"has-post-thumbnail","7":"category-eu","8":"tag-aktuelle-nachrichten","9":"tag-aktuelle-news","10":"tag-boerse","11":"tag-eu","12":"tag-europa","13":"tag-europaeische-union","14":"tag-europe","15":"tag-european-union","16":"tag-headlines","17":"tag-nachrichten","18":"tag-news","19":"tag-schlagzeilen"},"share_on_mastodon":{"url":"https:\/\/pubeurope.com\/@de\/114496131977548795","error":""},"_links":{"self":[{"href":"https:\/\/www.europesays.com\/de\/wp-json\/wp\/v2\/posts\/105292","targetHints":{"allow":["GET"]}}],"collection":[{"href":"https:\/\/www.europesays.com\/de\/wp-json\/wp\/v2\/posts"}],"about":[{"href":"https:\/\/www.europesays.com\/de\/wp-json\/wp\/v2\/types\/post"}],"author":[{"embeddable":true,"href":"https:\/\/www.europesays.com\/de\/wp-json\/wp\/v2\/users\/2"}],"replies":[{"embeddable":true,"href":"https:\/\/www.europesays.com\/de\/wp-json\/wp\/v2\/comments?post=105292"}],"version-history":[{"count":0,"href":"https:\/\/www.europesays.com\/de\/wp-json\/wp\/v2\/posts\/105292\/revisions"}],"wp:featuredmedia":[{"embeddable":true,"href":"https:\/\/www.europesays.com\/de\/wp-json\/wp\/v2\/media\/20500"}],"wp:attachment":[{"href":"https:\/\/www.europesays.com\/de\/wp-json\/wp\/v2\/media?parent=105292"}],"wp:term":[{"taxonomy":"category","embeddable":true,"href":"https:\/\/www.europesays.com\/de\/wp-json\/wp\/v2\/categories?post=105292"},{"taxonomy":"post_tag","embeddable":true,"href":"https:\/\/www.europesays.com\/de\/wp-json\/wp\/v2\/tags?post=105292"}],"curies":[{"name":"wp","href":"https:\/\/api.w.org\/{rel}","templated":true}]}}