{"id":1052937,"date":"2026-05-28T18:57:25","date_gmt":"2026-05-28T18:57:25","guid":{"rendered":"https:\/\/www.europesays.com\/de\/1052937\/"},"modified":"2026-05-28T18:57:25","modified_gmt":"2026-05-28T18:57:25","slug":"union-berlin-mauro-lustrinelli-sucht-seine-leader-sport","status":"publish","type":"post","link":"https:\/\/www.europesays.com\/de\/1052937\/","title":{"rendered":"Union Berlin: Mauro Lustrinelli sucht seine Leader | Sport"},"content":{"rendered":"<p><a class=\"skip-content skip-content--link\" href=\"#in-content-skip-link-target-v-0-0\">TTS-Player \u00fcberspringen\u21b5<\/a><a id=\"in-content-skip-link-target-v-0-0\" class=\"skip-content--target-link-hidden skip-content skip-content--target-link\" href=\"#in-content-skip-link-target-v-0-0\">Artikel weiterlesen<\/a><\/p>\n<p data-21134c99=\"0-1345\"><b>Kann sein Thun-Erfolgsrezept in K\u00f6penick gelingen? Der neue Union-Trainer Mauro Lustrinelli (50) schrieb mit dem FC Thun eines der gr\u00f6\u00dften M\u00e4rchen im Schweizer Fu\u00dfball: Erst der Aufstieg, dann sensationell der Meistertitel. Sein Erfolgsrezept: eine starke Achse mit zwei Kapit\u00e4nen als verl\u00e4ngerter Arm auf dem Platz. Marco B\u00fcrki (32) als Kapit\u00e4n und Leonardo Bertone (32) als Vize waren die aggressiven Leitw\u00f6lfe der Mannschaft. Der neue Union-Trainer schw\u00e4rmte von seinem F\u00fchrungs-Duo in einer k\u00fcrzlich erschienenen Doku: \u201eLeo und Marco sind sich sehr \u00e4hnlich. Beide identifizieren sich mit dem Verein und erg\u00e4nzen sich hervorragend. Das sind zwei Menschen mit gro\u00dfer Qualit\u00e4t und Pers\u00f6nlichkeit. Die beiden sind das Herz des FC Thun.\u201c<\/b><\/p>\n<p>Mehr zum Thema<\/p>\n<p data-21134c99=\"0-1345\">Besonders wichtig f\u00fcr Lustrinelli: Kapit\u00e4n B\u00fcrki, Bruder des Ex-BVB-Torwarts Roman B\u00fcrki (35). Der Ex-Kapit\u00e4n \u00fcber Lustrinelli \u201eDieses Vertrauen ist \u00fcber Jahre entstanden, es ist so viel passiert. Er ist extrem akribisch und sehr sauber. Ich sch\u00e4tze ihn extrem als Mensch \u2013 und das hat sich auf die Mannschaft \u00fcbertragen. Und er erwartete genau das Gleiche von seinen Leadern.\u201c Auch Vize-Kapit\u00e4n Leonardo Bertone hatte eine zentrale Rolle im System des Trainers. Lustrinelli erkl\u00e4rt: \u201eLeo ist der taktische Leader, den ich brauche, um gewisse Konzepte und die Organisation der Bindung umzusetzen.\u201c<\/p>\n<p><img decoding=\"async\" width=\"992\" height=\"558\" alt=\"Thuns Vize-Kapit\u00e4n Leonardo Bertone (32)\" src=\"https:\/\/www.europesays.com\/de\/wp-content\/uploads\/2026\/05\/8d527efdfa149c1ac4aa7f13e33648c0,d811df7d.jpeg\"   class=\"landscape\" loading=\"lazy\"\/><\/p>\n<p class=\"fig__caption__text\">Thuns Vize-Kapit\u00e4n Leonardo Bertone (32)<\/p>\n<p>Foto: Getty Images<\/p>\n<p>Trimmel und Khedira als neue Achse?<\/p>\n<p data-21134c99=\"1346-2447\">Klar ist: Lustrinelli braucht bei <a href=\"https:\/\/www.bild.de\/sport\/fussball\/union-berlin\/startseite-union-31148690.bild.html\" class=\"text-link\" rel=\"nofollow noopener\" target=\"_blank\">Union<\/a> ebenfalls eine funktionierende Achse. Doch wer \u00fcbernimmt diese Rollen? <a href=\"https:\/\/www.bild.de\/sport\/fussball\/union-berlin-umbruch-im-mittelfeld-droht-6a16a715f1c0dd3f2e7d6250\" class=\"text-link\" rel=\"nofollow noopener\" target=\"_blank\">Vize-Kapit\u00e4n Rani Khedira<\/a> (32\/32 Saisoneins\u00e4tze\/5 Tore) k\u00f6nnte die Eisernen ein Jahr vor Vertragsende verlassen. Borussia M\u00f6nchengladbach soll gro\u00dfes Interesse am Union-Leader haben. Ob Khedira nach seiner WM-Teilnahme mit Tunesien (2 L\u00e4nderspiele) zur\u00fcckkehrt, ist offen. Nach dem letzten Saisonspiel gegen Augsburg (4:0) konnte der langj\u00e4hrige Union-Leitwolf (185 Pflichtspiele seit 2021) seine Zukunft selbst noch nicht beantworten. Und Christopher Trimmel? Der 39-J\u00e4hrige ist zwar weiterhin ein wichtiger Charakter in der Kabine, doch ob er noch einmal der aggressive Leader auf dem Platz sein kann, ist fraglich. In der vergangenen Saison wurde der \u00d6sterreicher meist um die 70. Minute ausgewechselt. Vieles deutet darauf hin, dass Trimmel in seine letzte Saison bei Union geht. F\u00fcr Lustrinelli wird es deshalb zur wichtigsten Aufgabe, seine neuen Leader zu finden. Gelingt ihm das, k\u00f6nnte er sein Erfolgsrezept aus Thun auch in K\u00f6penick \u00fcbertragen.<\/p>\n","protected":false},"excerpt":{"rendered":"TTS-Player \u00fcberspringen\u21b5Artikel weiterlesen Kann sein Thun-Erfolgsrezept in K\u00f6penick gelingen? Der neue Union-Trainer Mauro Lustrinelli (50) schrieb mit dem&hellip;\n","protected":false},"author":2,"featured_media":1052938,"comment_status":"","ping_status":"","sticky":false,"template":"","format":"standard","meta":{"footnotes":"","_share_on_mastodon":"0"},"categories":[1825],"tags":[297,296,29,538,347,30,89200,806,4581,50667,5843,23263],"class_list":["post-1052937","post","type-post","status-publish","format-standard","has-post-thumbnail","category-berlin","tag-1-fc-union-berlin","tag-berlin","tag-deutschland","tag-erste-bundesliga","tag-fussball","tag-germany","tag-khedira-rani","tag-sport-leuchtturm-berlin","tag-sport-tag-im-ticker","tag-thun","tag-trainer","tag-trimmel-christopher"],"share_on_mastodon":{"url":"https:\/\/pubeurope.com\/@de\/116653736306917785","error":""},"_links":{"self":[{"href":"https:\/\/www.europesays.com\/de\/wp-json\/wp\/v2\/posts\/1052937","targetHints":{"allow":["GET"]}}],"collection":[{"href":"https:\/\/www.europesays.com\/de\/wp-json\/wp\/v2\/posts"}],"about":[{"href":"https:\/\/www.europesays.com\/de\/wp-json\/wp\/v2\/types\/post"}],"author":[{"embeddable":true,"href":"https:\/\/www.europesays.com\/de\/wp-json\/wp\/v2\/users\/2"}],"replies":[{"embeddable":true,"href":"https:\/\/www.europesays.com\/de\/wp-json\/wp\/v2\/comments?post=1052937"}],"version-history":[{"count":0,"href":"https:\/\/www.europesays.com\/de\/wp-json\/wp\/v2\/posts\/1052937\/revisions"}],"wp:featuredmedia":[{"embeddable":true,"href":"https:\/\/www.europesays.com\/de\/wp-json\/wp\/v2\/media\/1052938"}],"wp:attachment":[{"href":"https:\/\/www.europesays.com\/de\/wp-json\/wp\/v2\/media?parent=1052937"}],"wp:term":[{"taxonomy":"category","embeddable":true,"href":"https:\/\/www.europesays.com\/de\/wp-json\/wp\/v2\/categories?post=1052937"},{"taxonomy":"post_tag","embeddable":true,"href":"https:\/\/www.europesays.com\/de\/wp-json\/wp\/v2\/tags?post=1052937"}],"curies":[{"name":"wp","href":"https:\/\/api.w.org\/{rel}","templated":true}]}}