{"id":1053191,"date":"2026-05-28T21:40:21","date_gmt":"2026-05-28T21:40:21","guid":{"rendered":"https:\/\/www.europesays.com\/de\/1053191\/"},"modified":"2026-05-28T21:40:21","modified_gmt":"2026-05-28T21:40:21","slug":"schlappe-fuer-dresdner-csd-gericht-weist-antrag-zurueck-2","status":"publish","type":"post","link":"https:\/\/www.europesays.com\/de\/1053191\/","title":{"rendered":"Schlappe f\u00fcr Dresdner CSD: Gericht weist Antrag zur\u00fcck"},"content":{"rendered":"<p class=\"text text--s\">\n\t\t\t\tFreie Presse auf Google News folgen\n\t\t\t<\/p>\n<p class=\"bold\">\n\t\t\t\t\t\t\t\t\t\tDie Organisatoren des Dresdner Christopher Street Days k\u00e4mpfen f\u00fcr den Status ihres Stra\u00dfenfestes als Versammlung. So hat das Verwaltungsgericht Dresden entschieden.\t\t\t\t<\/p>\n<p>\t\t\t\t\t\t\t\t\t\t\t\t\t\t\t\t\t\t\tDresden.<\/p>\n<p>Im Streit um den diesj\u00e4hrigen <a href=\"https:\/\/www.freiepresse.de\/thema\/christopher+street+day\" title=\"Artikel zum Thema: Christopher Street Day\" class=\"internal-article-link\" data-ct=\"ENTITY\/KEYWORD\/CHRISTOPHER-STREET-DAY\" rel=\"nofollow noopener\" target=\"_blank\">Christopher Street Day<\/a> (CSD) in Dresden haben die Organisatoren einen R\u00fcckschlag erlitten. Das zust\u00e4ndige Verwaltungsgericht lehnte ihren Eilantrag ab. Damit wollten sie durchsetzen, dass nicht nur der Demonstrationszug, sondern auch das geplante Stra\u00dfenfest als Versammlung eingestuft wird. Nach Einsch\u00e4tzung der Richter handle es sich bei der Veranstaltung auf dem Altmarkt jedoch um ein Fest, &#8222;das durch kommerzielle und insbesondere gastronomische Angebote gepr\u00e4gt sei&#8220;, hei\u00dft es in einer Mitteilung. Damit sei es keine genehmigungsfreie Versammlung im Sinne des s\u00e4chsischen Versammlungsgesetzes und des Grundgesetzes.\u00a0<\/p>\n<p>Die Landesdirektion Dresden hatte verf\u00fcgt, dass der CSD Dresden nicht in G\u00e4nze als Versammlung eingestuft wird. Nur der Umzug sei eine Versammlung, nicht aber das mehrt\u00e4gige Stra\u00dfenfest, so die oberste Versammlungsbeh\u00f6rde Ende M\u00e4rz. Bei einer Einstufung als Veranstaltung muss der Veranstalter die Kosten f\u00fcr Sicherheit, Infrastruktur und Reinigung in vollem Umfang tragen. Die CSD-Organisatoren hatten erkl\u00e4rt, dass die Veranstaltung unter diesen Vorgaben nicht stattfinden k\u00f6nne.\u00a0<\/p>\n<p>\tBeschwerde beim Oberverwaltungsgericht m\u00f6glich<\/p>\n<p>Das CSD-Stra\u00dfenfest ist vom 4. bis 6. Juni geplant &#8211; mit Verkaufsst\u00e4nden, gastronomischen Angeboten und B\u00fchnenprogrammen. Am Abschlusstag soll es eine <a href=\"https:\/\/www.freiepresse.de\/thema\/demonstration\" title=\"Artikel zum Thema: Demonstration\" class=\"internal-article-link\" data-ct=\"ENTITY\/KEYWORD\/DEMONSTRATION\" rel=\"nofollow noopener\" target=\"_blank\">Demonstration<\/a> geben. Gegen die Entscheidung des Verwaltungsgerichts Dresden kann den Angaben zufolge Beschwerde beim Oberverwaltungsgericht in Bautzen erhoben werden. Das weitere Vorgehen werde nun mit den Anw\u00e4lten beraten, sagte der Vorstandssprecher des Vereins CSD Dresden, Ronald Zenker, auf Anfrage der Deutschen Presse-Agentur.\u00a0<\/p>\n<p>Beim Christopher Street Day wird allj\u00e4hrlich in verschiedenen St\u00e4dten f\u00fcr die Rechte von Homosexuellen und anderen queeren Menschen sowie gegen Diskriminierung demonstriert. (dpa)<\/p>\n","protected":false},"excerpt":{"rendered":"Freie Presse auf Google News folgen Die Organisatoren des Dresdner Christopher Street Days k\u00e4mpfen f\u00fcr den Status ihres&hellip;\n","protected":false},"author":2,"featured_media":1053192,"comment_status":"","ping_status":"","sticky":false,"template":"","format":"standard","meta":{"footnotes":"","_share_on_mastodon":"0"},"categories":[1835],"tags":[3364,3388,29,2386,30,859],"class_list":["post-1053191","post","type-post","status-publish","format-standard","has-post-thumbnail","category-dresden","tag-de","tag-demos","tag-deutschland","tag-dresden","tag-germany","tag-sachsen"],"share_on_mastodon":{"url":"https:\/\/pubeurope.com\/@de\/116654376607764287","error":""},"_links":{"self":[{"href":"https:\/\/www.europesays.com\/de\/wp-json\/wp\/v2\/posts\/1053191","targetHints":{"allow":["GET"]}}],"collection":[{"href":"https:\/\/www.europesays.com\/de\/wp-json\/wp\/v2\/posts"}],"about":[{"href":"https:\/\/www.europesays.com\/de\/wp-json\/wp\/v2\/types\/post"}],"author":[{"embeddable":true,"href":"https:\/\/www.europesays.com\/de\/wp-json\/wp\/v2\/users\/2"}],"replies":[{"embeddable":true,"href":"https:\/\/www.europesays.com\/de\/wp-json\/wp\/v2\/comments?post=1053191"}],"version-history":[{"count":0,"href":"https:\/\/www.europesays.com\/de\/wp-json\/wp\/v2\/posts\/1053191\/revisions"}],"wp:featuredmedia":[{"embeddable":true,"href":"https:\/\/www.europesays.com\/de\/wp-json\/wp\/v2\/media\/1053192"}],"wp:attachment":[{"href":"https:\/\/www.europesays.com\/de\/wp-json\/wp\/v2\/media?parent=1053191"}],"wp:term":[{"taxonomy":"category","embeddable":true,"href":"https:\/\/www.europesays.com\/de\/wp-json\/wp\/v2\/categories?post=1053191"},{"taxonomy":"post_tag","embeddable":true,"href":"https:\/\/www.europesays.com\/de\/wp-json\/wp\/v2\/tags?post=1053191"}],"curies":[{"name":"wp","href":"https:\/\/api.w.org\/{rel}","templated":true}]}}