{"id":1053212,"date":"2026-05-28T21:53:20","date_gmt":"2026-05-28T21:53:20","guid":{"rendered":"https:\/\/www.europesays.com\/de\/1053212\/"},"modified":"2026-05-28T21:53:20","modified_gmt":"2026-05-28T21:53:20","slug":"unfall-mit-fahrerflucht-bei-odelzhausen-stau-auf-der-a8-richtung-stuttgart","status":"publish","type":"post","link":"https:\/\/www.europesays.com\/de\/1053212\/","title":{"rendered":"Unfall mit Fahrerflucht bei Odelzhausen: Stau auf der A8 Richtung Stuttgart"},"content":{"rendered":"<p class=\"mb-6 text-xs md:text-m lg:text-l font-serif group-[.font-sans]:font-sans \">\n    Zu einem Auffahrunfall kam es am Donnerstagabend gegen kurz vor 18 Uhr <a href=\"https:\/\/www.augsburger-allgemeine.de\/bayern\/stau-auf-der-a8-auto-faengt-feuer-und-sorgt-fuer-verkehrsbehinderung-26-05-114300276\" target=\"_self\" class=\"underline \" rel=\"nofollow noopener\">auf der A8 bei Odelzhausen<\/a>. Der noch unbekannte Fahrer eines der zwei beteiligten <a href=\"https:\/\/www.ka-news.de\/auto\" target=\"_self\" class=\"underline \" rel=\"nofollow noopener\">Autos<\/a> entfernte sich nach dem Zusammensto\u00df vom Unfallort, wie eine Sprecherin der Verkehrspolizeiinspektion F\u00fcrstenfeldbruck auf Nachfrage erkl\u00e4rte.\n  <\/p>\n<p class=\"mb-6 text-xs md:text-m lg:text-l font-serif group-[.font-sans]:font-sans \">\n    Der Unfall ereignete sich demnach in Fahrtrichtung Stuttgart auf der linken Spur. Nach ersten Erkenntnissen der Polizei bremste ein Auto pl\u00f6tzlich ab, weshalb das dahinter fahrende Auto nicht mehr rechtzeitig bremsen konnte und auffuhr. Verletzt wurde im hinteren Auto nach ersten Erkenntnissen niemand.\n  <\/p>\n<p>            Unfall mit zwei Autos und Stau auf der A8 Richtung Stuttgart<\/p>\n<p class=\"mb-6 text-xs md:text-m lg:text-l font-serif group-[.font-sans]:font-sans \">\n    Der Wagen, der gebremst hatte, <a href=\"https:\/\/www.augsburger-allgemeine.de\/schwabmuenchen\/fahrerflucht-nach-zusammenstoss-76-jaehriger-stuerzt-in-bobingen-aus-rollstuhl-und-muss-verletzt-ins-krankenhaus-114330871\" target=\"_self\" class=\"underline \" rel=\"nofollow noopener\">fuhr unerlaubt weiter<\/a>, noch bevor die Polizei den Unfallort erreichte. Zwischenzeitlich kam es zu Beeintr\u00e4chtigungen im Feierabendverkehr. Es bildete sich in Fahrtrichtung Stuttgart ein Stau auf der A8, der teils auf rund zwei Kilometer anwuchs, sp\u00e4ter kam es noch zu stockendem Verkehr.\n  <\/p>\n<p class=\"mb-6 text-xs md:text-m lg:text-l font-serif group-[.font-sans]:font-sans \">\n    Gegen 18.30 Uhr konnte die Polizei alle Fahrstreifen wieder freigeben, der Verkehr normalisierte sich. M\u00f6gliche Zeugen des Unfalls werden gebeten, sich bei der Verkehrspolizei F\u00fcrstenfeldbruck zu melden. Das geht beispielsweise telefonisch unter der Nummer 089\/89118-0.\n  <\/p>\n","protected":false},"excerpt":{"rendered":"Zu einem Auffahrunfall kam es am Donnerstagabend gegen kurz vor 18 Uhr auf der A8 bei Odelzhausen. Der&hellip;\n","protected":false},"author":2,"featured_media":1053213,"comment_status":"","ping_status":"","sticky":false,"template":"","format":"standard","meta":{"footnotes":"","_share_on_mastodon":"0"},"categories":[1830],"tags":[23811,513,1634,3364,29,5516,38921,25219,30,144958,121,5716,1441,1284],"class_list":["post-1053212","post","type-post","status-publish","format-standard","has-post-thumbnail","category-stuttgart","tag-auffahrunfall","tag-auto","tag-baden-wuerttemberg","tag-de","tag-deutschland","tag-fahrerflucht","tag-feierabendverkehr","tag-fuerstenfeldbruck","tag-germany","tag-odelzhausen","tag-polizei","tag-stau","tag-stuttgart","tag-unfall"],"share_on_mastodon":{"url":"https:\/\/pubeurope.com\/@de\/116654428050334614","error":""},"_links":{"self":[{"href":"https:\/\/www.europesays.com\/de\/wp-json\/wp\/v2\/posts\/1053212","targetHints":{"allow":["GET"]}}],"collection":[{"href":"https:\/\/www.europesays.com\/de\/wp-json\/wp\/v2\/posts"}],"about":[{"href":"https:\/\/www.europesays.com\/de\/wp-json\/wp\/v2\/types\/post"}],"author":[{"embeddable":true,"href":"https:\/\/www.europesays.com\/de\/wp-json\/wp\/v2\/users\/2"}],"replies":[{"embeddable":true,"href":"https:\/\/www.europesays.com\/de\/wp-json\/wp\/v2\/comments?post=1053212"}],"version-history":[{"count":0,"href":"https:\/\/www.europesays.com\/de\/wp-json\/wp\/v2\/posts\/1053212\/revisions"}],"wp:featuredmedia":[{"embeddable":true,"href":"https:\/\/www.europesays.com\/de\/wp-json\/wp\/v2\/media\/1053213"}],"wp:attachment":[{"href":"https:\/\/www.europesays.com\/de\/wp-json\/wp\/v2\/media?parent=1053212"}],"wp:term":[{"taxonomy":"category","embeddable":true,"href":"https:\/\/www.europesays.com\/de\/wp-json\/wp\/v2\/categories?post=1053212"},{"taxonomy":"post_tag","embeddable":true,"href":"https:\/\/www.europesays.com\/de\/wp-json\/wp\/v2\/tags?post=1053212"}],"curies":[{"name":"wp","href":"https:\/\/api.w.org\/{rel}","templated":true}]}}