{"id":1053419,"date":"2026-05-28T23:59:21","date_gmt":"2026-05-28T23:59:21","guid":{"rendered":"https:\/\/www.europesays.com\/de\/1053419\/"},"modified":"2026-05-28T23:59:21","modified_gmt":"2026-05-28T23:59:21","slug":"zwei-endspiele-acosta-trifft-im-braunschweiger-duell-auf-volkmarode","status":"publish","type":"post","link":"https:\/\/www.europesays.com\/de\/1053419\/","title":{"rendered":"&#8222;Zwei Endspiele&#8220; -Acosta trifft im Braunschweiger Duell auf Volkmarode"},"content":{"rendered":"<p>Vor dem Braunschweiger Duell zwischen dem BSC Acosta und RW Volkmarode ist die Ausgangslage klar: W\u00e4hrend die Gastgeber ihr letztes Heimspiel der Saison bestreiten, k\u00e4mpft Volkmarode weiter um wichtige Punkte im Tabellenkeller. Entsprechend gro\u00df ist die Brisanz vor der Partie.<\/p>\n<p>BSC-Trainer Joshua Sievert blickt mit Vorfreude auf das Spiel: \u201eSamstag ist erstmal unser letztes Heimspiel. Danach werden wir gemeinsam mit unseren Unterst\u00fctzern, also Freunde, Familie, Fans, die Saison im Nachgang an das Spiel nochmal ein bisschen Revue passieren lassen.\u201c Gleichzeitig machte er deutlich, dass seine Mannschaft die Saison keineswegs austrudeln lassen wolle: \u201eWir wollen beide restlichen Spiele gewinnen, definitiv.\u201c<\/p>\n<p>Auch aufseiten von Volkmarode ist die Bedeutung der Partie klar. Trainer Collin Gerstung sprach von zwei \u201eEndspielen\u201c in den verbleibenden Wochen: \u201eWir haben noch zwei Spiele, BSC und Vahdet sind beides als Endspiele und wollen unseren Tabellenplatz, den wir jetzt innehalten, verteidigen.\u201c Daf\u00fcr m\u00fcsse seine Mannschaft beim BSC \u201eunbedingt punkten\u201c.<br \/>Auf Seiten der G\u00e4ste blickt man bis zu zwei Ligen h\u00f6her. W\u00fcrde Egestorf-Langreder \u00fcber die Relegation den Aufstieg in die Regionalliga finassieren, w\u00fcrde auch der MTV Wolfenb\u00fcttel in der Oberliga bleiben und so w\u00fcrde der Tabellenzw\u00f6lfte, der Platz auf dem Volkmarode aktuell steht, gleichbedeutend mit dem Klassenerhalt sein. Aktuell hat Volkmarode zwei Punkte Vorsprung auf Platz 13, den Vahdet aktuell belegt.<\/p>\n<p>Sievert erwartet dabei einen kampfstarken Gegner: \u201eVolkmarode ist nat\u00fcrlich eine Mannschaft, die insbesondere auf Rasen wirklich sehr stark ist. Sie werden uns alles abverlangen. Sie werden rennen, k\u00e4mpfen, bei\u00dfen und einfach auch alles geben, um da die Punkte zu holen.\u201c Gleichzeitig k\u00fcndigte er an, dass seine Mannschaft dagegenhalten werde: \u201eAuch wir werden alles geben, auch wir werden rennen, kratzen, bei\u00dfen, weil wir die Punkte bei uns haben wollen.\u201c<\/p>\n<p>Auch Gerstung wei\u00df um die schwere Aufgabe gegen den offensivstarken BSC Acosta: \u201eWir wissen auch, dass BSC eine brutale individuelle Qualit\u00e4t hat, vor allem in der Offensive.\u201c Trotzdem reist Volkmarode mit Selbstvertrauen an: \u201eDie Jungs sind gewillt und hei\u00df\u201c, erkl\u00e4rte der Trainer. Im Hinspiel klappte dies gut. Damals gewann Volkmarode mit 3:1. Jedoch gewann Acosta drei der vergangenen vier Partien, w\u00e4hrend Volkmarode seit sechs Spielen sieglos ist.<\/p>\n<p> Gegenseitiger Respekt  <\/p>\n<p>F\u00fcr Sievert ist das Spiel zudem mehr als nur ein normales Ligaduell: \u201eIch glaube, es erwartet uns da am Samstag ein ziemlich hei\u00dfes, ein ziemlich brisantes Stadtduell, wo es noch um sehr, sehr, sehr viel geht.\u201c Besonders freue er sich auch auf das Trainerduell mit Collin Gerstung, \u201edessen Arbeit ich sehr sch\u00e4tze\u201c.<\/p>\n<p>Auch Gerstung erwartet einen intensiven Fu\u00dfballnachmittag: \u201eWir wissen, dass es ein spannendes, unterhaltsames Fu\u00dfballspiel wird. Wir werden nichts geschenkt bekommen, sind aber trotzdem positiv gestimmt.\u201c<br \/>Anpfiff ist am kommenden Samstag um 14.00 Uhr.<\/p>\n","protected":false},"excerpt":{"rendered":"Vor dem Braunschweiger Duell zwischen dem BSC Acosta und RW Volkmarode ist die Ausgangslage klar: W\u00e4hrend die Gastgeber&hellip;\n","protected":false},"author":2,"featured_media":1053420,"comment_status":"","ping_status":"","sticky":false,"template":"","format":"standard","meta":{"footnotes":"","_share_on_mastodon":"0"},"categories":[1850],"tags":[6429,116506,3364,29,548,663,3934,30,13,116494,14,15,1411,116508,12],"class_list":["post-1053419","post","type-post","status-publish","format-standard","has-post-thumbnail","category-braunschweig","tag-braunschweig","tag-bsc-acosta","tag-de","tag-deutschland","tag-eu","tag-europa","tag-europe","tag-germany","tag-headlines","tag-landesliga-braunschweig","tag-nachrichten","tag-news","tag-niedersachsen","tag-sc-rot-weiss-volkmarode","tag-schlagzeilen"],"share_on_mastodon":{"url":"https:\/\/pubeurope.com\/@de\/116654922962177550","error":""},"_links":{"self":[{"href":"https:\/\/www.europesays.com\/de\/wp-json\/wp\/v2\/posts\/1053419","targetHints":{"allow":["GET"]}}],"collection":[{"href":"https:\/\/www.europesays.com\/de\/wp-json\/wp\/v2\/posts"}],"about":[{"href":"https:\/\/www.europesays.com\/de\/wp-json\/wp\/v2\/types\/post"}],"author":[{"embeddable":true,"href":"https:\/\/www.europesays.com\/de\/wp-json\/wp\/v2\/users\/2"}],"replies":[{"embeddable":true,"href":"https:\/\/www.europesays.com\/de\/wp-json\/wp\/v2\/comments?post=1053419"}],"version-history":[{"count":0,"href":"https:\/\/www.europesays.com\/de\/wp-json\/wp\/v2\/posts\/1053419\/revisions"}],"wp:featuredmedia":[{"embeddable":true,"href":"https:\/\/www.europesays.com\/de\/wp-json\/wp\/v2\/media\/1053420"}],"wp:attachment":[{"href":"https:\/\/www.europesays.com\/de\/wp-json\/wp\/v2\/media?parent=1053419"}],"wp:term":[{"taxonomy":"category","embeddable":true,"href":"https:\/\/www.europesays.com\/de\/wp-json\/wp\/v2\/categories?post=1053419"},{"taxonomy":"post_tag","embeddable":true,"href":"https:\/\/www.europesays.com\/de\/wp-json\/wp\/v2\/tags?post=1053419"}],"curies":[{"name":"wp","href":"https:\/\/api.w.org\/{rel}","templated":true}]}}