{"id":1053461,"date":"2026-05-29T00:24:28","date_gmt":"2026-05-29T00:24:28","guid":{"rendered":"https:\/\/www.europesays.com\/de\/1053461\/"},"modified":"2026-05-29T00:24:28","modified_gmt":"2026-05-29T00:24:28","slug":"eu-genehmigt-fusion-von-dmk-und-arla","status":"publish","type":"post","link":"https:\/\/www.europesays.com\/de\/1053461\/","title":{"rendered":"EU genehmigt Fusion von DMK und Arla"},"content":{"rendered":"<p>Deutsche DMK und Arla <\/p>\n<p>Fusion von Molkerei-Riesen von der EU genehmigt<\/p>\n<p>29.05.2026 &#8211; 01:57 UhrLesedauer: 1 Min.<\/p>\n<p><a href=\"#focus-0\" class=\"transition-colors duration-200 block text-current relative\" data-sctrack=\"FocusGalleryImage.Reference\"><img fetchpriority=\"high\" data-testid=\"Opener.Image\"   loading=\"eager\" src=\"https:\/\/www.europesays.com\/de\/wp-content\/uploads\/2026\/05\/rind-an-pflegebuerste-symbolbild-viele-norddeutsche-landwirte-beliefern-das-bremer-unternehmen-dmk.j.jpeg\" alt=\"Rind an Pflegeb\u00fcrste (Symbolbild): Viele norddeutsche Landwirte beliefern das Bremer Unternehmen DMK.\" title=\"Rind an Pflegeb\u00fcrste (Symbolbild): Viele norddeutsche Landwirte beliefern das Bremer Unternehmen DMK.\" width=\"4000\" height=\"2250\" class=\"bg-[url:var(--lqipURL)] bg-cover bg-center flex h-full w-full max-w-full\" style=\"--lqipURL:url('https:\/\/images.t-online.de\/2025\/04\/zkO2wUGlXEom\/0x416:4000x2250\/fit-in\/150x0\/filters:blur(25)\/rind-an-pflegebuerste-symbolbild-viele-norddeutsche-landwirte-beliefern-das-bremer-unternehmen-dmk.jpg')\" decoding=\"async\"\/><img loading=\"lazy\" src=\"https:\/\/www.t-online.de\/s\/paper\/_next\/static\/media\/zoom-in.f7dae02f.svg\" alt=\"Vergr\u00f6\u00dfern des Bildes\" title=\"Vergr\u00f6\u00dfern des Bildes\" class=\"block h-[calc(var(--height)_\/_16_*_1rem)] w-[calc(var(--width)_\/_16_*_1rem)] max-w-none absolute bottom-8 right-8 rounded-4 bg-snow p-8\" style=\"--width:32;--height:32\" decoding=\"async\"\/><\/a><\/p>\n<p>Rind an Pflegeb\u00fcrste (Symbolbild): Viele norddeutsche Landwirte beliefern das Bremer Unternehmen DMK. (Quelle: Funke Foto Services\/imago-images-bilder)<\/p>\n<p><img loading=\"lazy\" src=\"https:\/\/www.t-online.de\/s\/paper\/_next\/static\/media\/audio-volume.6689034c.svg\" alt=\"\" title=\"\" class=\"block h-[calc(var(--height)_\/_16_*_1rem)] w-[calc(var(--width)_\/_16_*_1rem)] max-w-none group-hover:brightness-0 group-hover:invert\" style=\"--width:16;--height:16\" decoding=\"async\"\/>Vorlesen<\/p>\n<p>Aktuelle Zeit:0:00Gesamtdauer:0:00<\/p>\n<p>1x<\/p>\n<p class=\"text-center\">Jetzt neu bei t-online:<\/p>\n<p class=\"text-center\">Schriftgr\u00f6\u00dfe anpassen!<\/p>\n<p><img loading=\"lazy\" src=\"https:\/\/www.t-online.de\/s\/paper\/_next\/static\/media\/font-sizes.32942e33.svg\" alt=\"\" title=\"\" class=\"block h-[calc(var(--height)_\/_16_*_1rem)] w-[calc(var(--width)_\/_16_*_1rem)] max-w-none group-hover:hidden group-aria-expanded:hidden\" style=\"--width:16;--height:16\" decoding=\"async\"\/><img loading=\"lazy\" src=\"https:\/\/www.t-online.de\/s\/paper\/_next\/static\/media\/font-sizes-dark-mode.e382645c.svg\" alt=\"\" title=\"\" class=\"block h-[calc(var(--height)_\/_16_*_1rem)] w-[calc(var(--width)_\/_16_*_1rem)] max-w-none hidden group-hover:block group-aria-expanded:block\" style=\"--width:16;--height:16\" decoding=\"async\"\/><img loading=\"lazy\" src=\"https:\/\/www.t-online.de\/s\/paper\/_next\/static\/media\/sharing-menu-icon.1eb71368.svg\" alt=\"\" title=\"\" class=\"block h-[calc(var(--height)_\/_16_*_1rem)] w-[calc(var(--width)_\/_16_*_1rem)] max-w-none group-hover:brightness-0 group-hover:invert\" style=\"--width:16;--height:16\" decoding=\"async\"\/>Artikel teilen<\/p>\n<p class=\"font-bold text-18 leading-17 user-text-lg:text-22 user-text-xl:text-24\">Elefantenhochzeit in der europ\u00e4ischen Molkereibranche: Arla und DMK gehen zusammen. Die EU sieht keine Hindernisse f\u00fcr deutsche Milchbauern.<\/p>\n<p class=\"text-18 leading-17 user-text-lg:text-22 user-text-xl:text-24\">Die Europ\u00e4ische Kommission hat die Fusion der deutschen Molkereigenossenschaft DMK mit dem d\u00e4nisch-schwedischen Unternehmen Arla Foods ohne Auflagen genehmigt. Laut Kommission gibt es keine Gefahr f\u00fcr den Wettbewerb \u2013 weder bei der Rohmilchbeschaffung noch bei der Belieferung des Einzelhandels.<\/p>\n<p class=\"text-18 leading-17 user-text-lg:text-22 user-text-xl:text-24\">Die Unternehmen seien bei der Rohmilchbeschaffung vor allem in Norddeutschland Konkurrenten, hie\u00df es in der Kommissionsmitteilung. Arla sei aber aufgrund ihrer genossenschaftlichen Struktur verpflichtet, die gesamte Milch ihrer angeschlossenen Landwirte abzunehmen und allen denselben Preis zu zahlen. Einen Anreiz zur Preissenkung in Gebieten mit hohen Marktanteilen habe das Unternehmen deshalb nicht.<\/p>\n<p><a href=\"#focus-1\" class=\"transition-colors duration-200 block text-current relative\" data-sctrack=\"FocusGalleryImage.Reference\"><img   loading=\"lazy\" src=\"https:\/\/www.europesays.com\/de\/wp-content\/uploads\/2026\/05\/milch-der-marke-arla-symbolbild-ueber-7500-milchbauern-sind-in-der-molkereigenossenschaft-arla-verei.jpeg\" alt=\"Milch der Marke Arla (Symbolbild): \u00dcber 7.500 Milchbauern sind in der Molkereigenossenschaft Arla vereint.\" title=\"Milch der Marke Arla (Symbolbild): \u00dcber 7.500 Milchbauern sind in der Molkereigenossenschaft Arla vereint.\" width=\"3836\" height=\"2158\" class=\"h-full w-full max-w-full rounded-8\" decoding=\"async\"\/><img loading=\"lazy\" src=\"https:\/\/www.t-online.de\/s\/paper\/_next\/static\/media\/zoom-in.f7dae02f.svg\" alt=\"Vergr\u00f6\u00dfern des Bildes\" title=\"Vergr\u00f6\u00dfern des Bildes\" class=\"block h-[calc(var(--height)_\/_16_*_1rem)] w-[calc(var(--width)_\/_16_*_1rem)] max-w-none absolute bottom-8 right-8 rounded-4 bg-snow p-8\" style=\"--width:32;--height:32\" decoding=\"async\"\/>Milch der Marke Arla (Symbolbild): \u00dcber 7.500 Milchbauern sind in der Molkereigenossenschaft Arla vereint. (Quelle: Manfred Segerer\/imago-images-bilder)<\/a><\/p>\n<p>EU sieht weiter Wettbewerbsdruck<\/p>\n<p class=\"text-18 leading-17 user-text-lg:text-22 user-text-xl:text-24\">Auch bei der Lieferung von Eigenmarkenprodukten an den <a class=\"transition-colors duration-200 cursor-pointer text-inherit no-underline text-salemsfur md:hover:text-magenta md:hover:border-magenta md:focus:text-magenta border-current border-b border-solid break-words\" data-tracking=\"{&quot;action&quot;:&quot;click&quot;,&quot;category&quot;:&quot;intextLink&quot;,&quot;label&quot;:&quot;\/themen\/einzelhandel\/&quot;}\" href=\"https:\/\/www.t-online.de\/themen\/einzelhandel\/\" data-sctrack=\"BodyAnchor\" rel=\"nofollow noopener\" target=\"_blank\">Einzelhandel<\/a> und bei Zutaten auf Molkebasis sah die Kommission kein Problem. Nach ihrer Einsch\u00e4tzung werde es weiter genug Wettbewerbsdruck durch andere Unternehmen geben.<\/p>\n<p class=\"text-18 leading-17 user-text-lg:text-22 user-text-xl:text-24\">Den Zusammenschluss hatten Arla und DMK im Juni 2025 angek\u00fcndigt. Er solle mehr als 12.000 Milchbauern zusammenbringen und &#8222;die leistungsst\u00e4rkste Molkereigenossenschaft Europas&#8220; schaffen, hie\u00df es damals. Das fusionierte Unternehmen soll nach Angaben der beteiligten Unternehmen den Namen Arla tragen. Der k\u00fcnftige Hauptsitz soll nach fr\u00fcheren Angaben in Viby in <a class=\"transition-colors duration-200 cursor-pointer text-inherit no-underline text-salemsfur md:hover:text-magenta md:hover:border-magenta md:focus:text-magenta border-current border-b border-solid break-words\" data-tracking=\"{&quot;action&quot;:&quot;click&quot;,&quot;category&quot;:&quot;intextLink&quot;,&quot;label&quot;:&quot;\/themen\/daenemark\/&quot;}\" href=\"https:\/\/www.t-online.de\/themen\/daenemark\/\" data-sctrack=\"BodyAnchor\" rel=\"nofollow noopener\" target=\"_blank\">D\u00e4nemark<\/a> liegen.<\/p>\n<p class=\"text-18 leading-17 user-text-lg:text-22 user-text-xl:text-24\">DMK hat seinen Sitz im nieders\u00e4chsischen Zeven und seine Verwaltung in <a class=\"transition-colors duration-200 cursor-pointer text-inherit no-underline text-salemsfur md:hover:text-magenta md:hover:border-magenta md:focus:text-magenta border-current border-b border-solid break-words\" data-tracking=\"{&quot;action&quot;:&quot;click&quot;,&quot;category&quot;:&quot;intextLink&quot;,&quot;label&quot;:&quot;https:\/\/bremen.t-online.de\/region\/bremen\/&quot;}\" href=\"https:\/\/bremen.t-online.de\/region\/bremen\/\" data-sctrack=\"BodyAnchor\" rel=\"nofollow noopener\" target=\"_blank\">Bremen<\/a>. Die meisten Standorte des Unternehmens liegen in Niedersachsen, weitere Betriebe befinden sich unter anderem in Schleswig-Holstein, Mecklenburg-Vorpommern, Nordrhein-Westfalen, Th\u00fcringen und Baden-W\u00fcrttemberg. Zusammen kommen beide Unternehmen nach Unternehmensangaben auf knapp 19 Milliarden Euro Jahresumsatz und rund 28.700 Mitarbeiter.<\/p>\n","protected":false},"excerpt":{"rendered":"Deutsche DMK und Arla Fusion von Molkerei-Riesen von der EU genehmigt 29.05.2026 &#8211; 01:57 UhrLesedauer: 1 Min. Rind&hellip;\n","protected":false},"author":2,"featured_media":1053462,"comment_status":"","ping_status":"","sticky":false,"template":"","format":"standard","meta":{"footnotes":"","_share_on_mastodon":"0"},"categories":[3933],"tags":[722,1217,17161,331,332,225134,548,663,9865,158,3934,3935,25560,13,225133,12329,14,15,440,225135,12],"class_list":["post-1053461","post","type-post","status-publish","format-standard","has-post-thumbnail","category-eu","tag-722","tag-1217","tag-17161","tag-aktuelle-nachrichten","tag-aktuelle-news","tag-elefantenhochzeit","tag-eu","tag-europa","tag-europaeische-kommission","tag-europaeische-union","tag-europe","tag-european-union","tag-fusion","tag-headlines","tag-molkereibranche","tag-molkereigenossenschaft","tag-nachrichten","tag-news","tag-norddeutschland","tag-pflegebuerste","tag-schlagzeilen"],"share_on_mastodon":{"url":"https:\/\/pubeurope.com\/@de\/116655022284133930","error":""},"_links":{"self":[{"href":"https:\/\/www.europesays.com\/de\/wp-json\/wp\/v2\/posts\/1053461","targetHints":{"allow":["GET"]}}],"collection":[{"href":"https:\/\/www.europesays.com\/de\/wp-json\/wp\/v2\/posts"}],"about":[{"href":"https:\/\/www.europesays.com\/de\/wp-json\/wp\/v2\/types\/post"}],"author":[{"embeddable":true,"href":"https:\/\/www.europesays.com\/de\/wp-json\/wp\/v2\/users\/2"}],"replies":[{"embeddable":true,"href":"https:\/\/www.europesays.com\/de\/wp-json\/wp\/v2\/comments?post=1053461"}],"version-history":[{"count":0,"href":"https:\/\/www.europesays.com\/de\/wp-json\/wp\/v2\/posts\/1053461\/revisions"}],"wp:featuredmedia":[{"embeddable":true,"href":"https:\/\/www.europesays.com\/de\/wp-json\/wp\/v2\/media\/1053462"}],"wp:attachment":[{"href":"https:\/\/www.europesays.com\/de\/wp-json\/wp\/v2\/media?parent=1053461"}],"wp:term":[{"taxonomy":"category","embeddable":true,"href":"https:\/\/www.europesays.com\/de\/wp-json\/wp\/v2\/categories?post=1053461"},{"taxonomy":"post_tag","embeddable":true,"href":"https:\/\/www.europesays.com\/de\/wp-json\/wp\/v2\/tags?post=1053461"}],"curies":[{"name":"wp","href":"https:\/\/api.w.org\/{rel}","templated":true}]}}