{"id":1053495,"date":"2026-05-29T00:44:17","date_gmt":"2026-05-29T00:44:17","guid":{"rendered":"https:\/\/www.europesays.com\/de\/1053495\/"},"modified":"2026-05-29T00:44:17","modified_gmt":"2026-05-29T00:44:17","slug":"abriss-alarm-in-leipzig-plagwitz-stirbt-hier-ein-legendaerer-lost-place","status":"publish","type":"post","link":"https:\/\/www.europesays.com\/de\/1053495\/","title":{"rendered":"Abriss-Alarm in Leipzig-Plagwitz: Stirbt hier ein legend\u00e4rer Lost Place?"},"content":{"rendered":"<p><img fetchpriority=\"high\" decoding=\"async\" width=\"1024\" height=\"715\" src=\"https:\/\/www.europesays.com\/de\/wp-content\/uploads\/2026\/05\/IMG_8236-e1779954857430-1024x715.jpeg\" alt=\"Maschinenfabrik Philipp Swiderski\" class=\"wp-image-373084\"  \/><\/p>\n<p>\u00a9 Stefanie Schmitz<\/p>\n<p>Noch sieht die Maschinenfabrik Philipp Swiderski  unber\u00fchrt aus<\/p>\n<p>Hinter den Mauern der alten Maschinenfabrik Philipp Swiderski atmet Leipzig pure Industriegeschichte. Doch nun droht dem denkmalgesch\u00fctzten Backstein-Ensemble im Westen der Stadt der endg\u00fcltige Abbruch.<\/p>\n<p>Lost Place Leipzig: Die Geschichte der Maschinenfabrik Philipp Swiderski<\/p>\n<p>Die Wurzeln des Standorts reichen tief in das Leipziger Industriezeitalter zur\u00fcck. Im Jahr 1888 nach <a href=\"https:\/\/www.urbanite.net\/leipzig\/locations\/plagwitz\/\" rel=\"nofollow noopener\" target=\"_blank\">Plagwitz<\/a> verlagert, wurden in den Hallen jahrzehntelang Maschinen f\u00fcr das florierende grafische Gewerbe und den Buchdruck hergestellt. Auch zu DDR-Zeiten blieb der Komplex als VEB Bogenanlegerwerk ein aktiver Produktionsort, bevor die Wiedervereinigung das abrupte Aus brachte. Seit den 1990er Jahren ruht die Arbeit, wodurch das Areal zu einem der fotogensten verlassenen Orte der Stadt wurde.<\/p>\n<p>Industriedenkmal in Gefahr: Verfall an der Zschocherschen Stra\u00dfe<\/p>\n<p><img loading=\"lazy\" decoding=\"async\" width=\"1024\" height=\"888\" src=\"https:\/\/www.europesays.com\/de\/wp-content\/uploads\/2026\/05\/IMG_8235-e1779954980570-1024x888.jpeg\" alt=\"Maschinenfabrik Leipzig\" class=\"wp-image-373087\"  \/><\/p>\n<p>\u00a9 Stefanie Schmitz<\/p>\n<p>Lost Place oder Spekulationsobjekt? <br \/>Was passiert nun mit der historischen Maschinenfabrik Philipp Swiderski<\/p>\n<p>Heute befindet sich das historische Fabrikensemble an der viel befahrenen Kreuzung von Zschocherscher und Markranst\u00e4dter Stra\u00dfe. Obwohl der gesamte Backsteinkomplex als eingetragenes Kulturdenkmal unter offiziellem Schutz steht, ist die Bausubstanz nach \u00fcber drei Jahrzehnten Leerstand akut vom Verfall gezeichnet. Da notwendige Sicherungsma\u00dfnahmen \u00fcber Jahre ausblieben, droht dem geschichtstr\u00e4chtigen Unikat nun der endg\u00fcltige Abriss durch die Eigent\u00fcmergesellschaft.<\/p>\n<p>Kommerz statt Kultur: Warum der alten Fabrik der Abriss droht<\/p>\n<p><img loading=\"lazy\" decoding=\"async\" width=\"1024\" height=\"683\" src=\"https:\/\/www.europesays.com\/de\/wp-content\/uploads\/2026\/05\/heri-susilo-fcfi1XDz9CM-unsplash-1024x683.jpg\" alt=\"Bauarbeiter von hinten vor Ger\u00fcst\" class=\"wp-image-373090\"  \/><\/p>\n<p>\u00a9 Heri Susilo\/Unsplash<\/p>\n<p>Wie wird es weitergehen, droht der Abriss?<\/p>\n<p>Weil Pl\u00e4ne der Besitzer f\u00fcr ein gro\u00dfes Einkaufszentrum am geltenden Bebauungsplan scheitern, erw\u00e4gen diese nun den vollst\u00e4ndigen Abbruch, um eine leere, vermeintlich wertvollere Grundst\u00fccksfl\u00e4che zu schaffen. Lokale Aktivisten und die Leipziger Denkmalstiftung halten entschieden dagegen. Es gibt l\u00e4ngst tragf\u00e4hige, alternative Konzepte, die von einer nachhaltigen Mischung aus Wohnen, Kultur, kreativen B\u00fcros und kleinteiligem Gewerbe auf dem Areal erz\u00e4hlen.<\/p>\n<p>Urbane Erkundung und Denkmalschutz: Warum Leipzig diese Orte braucht<\/p>\n<p>Der heftige Protest zeigt, dass Orte wie die Swiderski-Fabrik eine enorme Bedeutung als Identit\u00e4tsstifter f\u00fcr ganze Stadtteile haben. Dass der Leipziger Westen heute so lebendig und attraktiv wirkt, liegt ma\u00dfgeblich an den erhaltenen Industriebauten, die Raum f\u00fcr Neues bieten, ohne die eigenen Wurzeln zu verleugnen. Zudem schont der Erhalt bestehender Geb\u00e4ude wertvolle Ressourcen \u2013 ein Abriss w\u00e4re daher auch ein st\u00e4dtebaulicher R\u00fcckschritt. Es gibt aber auch sch\u00f6ne Nachrichten rund um Leipzig. Wo ihr im Sommer auf den Stra\u00dfenfesten der Stadt feiern k\u00f6nnt, erfahrt ihr <a href=\"https:\/\/leipzigartig.de\/magazin\/strassenfeste-leipzig-2026-alle-termine-highlights-im-ueberblick\/\" target=\"_blank\" rel=\"noreferrer noopener nofollow\">hier<\/a>.<\/p>\n<p>Falls ihr einen Ausflug nach Berlin wagen wollt, um andere Last Places zu erkunden, findet ihr <a href=\"https:\/\/prinz.de\/artikel\/lost-places-berlin-die-geheimnisvollsten-orte-fuer-deinen-halloween-trip\/\" target=\"_blank\" rel=\"noreferrer noopener nofollow\">hier<\/a> einige spannende und noch erhaltene verlassene Orte. <\/p>\n","protected":false},"excerpt":{"rendered":"\u00a9 Stefanie Schmitz Noch sieht die Maschinenfabrik Philipp Swiderski unber\u00fchrt aus Hinter den Mauern der alten Maschinenfabrik Philipp&hellip;\n","protected":false},"author":2,"featured_media":1053496,"comment_status":"","ping_status":"","sticky":false,"template":"","format":"standard","meta":{"footnotes":"","_share_on_mastodon":"0"},"categories":[1832],"tags":[3364,29,30,71,198199,859,198204,198206],"class_list":["post-1053495","post","type-post","status-publish","format-standard","has-post-thumbnail","category-leipzig","tag-de","tag-deutschland","tag-germany","tag-leipzig","tag-leipziger-stadtmagazin-urbanite","tag-sachsen","tag-urbanite-leipzig","tag-urbanite-stadtmagazin"],"share_on_mastodon":{"url":"https:\/\/pubeurope.com\/@de\/116655100378560895","error":""},"_links":{"self":[{"href":"https:\/\/www.europesays.com\/de\/wp-json\/wp\/v2\/posts\/1053495","targetHints":{"allow":["GET"]}}],"collection":[{"href":"https:\/\/www.europesays.com\/de\/wp-json\/wp\/v2\/posts"}],"about":[{"href":"https:\/\/www.europesays.com\/de\/wp-json\/wp\/v2\/types\/post"}],"author":[{"embeddable":true,"href":"https:\/\/www.europesays.com\/de\/wp-json\/wp\/v2\/users\/2"}],"replies":[{"embeddable":true,"href":"https:\/\/www.europesays.com\/de\/wp-json\/wp\/v2\/comments?post=1053495"}],"version-history":[{"count":0,"href":"https:\/\/www.europesays.com\/de\/wp-json\/wp\/v2\/posts\/1053495\/revisions"}],"wp:featuredmedia":[{"embeddable":true,"href":"https:\/\/www.europesays.com\/de\/wp-json\/wp\/v2\/media\/1053496"}],"wp:attachment":[{"href":"https:\/\/www.europesays.com\/de\/wp-json\/wp\/v2\/media?parent=1053495"}],"wp:term":[{"taxonomy":"category","embeddable":true,"href":"https:\/\/www.europesays.com\/de\/wp-json\/wp\/v2\/categories?post=1053495"},{"taxonomy":"post_tag","embeddable":true,"href":"https:\/\/www.europesays.com\/de\/wp-json\/wp\/v2\/tags?post=1053495"}],"curies":[{"name":"wp","href":"https:\/\/api.w.org\/{rel}","templated":true}]}}