{"id":1053557,"date":"2026-05-29T01:19:44","date_gmt":"2026-05-29T01:19:44","guid":{"rendered":"https:\/\/www.europesays.com\/de\/1053557\/"},"modified":"2026-05-29T01:19:44","modified_gmt":"2026-05-29T01:19:44","slug":"lindt-spruengli-eroeffnet-neuen-campus-in-aachen-und-setzt-zeichen-fuer-wachstum","status":"publish","type":"post","link":"https:\/\/www.europesays.com\/de\/1053557\/","title":{"rendered":"Lindt &#038; Spr\u00fcngli er\u00f6ffnet neuen Campus in Aachen und setzt Zeichen f\u00fcr Wachstum, &#8230;"},"content":{"rendered":"<p class=\"date\">28.05.2026 \u2013 17:15<\/p>\n<p class=\"customer\">\n                        <a class=\"story-customer\" title=\"weiter zum newsroom von Lindt &amp; Spr\u00fcngli GmbH\" href=\"https:\/\/www.presseportal.de\/nr\/61627\" rel=\"nofollow noopener\" target=\"_blank\">Lindt &amp; Spr\u00fcngli GmbH<\/a>\n                    <\/p>\n<p><a class=\"glightbox event-trigger\" href=\"https:\/\/cache.pressmailing.net\/thumbnail\/story_hires\/af920639-1b2a-4f71-8b12-39faaf977524\/lindt_campuseroffnun~essebilder_035a.jpg.jpg\" data-description=\"Lindt &amp; Spr\u00fcngli GmbH - Aachen Campus-Er\u00f6ffnung \/ Weiterer Text \u00fcber ots und www.presseportal.de\/nr\/61627 \/ Die Verwendung dieses Bildes f\u00fcr redaktionelle Zwecke ist unter Beachtung aller mitgeteilten Nutzungsbedingungen zul\u00e4ssig und dann auch honorarfrei. Ver\u00f6ffentlichung ausschlie\u00dflich mit Bildrechte-Hinweis.\" data-category=\"medialightbox\" data-action=\"click\" data-label=\"single\" data-value=\"6a185507270000fd2cb08c79\" rel=\"nofollow noopener\" target=\"_blank\"><img decoding=\"async\" height=\"540\" with=\"720\" src=\"https:\/\/www.europesays.com\/de\/wp-content\/uploads\/2026\/05\/lindt-spr-ngli-er-ffnet-neuen-campus-in-aachen-und-setzt-zeichen-f-r-wachstum-innovation-und-nachhal.jpeg\"   alt=\"Lindt &amp; Spr\u00fcngli er\u00f6ffnet neuen Campus in Aachen und setzt Zeichen f\u00fcr Wachstum, Innovation und Nachhaltigkeit\" class=\"single\"\/><\/a><\/p>\n<p><a data-category=\"citylink-story-view\" data-action=\"click\" data-label=\"Citylink in Meldungsansicht\" class=\"story-city event-trigger\" href=\"https:\/\/www.presseportal.de\/regional\/Aachen\" title=\"News aus Aachen \" rel=\"nofollow noopener\" target=\"_blank\">Aachen<\/a> (ots)<\/p>\n<p> Mit der Er\u00f6ffnung des Lindt Campus setzt Lindt &amp; Spr\u00fcngli Deutschland einen zentralen Meilenstein f\u00fcr den lokalen Standort. Der neue Campus vereint auf einem Areal, was moderne Unternehmenskultur heute ausmacht: ein modernes Verwaltungsgeb\u00e4ude mit Platz f\u00fcr bis zu 300 Mitarbeitende, spezialisierte Labor- und Sensorikbereiche sowie einen neu konzipierten Werksverkauf, der die Marke unmittelbar erlebbar macht. <\/p>\n<p> Mit dem Neubau entsteht der Lindt Campus, ein zukunftsorientiertes Gesamtareal, das Arbeitswelt, Produktion und Einkaufserlebnis an einem Ort vereint. <\/p>\n<p> &#8222;Mit der Er\u00f6ffnung unseres neuen Campus investieren wir gezielt in die Zukunft unseres Unternehmens. Wir schaffen moderne Arbeitsbedingungen f\u00fcr unsere Mitarbeitenden und st\u00e4rken gleichzeitig unsere Innovationskraft sowie unsere Wettbewerbsf\u00e4higkeit&#8220;, erkl\u00e4rt Dr. Adalbert Lechner, Group CEO der Lindt &amp; Spr\u00fcngli AG. <\/p>\n<p> Im Zentrum steht ein zeitgem\u00e4\u00dfes Arbeitskonzept mit flexiblen B\u00fcrostrukturen, offenen Kommunikationsfl\u00e4chen und vielf\u00e4ltigen Begegnungszonen, die den interdisziplin\u00e4ren Austausch f\u00f6rdern. Die Arbeitsumgebung ist technisch auf dem neuesten Stand und unterst\u00fctzt unterschiedliche Arbeitsweisen von konzentrierter Einzelarbeit bis hin zu kollaborativen Projektformaten. <\/p>\n<p> Erg\u00e4nzt wird das Verwaltungsgeb\u00e4ude durch den neuen Werksverkauf, der als integraler Bestandteil des Lindt Campus konzipiert ist und das Markenerlebnis f\u00fcr Besucherinnen und Besucher neu definiert. 75 Meter an Fensterfronten schaffen eine offene, einladende Atmosph\u00e4re, w\u00e4hrend die direkte Anbindung an das Parkhaus einen komfortablen Zugang erm\u00f6glicht. <\/p>\n<p> Im Werksverkauf erwartet die G\u00e4ste ein erweitertes Angebot: Neben klassischen Produkten bietet ein integriertes Ma\u00eetre Chocolatier Atelier frische Tafeln und Pralinen sowie personalisierbare Schokoladen. Eine Frischetheke mit Kaffee, Schokoladengetr\u00e4nken und sogar Lindt Eis &#8222;Crema Gelata&#8220; erg\u00e4nzt das Einkaufserlebnis und positioniert den Werksverkauf als Ort des Genusses und der Begegnung. <\/p>\n<p> &#8222;Der Werksverkauf macht unsere Marke unmittelbar erlebbar, w\u00e4hrend das Verwaltungsgeb\u00e4ude optimale Voraussetzungen f\u00fcr Zusammenarbeit, Innovation und Qualit\u00e4t bietet&#8220;, sagt Michael Spiller, CEO Lindt &amp; Spr\u00fcngli Deutschland. <\/p>\n<p> Auch im Bereich Nachhaltigkeit setzt der Neubau Ma\u00dfst\u00e4be: Durch den Einsatz von Geothermie, Fotovoltaik und \u00d6kostrom k\u00f6nnen wir unsere CO2-Emissionen am Standort reduzieren. Damit leistet Lindt &amp; Spr\u00fcngli einen Beitrag zur Erreichung der eigenen Klimaziele und verfolgt konsequent den Weg hin zu Netto-Null-Emissionen. <\/p>\n<p> Bildmaterial finden Sie hier im  <a target=\"_blank\" class=\"uri-ext outbound\" rel=\"noopener nofollow\" href=\"https:\/\/avantgarde.filecamp.com\/s\/o\/qRtsYmEnbtUVSEkc\">DOWNLOAD<\/a>. <\/p>\n<p class=\"contact-headline\">Pressekontakt:<\/p>\n<p class=\"contact-text\">Isabella Scholz, Avantgarde<br \/>Avantgarde Gesellschaft f\u00fcr Kommunikation mbH<br \/>Isabella Scholz<br \/><a href=\"https:\/\/www.presseportal.de\/pm\/61627\/mailto: lindt@avantgarde.de\" class=\"uri-mailto\" rel=\"nofollow noopener\" target=\"_blank\"> lindt@avantgarde.de<\/a><\/p>\n<p class=\"originator\">Original-Content von: Lindt &amp; Spr\u00fcngli GmbH, \u00fcbermittelt durch news aktuell<\/p>\n","protected":false},"excerpt":{"rendered":"28.05.2026 \u2013 17:15 Lindt &amp; Spr\u00fcngli GmbH Aachen (ots) Mit der Er\u00f6ffnung des Lindt Campus setzt Lindt &amp;&hellip;\n","protected":false},"author":2,"featured_media":1053558,"comment_status":"","ping_status":"","sticky":false,"template":"","format":"standard","meta":{"footnotes":"","_share_on_mastodon":"0"},"categories":[1853],"tags":[1424,6399,3477,3364,29,548,663,3934,30,3986,13,702,225154,14,15,1209,178,180,179,181,12,18850,141241],"class_list":["post-1053557","post","type-post","status-publish","format-standard","has-post-thumbnail","category-aachen","tag-aachen","tag-bau","tag-bild","tag-de","tag-deutschland","tag-eu","tag-europa","tag-europe","tag-germany","tag-handel","tag-headlines","tag-lebensmittel","tag-lindt-campus","tag-nachrichten","tag-news","tag-nordrhein-westfalen","tag-presse","tag-pressemeldung","tag-pressemitteilung","tag-pressemitteilungen","tag-schlagzeilen","tag-schokolade","tag-werksverkauf"],"share_on_mastodon":{"url":"https:\/\/pubeurope.com\/@de\/116655237866358705","error":""},"_links":{"self":[{"href":"https:\/\/www.europesays.com\/de\/wp-json\/wp\/v2\/posts\/1053557","targetHints":{"allow":["GET"]}}],"collection":[{"href":"https:\/\/www.europesays.com\/de\/wp-json\/wp\/v2\/posts"}],"about":[{"href":"https:\/\/www.europesays.com\/de\/wp-json\/wp\/v2\/types\/post"}],"author":[{"embeddable":true,"href":"https:\/\/www.europesays.com\/de\/wp-json\/wp\/v2\/users\/2"}],"replies":[{"embeddable":true,"href":"https:\/\/www.europesays.com\/de\/wp-json\/wp\/v2\/comments?post=1053557"}],"version-history":[{"count":0,"href":"https:\/\/www.europesays.com\/de\/wp-json\/wp\/v2\/posts\/1053557\/revisions"}],"wp:featuredmedia":[{"embeddable":true,"href":"https:\/\/www.europesays.com\/de\/wp-json\/wp\/v2\/media\/1053558"}],"wp:attachment":[{"href":"https:\/\/www.europesays.com\/de\/wp-json\/wp\/v2\/media?parent=1053557"}],"wp:term":[{"taxonomy":"category","embeddable":true,"href":"https:\/\/www.europesays.com\/de\/wp-json\/wp\/v2\/categories?post=1053557"},{"taxonomy":"post_tag","embeddable":true,"href":"https:\/\/www.europesays.com\/de\/wp-json\/wp\/v2\/tags?post=1053557"}],"curies":[{"name":"wp","href":"https:\/\/api.w.org\/{rel}","templated":true}]}}