{"id":1053563,"date":"2026-05-29T01:23:22","date_gmt":"2026-05-29T01:23:22","guid":{"rendered":"https:\/\/www.europesays.com\/de\/1053563\/"},"modified":"2026-05-29T01:23:22","modified_gmt":"2026-05-29T01:23:22","slug":"wolfenbuettel-lehrer-verfolgt-umkleiden-dieb-mit-dem-fahrrad","status":"publish","type":"post","link":"https:\/\/www.europesays.com\/de\/1053563\/","title":{"rendered":"Wolfenb\u00fcttel: Lehrer verfolgt Umkleiden-Dieb mit dem Fahrrad"},"content":{"rendered":"<p>        <img decoding=\"async\" src=\"https:\/\/www.europesays.com\/de\/wp-content\/uploads\/2026\/05\/polizei7178.webp\" alt=\"Mann wird verhaftet.\" title=\"Mann wird verhaftet. | NDR, Julius Matuschik\" class=\"responsive\"\/><\/p>\n<p>\n                Stand: 28.05.2026 18:25 Uhr<\/p>\n<p class=\"preface\">Ein Sportlehrer hat am Mittwoch in Wolfenb\u00fcttel eine Schulklasse vor einem Diebstahl bewahrt. Der T\u00e4ter floh laut Polizei mit einem E-Scooter &#8211; und der Lehrer nahm mit dem Fahrrad die Verfolgung auf. <\/p>\n<p class=\"\">Der Polizei zufolge hatten Sch\u00fclerinnen und Sch\u00fcler den mutma\u00dflichen Dieb in der Umkleidekabine der Turnhalle entdeckt. Der 22-J\u00e4hrige fuhr daraufhin mit dem E-Scooter davon. Der 39-j\u00e4hrige Sportlehrer schwang sich auf sein Fahrrad, um dem mutma\u00dflichen Dieb zu folgen. Dass ihn dieser zwischenzeitlich vom Fahrrad stie\u00df, hielt den Lehrer nach Polizeiangaben nicht von einer weiteren Verfolgung zu Fu\u00df ab. Einsatzkr\u00e4fte konnten den Fl\u00fcchtigen schlussendlich festnehmen, nachdem er gest\u00fcrzt und von Zeugen festgehalten worden war.<\/p>\n<p>    Polizeisprecher lobt Zivilcourage<\/p>\n<p class=\"\">Nach Angaben der Polizei erlitt der Lehrer in Folge des Schubsers leichte Verletzungen. Ein Polizeisprecher lobte die Zivilcourage des Mannes. Das Diebesgut &#8211; ein Autoschl\u00fcssel und Sportschuhe &#8211; seien noch vor Ort zur\u00fcckgegeben worden. Auch habe sich der E-Scooter als gestohlen entpuppt, so die Polizei. Der 22-J\u00e4hrige war zudem alkoholisiert, sagte der Polizeisprecher dem NDR Niedersachsen. Gegen ihn werde nun wegen r\u00e4uberischen Diebstahls, Diebstahls eines E-Scooters, sowie Trunkenheit im Verkehr ermittelt, so die Polizei weiter.<\/p>\n","protected":false},"excerpt":{"rendered":"Stand: 28.05.2026 18:25 Uhr Ein Sportlehrer hat am Mittwoch in Wolfenb\u00fcttel eine Schulklasse vor einem Diebstahl bewahrt. Der&hellip;\n","protected":false},"author":2,"featured_media":1053564,"comment_status":"","ping_status":"","sticky":false,"template":"","format":"standard","meta":{"footnotes":"","_share_on_mastodon":"0"},"categories":[1850],"tags":[590,6429,3364,29,1686,548,663,3934,30,13,14,15,1411,121,12,966,18738],"class_list":["post-1053563","post","type-post","status-publish","format-standard","has-post-thumbnail","category-braunschweig","tag-aktuell","tag-braunschweig","tag-de","tag-deutschland","tag-diebstahl","tag-eu","tag-europa","tag-europe","tag-germany","tag-headlines","tag-nachrichten","tag-news","tag-niedersachsen","tag-polizei","tag-schlagzeilen","tag-schule","tag-wolfenbuettel"],"share_on_mastodon":{"url":"https:\/\/pubeurope.com\/@de\/116655253693843836","error":""},"_links":{"self":[{"href":"https:\/\/www.europesays.com\/de\/wp-json\/wp\/v2\/posts\/1053563","targetHints":{"allow":["GET"]}}],"collection":[{"href":"https:\/\/www.europesays.com\/de\/wp-json\/wp\/v2\/posts"}],"about":[{"href":"https:\/\/www.europesays.com\/de\/wp-json\/wp\/v2\/types\/post"}],"author":[{"embeddable":true,"href":"https:\/\/www.europesays.com\/de\/wp-json\/wp\/v2\/users\/2"}],"replies":[{"embeddable":true,"href":"https:\/\/www.europesays.com\/de\/wp-json\/wp\/v2\/comments?post=1053563"}],"version-history":[{"count":0,"href":"https:\/\/www.europesays.com\/de\/wp-json\/wp\/v2\/posts\/1053563\/revisions"}],"wp:featuredmedia":[{"embeddable":true,"href":"https:\/\/www.europesays.com\/de\/wp-json\/wp\/v2\/media\/1053564"}],"wp:attachment":[{"href":"https:\/\/www.europesays.com\/de\/wp-json\/wp\/v2\/media?parent=1053563"}],"wp:term":[{"taxonomy":"category","embeddable":true,"href":"https:\/\/www.europesays.com\/de\/wp-json\/wp\/v2\/categories?post=1053563"},{"taxonomy":"post_tag","embeddable":true,"href":"https:\/\/www.europesays.com\/de\/wp-json\/wp\/v2\/tags?post=1053563"}],"curies":[{"name":"wp","href":"https:\/\/api.w.org\/{rel}","templated":true}]}}