{"id":1053713,"date":"2026-05-29T02:56:22","date_gmt":"2026-05-29T02:56:22","guid":{"rendered":"https:\/\/www.europesays.com\/de\/1053713\/"},"modified":"2026-05-29T02:56:22","modified_gmt":"2026-05-29T02:56:22","slug":"gelsenkirchen-razzia-gegen-mutmassliche-waffenhaendler","status":"publish","type":"post","link":"https:\/\/www.europesays.com\/de\/1053713\/","title":{"rendered":"Gelsenkirchen: Razzia gegen mutma\u00dfliche Waffenh\u00e4ndler"},"content":{"rendered":"<p class=\"richtext text-em-55 !leading-serif mx-6 desktop:mx-0\">Wegen des Verdachts des Handels mit <a href=\"https:\/\/rp-online.de\/thema\/drogen\/\" rel=\"nofollow noopener\" target=\"_blank\">Drogen<\/a> und Waffen hat ein Spezialeinsatzkommando der <a href=\"https:\/\/rp-online.de\/thema\/polizei\/\" rel=\"nofollow noopener\" target=\"_blank\">Polizei<\/a> mehrere Geb\u00e4ude im <a href=\"https:\/\/rp-online.de\/thema\/ruhrgebiet\/\" rel=\"nofollow noopener\" target=\"_blank\">Ruhrgebiet<\/a> und in <a href=\"https:\/\/rp-online.de\/thema\/niedersachsen\/\" rel=\"nofollow noopener\" target=\"_blank\">Niedersachsen<\/a> durchsucht. Bei der Aktion in <a href=\"https:\/\/rp-online.de\/thema\/gelsenkirchen\/\" rel=\"nofollow noopener\" target=\"_blank\">Gelsenkirchen<\/a>, Gladbeck und Steinfeld seien umfangreiche Beweismittel und Waffen sichergestellt worden, teilte die Polizei im Anschluss an die <a href=\"https:\/\/rp-online.de\/thema\/razzia\/\" rel=\"nofollow noopener\" target=\"_blank\">Razzia<\/a> mit, ohne Details zu nennen. Hintergrund der Aktionen seien Durchsuchungsbeschl\u00fcsse der Staatsanwaltschaft <a href=\"https:\/\/rp-online.de\/thema\/essen\/\" rel=\"nofollow noopener\" target=\"_blank\">Essen<\/a>.<\/p>\n<p class=\"richtext text-em-55 !leading-serif mx-6 desktop:mx-0\">Ziel der Spezialeinheiten waren insgesamt neun Objekte &#8211; jeweils vier in Gelsenkirchen und Gladbeck sowie eines in Steinfeld. Einsatzkr\u00e4fte der Kriminalpolizei und Sp\u00fcrhunde suchten in den Geb\u00e4uden nach Drogen und Waffen. Bei den durchsuchten Objekten handele es sich um acht Wohnadressen und eine Gesch\u00e4ftsadresse in Gladbeck. Nach Angaben der Ermittler richtet sich das Verfahren gegen acht M\u00e4nner im Alter von 28 bis 50 Jahren aus dem Rocker-Milieu. Zuvor hatte die \u201eBild\u201c berichtet.<\/p>\n<p class=\"richtext text-em-55 !leading-serif mx-6 desktop:mx-0\">Festnahmen hat es laut Polizei zun\u00e4chst nicht gegeben. Wie viele Beamte im Einsatz waren, teilte die Polizei nicht mit. Die Ermittlungen dauern demnach an.<\/p>\n","protected":false},"excerpt":{"rendered":"Wegen des Verdachts des Handels mit Drogen und Waffen hat ein Spezialeinsatzkommando der Polizei mehrere Geb\u00e4ude im Ruhrgebiet&hellip;\n","protected":false},"author":2,"featured_media":1053714,"comment_status":"","ping_status":"","sticky":false,"template":"","format":"standard","meta":{"footnotes":"","_share_on_mastodon":"0"},"categories":[1848],"tags":[4152,3364,29,433,588,9032,548,663,3934,3658,30,17275,13,14,15,1411,1209,12,14177,103724,27362,4743,225179],"class_list":["post-1053713","post","type-post","status-publish","format-standard","has-post-thumbnail","category-gelsenkirchen","tag-acht","tag-de","tag-deutschland","tag-drogen","tag-einsatz","tag-einsatzkraefte","tag-eu","tag-europa","tag-europe","tag-gelsenkirchen","tag-germany","tag-gladbeck","tag-headlines","tag-nachrichten","tag-news","tag-niedersachsen","tag-nordrhein-westfalen","tag-schlagzeilen","tag-spezialeinsatzkommando","tag-spuerhunde","tag-verdachts","tag-waffen","tag-waffenhaendler"],"share_on_mastodon":{"url":"https:\/\/pubeurope.com\/@de\/116655618994327607","error":""},"_links":{"self":[{"href":"https:\/\/www.europesays.com\/de\/wp-json\/wp\/v2\/posts\/1053713","targetHints":{"allow":["GET"]}}],"collection":[{"href":"https:\/\/www.europesays.com\/de\/wp-json\/wp\/v2\/posts"}],"about":[{"href":"https:\/\/www.europesays.com\/de\/wp-json\/wp\/v2\/types\/post"}],"author":[{"embeddable":true,"href":"https:\/\/www.europesays.com\/de\/wp-json\/wp\/v2\/users\/2"}],"replies":[{"embeddable":true,"href":"https:\/\/www.europesays.com\/de\/wp-json\/wp\/v2\/comments?post=1053713"}],"version-history":[{"count":0,"href":"https:\/\/www.europesays.com\/de\/wp-json\/wp\/v2\/posts\/1053713\/revisions"}],"wp:featuredmedia":[{"embeddable":true,"href":"https:\/\/www.europesays.com\/de\/wp-json\/wp\/v2\/media\/1053714"}],"wp:attachment":[{"href":"https:\/\/www.europesays.com\/de\/wp-json\/wp\/v2\/media?parent=1053713"}],"wp:term":[{"taxonomy":"category","embeddable":true,"href":"https:\/\/www.europesays.com\/de\/wp-json\/wp\/v2\/categories?post=1053713"},{"taxonomy":"post_tag","embeddable":true,"href":"https:\/\/www.europesays.com\/de\/wp-json\/wp\/v2\/tags?post=1053713"}],"curies":[{"name":"wp","href":"https:\/\/api.w.org\/{rel}","templated":true}]}}