{"id":105373,"date":"2025-05-12T18:37:09","date_gmt":"2025-05-12T18:37:09","guid":{"rendered":"https:\/\/www.europesays.com\/de\/105373\/"},"modified":"2025-05-12T18:37:09","modified_gmt":"2025-05-12T18:37:09","slug":"trivium-haben-anscheinend-beef-mit-bullet-for-my-valentine","status":"publish","type":"post","link":"https:\/\/www.europesays.com\/de\/105373\/","title":{"rendered":"Trivium haben anscheinend Beef mit Bullet For My Valentine"},"content":{"rendered":"<p>Die geplante, gemeinsame Welttournee von <strong><a href=\"https:\/\/www.morecore.de\/band\/bullet-for-my-valentine\/\" title=\"Alle Infos zu Bullet For My Valentine\" rel=\"nofollow noopener\" target=\"_blank\">Bullet For My Valentine<\/a><\/strong> und <strong><a href=\"https:\/\/www.morecore.de\/band\/trivium\/\" title=\"Alle Infos zu Trivium\" rel=\"nofollow noopener\" target=\"_blank\">Trivium<\/a><\/strong>, die unter dem Titel <strong>\u201ePoisoned Ascendancy\u201c<\/strong> die Jubil\u00e4en ihrer jeweiligen Alben feiern sollte und hierzulande bereits vollst\u00e4ndig \u00fcber die B\u00fchne gebracht wurde, steht allem Anschein nach vor einem abrupten Ende.<\/p>\n<p>Trivium und Bullet For My Valentine haben anscheinend Drama<\/p>\n<p>Urspr\u00fcnglich war vorgesehen, nach der Nordamerika-Etappe auch Konzerte in Lateinamerika, Australien, Neuseeland und Japan zu spielen. Doch nun wurde bekannt, dass diese Pl\u00e4ne nicht weiterverfolgt werden.<\/p>\n<p>Ein mexikanischer Konzertveranstalter teilte via Instagram mit (via Lambgoat), dass <strong>Matt Tuck<\/strong>, Frontmann von <strong>Bullet For My Valentine<\/strong>, beschlossen habe, die Tour nicht fortzusetzen.<\/p>\n<p>Die verbleibenden Termine in Nordamerika sollen demnach noch gespielt werden, doch die weiteren geplanten Shows wurden abgesagt. <strong>Trivium<\/strong> erw\u00e4gen jedoch, die Tour in Lateinamerika m\u00f6glicherweise alleine fortzusetzen, um das 20-j\u00e4hrige Jubil\u00e4um ihres Albums <strong>\u201eAscendancy\u201c<\/strong> zu feiern.<\/p>\n<blockquote class=\"instagram-media\" data-instgrm-permalink=\"https:\/\/www.instagram.com\/p\/DJct4L8M8C8\/?utm_source=ig_embed&amp;utm_campaign=loading\" data-instgrm-version=\"14\" style=\" background:#FFF; border:0; border-radius:3px; box-shadow:0 0 1px 0 rgba(0,0,0,0.5),0 1px 10px 0 rgba(0,0,0,0.15); margin: 1px; max-width:540px; min-width:326px; padding:0; width:99.375%; width:-webkit-calc(100% - 2px); width:calc(100% - 2px);\">\n<\/blockquote>\n<p>In einem Livestream habe sich <strong>Triviums<\/strong> Bassist <strong>Paolo Gregoletto<\/strong> laut Quellbericht kritisch \u00fcber <strong>Matt Tuck<\/strong> ge\u00e4u\u00dfert und ihn f\u00fcr die Absage der weiteren Tourabschnitte verantwortlich gemacht. Er betonte demnach, dass <strong>Tuck<\/strong> die Hauptentscheidungen f\u00fcr <strong>Bullet For My Valentine<\/strong> treffe und implizierte, dass dessen R\u00fcckzug die Tour zum Scheitern gebracht habe.<\/p>\n<p>Fans in Lateinamerika, Australien und Japan wurden bislang noch nicht offiziell \u00fcber die Absagen informiert, was zu Unsicherheit und Entt\u00e4uschung f\u00fchrt. <strong>Trivium<\/strong> bezeichnen die verbleibenden Shows in einer immer noch <a href=\"https:\/\/www.instagram.com\/stories\/triviumband\/3630481061360157216?utm_source=ig_story_item_share&amp;igsh=bDN5bTRwbXA5eml6\" target=\"_blank\" rel=\"nofollow noopener\">aktiven Instagram-Story<\/a> nun als \u201eAbschiedstour\u201c, was darauf hindeutet, dass die Zusammenarbeit der beiden Bands vorzeitig endet.<\/p>\n<p>Die Situation hat verst\u00e4ndlicherweise in den sozialen Medien f\u00fcr Aufsehen gesorgt, wobei viele Fans die \u00f6ffentliche Auseinandersetzung kritisieren und sich eine professionellere Kommunikation w\u00fcnschen.<\/p>\n<p>Ob pers\u00f6nliche Gr\u00fcnde, organisatorische Differenzen oder wirtschaftliche \u00dcberlegungen hinter dem R\u00fcckzug von <strong>Bullet For My Valentine<\/strong> stehen, bleibt bislang unklar.<\/p>\n<p>Es bleibt abzuwarten, ob <strong>Trivium<\/strong> die geplanten Tourabschnitte alleine fortsetzen werden und wie sich die Beziehung zwischen den beiden Bands in Zukunft entwickeln wird.<\/p>\n<p>Fotos im Auftrag von MoreCore.de: Pia B\u00f6hl <a href=\"https:\/\/www.instagram.com\/pia.nopeach\/\" rel=\"noopener noreferrer nofollow\" target=\"_blank\">(pia.nopeach)<\/a> \/ Karoline Schaefer <a href=\"https:\/\/www.instagram.com\/cateyephotography\/\" rel=\"noopener nofollow\" target=\"_blank\">(Cat Eye Photography)<\/a> (re.)<\/p>\n<p>\t<script async src=\"\/\/www.instagram.com\/embed.js\"><\/script><\/p>\n","protected":false},"excerpt":{"rendered":"Die geplante, gemeinsame Welttournee von Bullet For My Valentine und Trivium, die unter dem Titel \u201ePoisoned Ascendancy\u201c die&hellip;\n","protected":false},"author":2,"featured_media":105374,"comment_status":"","ping_status":"","sticky":false,"template":"","format":"standard","meta":{"footnotes":""},"categories":[1772],"tags":[29,214,30,1779,810,215],"class_list":{"0":"post-105373","1":"post","2":"type-post","3":"status-publish","4":"format-standard","5":"has-post-thumbnail","7":"category-musik","8":"tag-deutschland","9":"tag-entertainment","10":"tag-germany","11":"tag-music","12":"tag-musik","13":"tag-unterhaltung"},"share_on_mastodon":{"url":"https:\/\/pubeurope.com\/@de\/114496316590215312","error":""},"_links":{"self":[{"href":"https:\/\/www.europesays.com\/de\/wp-json\/wp\/v2\/posts\/105373","targetHints":{"allow":["GET"]}}],"collection":[{"href":"https:\/\/www.europesays.com\/de\/wp-json\/wp\/v2\/posts"}],"about":[{"href":"https:\/\/www.europesays.com\/de\/wp-json\/wp\/v2\/types\/post"}],"author":[{"embeddable":true,"href":"https:\/\/www.europesays.com\/de\/wp-json\/wp\/v2\/users\/2"}],"replies":[{"embeddable":true,"href":"https:\/\/www.europesays.com\/de\/wp-json\/wp\/v2\/comments?post=105373"}],"version-history":[{"count":0,"href":"https:\/\/www.europesays.com\/de\/wp-json\/wp\/v2\/posts\/105373\/revisions"}],"wp:featuredmedia":[{"embeddable":true,"href":"https:\/\/www.europesays.com\/de\/wp-json\/wp\/v2\/media\/105374"}],"wp:attachment":[{"href":"https:\/\/www.europesays.com\/de\/wp-json\/wp\/v2\/media?parent=105373"}],"wp:term":[{"taxonomy":"category","embeddable":true,"href":"https:\/\/www.europesays.com\/de\/wp-json\/wp\/v2\/categories?post=105373"},{"taxonomy":"post_tag","embeddable":true,"href":"https:\/\/www.europesays.com\/de\/wp-json\/wp\/v2\/tags?post=105373"}],"curies":[{"name":"wp","href":"https:\/\/api.w.org\/{rel}","templated":true}]}}