{"id":105391,"date":"2025-05-12T18:46:14","date_gmt":"2025-05-12T18:46:14","guid":{"rendered":"https:\/\/www.europesays.com\/de\/105391\/"},"modified":"2025-05-12T18:46:14","modified_gmt":"2025-05-12T18:46:14","slug":"fc-bayern-bayer-konzern-stimmt-wirtz-verkauf-zu-rekordsumme-noetig","status":"publish","type":"post","link":"https:\/\/www.europesays.com\/de\/105391\/","title":{"rendered":"FC Bayern: Bayer-Konzern stimmt Wirtz-Verkauf zu \u2013 Rekordsumme n\u00f6tig"},"content":{"rendered":"<p>Bundesliga-Rekordsumme aufgerufen\u00a0<\/p>\n<p>                                    <img decoding=\"async\" src=\"https:\/\/www.europesays.com\/de\/wp-content\/uploads\/2025\/05\/florian-wirtz-bayer-leverkusen-2024-1732699253-155206.jpg\" title=\"FC Bayern: Bayer-Konzern stimmt Wirtz-Verkauf zu \u2013 Rekordsumme n\u00f6tig\" alt=\"FC Bayern: Bayer-Konzern stimmt Wirtz-Verkauf zu \u2013 Rekordsumme n\u00f6tig\"\/><\/p>\n<p>\n                                       \u00a9IMAGO\n                                    <\/p>\n<p>In den aus M\u00fcnchner Sicht erw\u00fcnschten Wechsel von <a title=\"Florian Wirtz\" href=\"https:\/\/www.transfermarkt.de\/florian-wirtz\/profil\/spieler\/598577\" target=\"_blank\" rel=\"noopener\">Florian Wirtz<\/a> zum <a href=\"https:\/\/www.transfermarkt.de\/fc-bayern-munchen\/startseite\/verein\/27\" target=\"_blank\" rel=\"noopener\">FC Bayern<\/a> kommt einem Medienbericht zufolge weitere Bewegung. Wie \u201eSport1\u201c vermeldet, soll der Bayer-Konzern <a href=\"https:\/\/www.transfermarkt.de\/bayer-04-leverkusen\/startseite\/verein\/15\" target=\"_blank\" rel=\"noopener\">Leverkusens<\/a> Gesch\u00e4ftsf\u00fchrer <a title=\"Fernando Carro\" href=\"https:\/\/www.transfermarkt.de\/fernando-carro\/profil\/trainer\/72665\" target=\"_blank\" rel=\"noopener\">Fernando Carro<\/a> grunds\u00e4tzlich gr\u00fcnes Licht f\u00fcr einen Transfer des 22 Jahre alten Offensivstars gegeben haben.<\/p>\n<p>\n    <a class=\"bbcodesLink\" href=\"https:\/\/www.transfermarkt.de\/fc-bayern-munchen-interessiert-an-florian-wirtz\/thread\/forum\/154\/thread_id\/1054581\" target=\"_blank\" rel=\"noopener\"><\/p>\n<tr>\n<p>                        Ger\u00fccht<\/p>\n<\/tr>\n<tr class=\"contentzeile\">\n<td class=\"spielerbild\" rowspan=\"2\">\n                        <img decoding=\"async\" src=\"https:\/\/www.europesays.com\/de\/wp-content\/uploads\/2025\/05\/598577-1689710503.jpg\" title=\"Florian Wirtz\" alt=\"Florian Wirtz\" class=\"\"\/>                    <\/td>\n<td class=\"spielername\">\n                        <a title=\"Florian Wirtz\" href=\"https:\/\/www.transfermarkt.de\/florian-wirtz\/profil\/spieler\/598577\" target=\"_blank\" rel=\"noopener\">F. Wirtz<\/a>                    <\/td>\n<td class=\"vereinswappen\" rowspan=\"2\">\n                        <img decoding=\"async\" src=\"https:\/\/www.europesays.com\/de\/wp-content\/uploads\/2025\/04\/15.png\" title=\"Bayer 04 Leverkusen\" alt=\"Bayer 04 Leverkusen\" class=\"\"\/>                    <\/td>\n<td class=\"c2action\" rowspan=\"2\"><\/td>\n<\/tr>\n<tr class=\"contentzeile\">\n<td class=\"position\">\n                        Offensives Mittelfeld                    <\/td>\n<\/tr>\n<tr class=\"contentZeileSpielerGK\">\n<td colspan=\"4\">\n<tr>\n<td class=\"vereinsname\">\n                                    B. Leverkusen                                <\/td>\n<td class=\"vereinswappen\" rowspan=\"2\">\n                                    <img decoding=\"async\" src=\"https:\/\/www.europesays.com\/de\/wp-content\/uploads\/2025\/04\/15.png\" title=\"Bayer 04 Leverkusen\" alt=\"Bayer 04 Leverkusen\" class=\"\"\/>                                <\/td>\n<td class=\"wahrscheinlichkeit-auf\" rowspan=\"2\">\n<p>\u00a0<\/p>\n<p>                                        55                                        %\n                                                                        <\/td>\n<td class=\"vereinswappen\" rowspan=\"2\">\n                                    <img decoding=\"async\" src=\"https:\/\/www.europesays.com\/de\/wp-content\/uploads\/2025\/04\/27.png\" title=\"FC Bayern M\u00fcnchen\" alt=\"FC Bayern M\u00fcnchen\" class=\"\"\/>                                <\/td>\n<td class=\"vereinsname\">\n                                    Bayern M\u00fcnchen                                <\/td>\n<\/tr>\n<tr>\n<td>\n                                    Bundesliga                                <\/td>\n<td>\n                                    Bundesliga                                <\/td>\n<\/tr>\n<\/td>\n<\/tr>\n<p>    <\/a>\n<\/p>\n<p>Voraussetzung sei, dass ein Verein 150 Millionen Euro f\u00fcr den 22-J\u00e4hrigen bezahlt. Das w\u00e4re sowohl eine Bundesliga-Bestmarke als auch ein deutscher Abl\u00f6serekord. Ob die Bayern dazu bereit sind, ist fraglich. Die \u201eBild\u201c hatte gemeldet, dass die M\u00fcnchner in diesem Sommer 100 Mio. Euro anbieten wollen. Sollte das nicht reichen, w\u00fcrde Wirtz, der sich schon auf einen Transfer zum Rekordmeister festgelegt habe, bis 2026 warten.<\/p>\n<p><strong>Auf einen Blick:<\/strong> <a href=\"https:\/\/www.transfermarkt.de\/bundesliga\/transferrekorde\/wettbewerb\/L1\" target=\"_blank\" rel=\"noopener\">Die teuersten Bundesliga-Profis<\/a> \/ <a href=\"https:\/\/www.transfermarkt.de\/transfers\/transferrekorde\/statistik\/top\/plus\/0\/galerie\/0?saison_id=alle&amp;land_id=40&amp;ausrichtung=&amp;spielerposition_id=&amp;altersklasse=&amp;jahrgang=0&amp;leihe=&amp;w_s=\" target=\"_blank\" rel=\"noopener\">Die teuersten deutschen Profis<\/a><\/p>\n<p><\/p>\n<p><strong>Update 19:17 Uhr:<\/strong> Informationen von\u00a0\u201eSky\u201c zufolge dr\u00e4ngen die Bayern auf einen Wechsel von Wirtz in diesem Sommer. Demnach haben die Verhandlungen zwischen dem deutschen Rekordmeister und der Werkself bereits begonnen. Im besten Fall soll der Ausnahmek\u00f6nner schon bei der Klub-WM im M\u00fcnchner Dress auflaufen.<\/p>\n<p>\nMan City mit Bayer Leverkusen wegen Wirtz einig?<\/p>\n<p>\u201eSky\u201c-Reporter Sacha Tavolieri berichtet derweil, dass Bayer seit Wochen mit <a title=\"Manchester City\" href=\"https:\/\/www.transfermarkt.de\/manchester-city\/startseite\/verein\/281\" target=\"_blank\" rel=\"noopener\">Manchester City<\/a> Gespr\u00e4che \u00fcber einen Wirtz-Transfer f\u00fchrt \u2013 und es auch eine grunds\u00e4tzliche Einigung geben soll. Die Citizens m\u00fcssen im Sommer <a title=\"Kevin De Bruyne\" href=\"https:\/\/www.transfermarkt.de\/kevin-de-bruyne\/profil\/spieler\/88755\" target=\"_blank\" rel=\"noopener\">Kevin De Bruyne<\/a> (33) ersetzen, der den Verein nach Ablauf seines Vertrages verl\u00e4sst. Allerdings sei das Gehalt, das Bayern bereit sei, Wirtz zu bezahlen, h\u00f6her als bei Man City. Die Engl\u00e4nder bezahlen demnach keinem Spieler mehr als Trainer Pep Guardiola, der rund 23,7 Mio. Euro brutto j\u00e4hrlich einstreichen soll. Dem Leverkusener winken in M\u00fcnchen demnach 25 Mio. Euro. <\/p>\n<p><\/p>\n<p>Sportchef <a title=\"Simon Rolfes\" href=\"https:\/\/www.transfermarkt.de\/simon-rolfes\/profil\/trainer\/61237\" target=\"_blank\" rel=\"noopener\">Simon Rolfes<\/a> hatte am Sonntag die Chancen auf einen Wirtz-Verbleib in Leverkusen mit \u201e60:40\u201c beziffert, Carro auf 50:50. \u201eFlorian ist ein Spieler von Bayer 04 und wir k\u00e4mpfen darum, dass er es auch n\u00e4chstes Jahr noch ist\u201c, sagte Rolfes. \u201eWir wissen nat\u00fcrlich, dass es viel Interesse gibt, auch von hochkar\u00e4tigen Vereinen. (\u2026) Es ist ja nicht so, dass er dieses Jahr das erste Mal Angebote hat von Vereinen, die interessiert sind. Das gab es in den vergangenen Jahren auch, aber er hat immer das Gef\u00fchl gehabt, hier ist der richtige Platz f\u00fcr ihn.\u201c Wirtz hat in Leverkusen noch einen Vertrag bis 2027. <a href=\"https:\/\/www.transfermarkt.de\/eberl-weicht-nachfragen-zu-wirtz-einigung-aus-zieht-es-upamecano-zu-psg-\/view\/news\/453714\" target=\"_blank\" rel=\"noopener\">Bayern-Vorstand Max Eberl war am Wochenende Nachfragen zu einer kolportierten Einigung ausgewichen<\/a>. <\/p>\n<p><\/p>\n","protected":false},"excerpt":{"rendered":"Bundesliga-Rekordsumme aufgerufen\u00a0 \u00a9IMAGO In den aus M\u00fcnchner Sicht erw\u00fcnschten Wechsel von Florian Wirtz zum FC Bayern kommt einem&hellip;\n","protected":false},"author":2,"featured_media":96315,"comment_status":"","ping_status":"","sticky":false,"template":"","format":"standard","meta":{"footnotes":""},"categories":[5],"tags":[2367,299,458,12761,13,1409,14,15,12,10,8,9,11],"class_list":{"0":"post-105391","1":"post","2":"type-post","3":"status-publish","4":"format-standard","5":"has-post-thumbnail","7":"category-nachrichten","8":"tag-bayer-04-leverkusen","9":"tag-bundesliga","10":"tag-fc-bayern-muenchen","11":"tag-florian-wirtz","12":"tag-headlines","13":"tag-manchester-city","14":"tag-nachrichten","15":"tag-news","16":"tag-schlagzeilen","17":"tag-top-news","18":"tag-top-meldungen","19":"tag-topmeldungen","20":"tag-topnews"},"share_on_mastodon":{"url":"https:\/\/pubeurope.com\/@de\/114496352068904449","error":""},"_links":{"self":[{"href":"https:\/\/www.europesays.com\/de\/wp-json\/wp\/v2\/posts\/105391","targetHints":{"allow":["GET"]}}],"collection":[{"href":"https:\/\/www.europesays.com\/de\/wp-json\/wp\/v2\/posts"}],"about":[{"href":"https:\/\/www.europesays.com\/de\/wp-json\/wp\/v2\/types\/post"}],"author":[{"embeddable":true,"href":"https:\/\/www.europesays.com\/de\/wp-json\/wp\/v2\/users\/2"}],"replies":[{"embeddable":true,"href":"https:\/\/www.europesays.com\/de\/wp-json\/wp\/v2\/comments?post=105391"}],"version-history":[{"count":0,"href":"https:\/\/www.europesays.com\/de\/wp-json\/wp\/v2\/posts\/105391\/revisions"}],"wp:featuredmedia":[{"embeddable":true,"href":"https:\/\/www.europesays.com\/de\/wp-json\/wp\/v2\/media\/96315"}],"wp:attachment":[{"href":"https:\/\/www.europesays.com\/de\/wp-json\/wp\/v2\/media?parent=105391"}],"wp:term":[{"taxonomy":"category","embeddable":true,"href":"https:\/\/www.europesays.com\/de\/wp-json\/wp\/v2\/categories?post=105391"},{"taxonomy":"post_tag","embeddable":true,"href":"https:\/\/www.europesays.com\/de\/wp-json\/wp\/v2\/tags?post=105391"}],"curies":[{"name":"wp","href":"https:\/\/api.w.org\/{rel}","templated":true}]}}