{"id":1053915,"date":"2026-05-29T04:51:41","date_gmt":"2026-05-29T04:51:41","guid":{"rendered":"https:\/\/www.europesays.com\/de\/1053915\/"},"modified":"2026-05-29T04:51:41","modified_gmt":"2026-05-29T04:51:41","slug":"erschnueffeln-praxistueren-bald-diabetes-und-parkinson-jahre-vor-dem-ausbruch","status":"publish","type":"post","link":"https:\/\/www.europesays.com\/de\/1053915\/","title":{"rendered":"Erschn\u00fcffeln Praxist\u00fcren bald Diabetes und Parkinson \u2013 Jahre vor dem Ausbruch?"},"content":{"rendered":"<p><a href=\"https:\/\/www.europesays.com\/de\/wp-content\/uploads\/2026\/05\/IMG_20260527_180651.webp\"><img loading=\"lazy\" decoding=\"async\" class=\"size-full wp-image-197670\" src=\"https:\/\/www.europesays.com\/de\/wp-content\/uploads\/2026\/05\/IMG_20260527_180651.webp\" alt=\"Harzerroller und andere V\u00f6gel dienten Bergarbeitern fr\u00fcher als &quot;Kohlenmonoxid-Gassensoren&quot;. Weil das meist nicht gut f\u00fcr die Tiere ausging, konstruierten Ingenieure sp\u00e4ter technische Gassensoren - wie hier im Hintergrund. Foto: Heiko Weckbrodt\" width=\"1200\" height=\"675\"  \/><\/a>Harzerroller und andere V\u00f6gel dienten Bergarbeitern fr\u00fcher als \u201eKohlenmonoxid-Gassensoren\u201c. Weil das meist nicht gut f\u00fcr die Tiere ausging, konstruierten Ingenieure sp\u00e4ter technische Gassensoren \u2013 wie hier im Hintergrund. Foto: Heiko Weckbrodt<\/p>\n<p>Uni-Forscher zeigen in Technischen Sammlungen Dresden elektronische Nasen und die \u201eZukunft des Riechens\u201c<\/p>\n<p><strong>Dresden<\/strong>, 28.05.26. Sieht so der Arztbesuch der nahen Zukunft aus? \u201eAlarm\u201c, schellt der Computer beim Doktor drinnen, kaum ist der Patient durch die Praxist\u00fcr gegangen. Oder: \u201eAchtung: Verdacht auf Diabetes!!!\u201c \u2013 und der Doc sucht schon mal die Therapiepl\u00e4ne heraus. M\u00f6glich machen soll dies eine neue Generation elektronischer Nasen, die die TU Dresden entwickelt hat. Ein denkbares und machbares Szenario, meinen Professor Gianaurelio Cuniberti von der TU Dresden und Professor Thomas Hummel vom Uniklinikum Dresden. Gemeinsam mit K\u00fcnstlern und Kuratoren haben sie nun in den Technischen Sammlungen Dresden eine Sonderausstellung \u201eDie Zukunft des Riechens \u2013 Von der Nase zu riechenden Maschinen\u201c er\u00f6ffnet.<\/p>\n<blockquote>\n<p><strong>\u201eRiechen ist eine untersch\u00e4tzte Superkraft\u201c<br \/><\/strong>Chefkommunikations-Offizierin Marion Schmidt von der TU Dresden<\/p>\n<\/blockquote>\n<p><a href=\"https:\/\/www.europesays.com\/de\/wp-content\/uploads\/2026\/05\/Cuniberti.webp\"><img loading=\"lazy\" decoding=\"async\" class=\"size-full wp-image-197672\" src=\"https:\/\/www.europesays.com\/de\/wp-content\/uploads\/2026\/05\/Cuniberti.webp\" alt=\"Prof. Gianaurelio Cuniberti. Foto: Cuniberti\/TUD\" width=\"675\" height=\"1200\"  \/><\/a>Prof. Gianaurelio Cuniberti. Foto: Cuniberti\/TUD<\/p>\n<p>\u201eManche Hunde k\u00f6nnen Krebs und andere Krankheiten an Menschen riechen, sogar Wut\u201c, erl\u00e4utert Prof. Cuniberti die dahinter stehenden Konzepte. Mit modernen Sensorkonzepten l\u00e4sst sich diese F\u00e4higkeit auf biomedizinische Ger\u00e4te \u00fcbertragen: auf Prothesen, technische Analytik oder gar Roboterhunde, die nimmerm\u00fcde nach Erdbeben oder Br\u00e4nden eingest\u00fcrzte H\u00e4user nach \u00dcberlebenden durchschn\u00fcffeln.<\/p>\n<p><a href=\"https:\/\/www.europesays.com\/de\/wp-content\/uploads\/2026\/05\/ThomasHummel-IMG_20260527_182136.webp\"><img loading=\"lazy\" decoding=\"async\" class=\"size-full wp-image-197671\" src=\"https:\/\/www.europesays.com\/de\/wp-content\/uploads\/2026\/05\/ThomasHummel-IMG_20260527_182136.webp\" alt=\"Prof. Thomas Hummel vom Uniklinikum Dresden gilt auch \u00fcberregional als Riechexperte. Foto: Heiko Weckbrodt\" width=\"1200\" height=\"675\"  \/><\/a>Prof. Thomas Hummel vom Uniklinikum Dresden gilt auch \u00fcberregional als Riechexperte. Foto: Heiko Weckbrodt<\/p>\n<p>Nanor\u00f6hrchen-Nase riecht Krankheiten genauer als der Hund<\/p>\n<p>Als Mediziner und Riechexperte sieht wiederum Prof. Hummel sehr interessante Einsatzfelder in der Diagnostik: Bis zu 15 Jahre, bevor die ersten klinischen Symptome sichtbar werden, k\u00f6nnten E-Nasen wom\u00f6glich riechen, ob ein Mensch an Parkinson erkrankt. Denn \u00e4hnlich wie Angst, Zorn und Stress ver\u00e4ndern auch viele neurodegenerative Krankheiten, aber auch simple Infekte unsere K\u00f6rperchemie. Menschen k\u00f6nnen das im Regelfall nicht riechen, manche Hunde durchaus \u2013 und k\u00fcnstliche Nasen wie die an der Uni Dresden entwickelten Sensorsysteme k\u00f6nnten selbst unsere vierbeinigen Freunde darin noch \u00fcbertreffen.<\/p>\n<p><a href=\"https:\/\/www.europesays.com\/de\/wp-content\/uploads\/2026\/05\/Smell_Insprector_innen.jpg\"><img loading=\"lazy\" decoding=\"async\" class=\"size-full wp-image-178594\" src=\"https:\/\/www.europesays.com\/de\/wp-content\/uploads\/2026\/05\/Smell_Insprector_innen.jpg\" alt=\"&quot;Smell Inspektor&quot; hat das Team aus Dresden und Freital die k\u00fcnstlichen Nasen genannt. Hier ein Blick ins Innenleben. Foto: Smartnanotubes Technologies\" width=\"1000\" height=\"685\"  \/><\/a>\u201eSmell Inspektor\u201c hat das Team aus Dresden und Freital die k\u00fcnstlichen Nasen genannt. Hier ein Blick ins Innenleben. Foto: Smartnanotubes Technologies<\/p>\n<p>E-Nasen-Produzent von Uni Dresden ausgegr\u00fcndet<\/p>\n<p>Konkret gelingt dies hier durch <a href=\"https:\/\/oiger.de\/2020\/12\/17\/elektronische-nasen-mit-nanotech-aus-dresden\/177179\" rel=\"nofollow noopener\" target=\"_blank\">Kohlenstoff-Nanor\u00f6hrchen (CNTs), die die Dresdner Nanowissenschaftler und Ingenieure auf kleinstem Raum zu Dutzenden Sensorkan\u00e4len anordnen<\/a>. Jeder dieser programmierbaren Kan\u00e4le analysiert einen anderen Gasstrom, aus dem sich Ger\u00fcche zusammensetzen. Durch diese Miniaturisierung und die innovative Sensorik k\u00f6nnen diese E-Nasen aus Sachsen viele fr\u00fchere Riechersatz-Systeme deutlich \u00fcbertreffen. Entwickelt hat dieses Technologie ein Team um Prof. Cuniberti. Inzwischen hat sich mit \u201e<a href=\"https:\/\/www.smart-nanotubes.com\/\" rel=\"nofollow noopener\" target=\"_blank\">Smart Nanotubes Technologies<\/a>\u201c in Freital auch eine Ausgr\u00fcndung der TU Dresden auf dieser Basis etabliert.<\/p>\n<p><a href=\"https:\/\/www.europesays.com\/de\/wp-content\/uploads\/2026\/05\/Riechsensor-WaferIMG_20260527_180807.webp\"><img loading=\"lazy\" decoding=\"async\" class=\"size-full wp-image-197669\" src=\"https:\/\/www.europesays.com\/de\/wp-content\/uploads\/2026\/05\/Riechsensor-WaferIMG_20260527_180807.webp\" alt=\"Riechsensoren vor der Endmontage. Foto: Heiko Weckbrodt\" width=\"1200\" height=\"675\"  \/><\/a>Riechsensoren vor der Endmontage. Foto: Heiko Weckbrodt<\/p>\n<p>Riecher f\u00fcr geplante s\u00e4chsische Roboter-Offensive<\/p>\n<p>Neben anderen Einsatzszenarien fokussiert sich das Unternehmen inzwischen auch auf k\u00fcnstliche <a href=\"https:\/\/de.wikipedia.org\/wiki\/Olfaktorische_Wahrnehmung\" rel=\"nofollow noopener\" target=\"_blank\">Olfaktorik<\/a> in der Robotik. Was hei\u00dft: Wenn die s\u00e4chsische Regierung mit <a href=\"https:\/\/oiger.de\/2026\/04\/23\/roboter-koennten-naechste-grosse-wachstumsbranche-in-sachsen-werden\/197274\" rel=\"nofollow noopener\" target=\"_blank\">ihrem Plan ernst macht, humanoide und andere mobile Roboter als n\u00e4chste gro\u00dfe Schl\u00fcsselindustrie nach Mikroelektronik und Biotechnologie im Freistaat aufzup\u00e4ppeln<\/a>, k\u00f6nnten TUD und \u201eSmart Nanotubes\u201c das k\u00fcnstliche Riechverm\u00f6gen f\u00fcr robotische Hunde und Fabrikarbeiter beisteuern.<\/p>\n<p>Die dystopische Seite: \u00dcberwachungsblick in die Vergangenheit denkbar<\/p>\n<p>Neben all diesen hoffnungsvollen Perspektiven d\u00fcrften Wissenschaft und Wirtschaft freilich auch nicht die dystopische Seite der E-Nasen-Technologie au\u00dfer Acht lassen, warnen die Forscher, K\u00fcnstler und Kuratoren: \u201eEine Kamera, die wir morgen hier aufbauen, vermag nicht nachtr\u00e4glich aufzunehmen, welche Menschen heute Abend hier waren \u2013 unsere elektronischen Nasen durchaus\u201c, skizziert Prof. Cuniberti w\u00e4hrend der Ausstellungser\u00f6ffnung Goldbergsaal des Striesener Technikmuseums eine wom\u00f6glich problematische Anwendung. Die Technologie k\u00f6nne insofern Polizisten, Spionen und anderen Akteuren neue Ermittlungs- aber auch \u00dcberwachungsmethoden liefern. Prof. Hummel erinnert in diesem Zusammenhang an die Stasi und Volkspolizei, <a href=\"https:\/\/www.deutsches-spionagemuseum.de\/sammlung\/geruchskonserve\" rel=\"nofollow noopener\" target=\"_blank\">die gro\u00dfe Geruchsproben-Sammlungen<\/a> oppositioneller, krimineller oder anderweitig \u201everd\u00e4chtiger\u201c DDR-B\u00fcrger aufgebaut hatten.<\/p>\n<p><a href=\"https:\/\/www.europesays.com\/de\/wp-content\/uploads\/2026\/05\/Geruchsproben-IMG_20260527_180920.webp\"><img loading=\"lazy\" decoding=\"async\" class=\"size-full wp-image-197674\" src=\"https:\/\/www.europesays.com\/de\/wp-content\/uploads\/2026\/05\/Geruchsproben-IMG_20260527_180920.webp\" alt=\"Geruchsproben in der Riechausstellung in den Technischen Sammlungen Dresden. Foto: Heiko Weckbrodt\" width=\"1200\" height=\"675\"  \/><\/a>Geruchsproben in der Riechausstellung in den Technischen Sammlungen Dresden. Foto: Heiko Weckbrodt<\/p>\n<p>Olfaktorische Sonderschau mit Roboterhund, Kanarienvogel und einer gro\u00dfen, schwarzen Box<\/p>\n<p>All diese und andere Aspekte der nat\u00fcrlichen und k\u00fcnstlichen Olfaktorik spiegelt nun die neue und zugleich letzte Sonderausstellung der Technischen Sammlungen Dresden vor der gro\u00dfen Sanierung. Sehen, riechen und erkunden k\u00f6nnen die Besucher dort unter anderem Schn\u00fcffelroboterhunde, sperrige Duftanalyseger\u00e4te fr\u00fcherer Jahre, Kanarienv\u00f6gel, die fr\u00fcher die Bergleute vor \u201eb\u00f6sen Wettern\u201c warnten, eine Videostation mit Duftgeneratoren, die Filmszenen ruchbar machen, sowie Riechproben, die verdeutlichen, wie sich Ger\u00fcche aus Gasstr\u00f6men zusammensetzen. Und in einer \u00fcbermannsgro\u00dfen schwarzen Box k\u00f6nnen sich Neugierige mit speziellen Brillen und Taschenlampen einen zus\u00e4tzlichen Ultraviolett-Sinn aneignen, um dann damit das Innere einer riesigen Nase zu erkunden.<\/p>\n<p><a href=\"https:\/\/www.europesays.com\/de\/wp-content\/uploads\/2026\/05\/IMG_20260527_184845.webp\"><img loading=\"lazy\" decoding=\"async\" class=\"size-full wp-image-197673\" src=\"https:\/\/www.europesays.com\/de\/wp-content\/uploads\/2026\/05\/IMG_20260527_184845.webp\" alt=\"Logo der Riechausstellung in den Technischen Sammlungen Dresden w\u00e4hrend einer Podiumsdiskussion. Repro: Heiko Weckbrodt\" width=\"1200\" height=\"675\"  \/><\/a>Logo der Riechausstellung in den Technischen Sammlungen Dresden w\u00e4hrend einer Podiumsdiskussion. Repro: Heiko Weckbrodt<\/p>\n<p>Die Ausstellung im Kurz\u00fcberblick:<\/p>\n<ul>\n<li>Titel: \u201eDie Zukunft des Riechens \u2013 Von der Nase zu riechenden Maschinen\u201c<\/li>\n<li>Ort: Technische Sammlungen Dresden, Ecke Junghans- und Schandauer Stra\u00dfe, 5. Obergeschoss im \u201eSchaufenster Wissenschaft\u201c<\/li>\n<li>\u00d6ffnungszeiten: bis 25. Oktober, jeweils Di.\u2013Fr.: 9-17 Uhr, Sa., So. und Feiertage: 10-18 Uhr<\/li>\n<li>Beteiligte: TU Dresden, UKD, Uni Jena und zahlreiche K\u00fcnstler<\/li>\n<li>Eintrittspreise: Erwachsene 8 Euro, erm. 6 Euro, Kinder unter 7 Jahren gratis, au\u00dferdem freitags ab 12 Uhr frei f\u00fcr alle<\/li>\n<li>Mehr Infos: <a href=\"https:\/\/tsd.de\/besuch\/oeffnungszeiten-eintritt\" rel=\"nofollow noopener\" target=\"_blank\">tsd.de<\/a><\/li>\n<\/ul>\n<p>Autor: <a href=\"https:\/\/oiger.de\/heiko-weckbrodt\" rel=\"nofollow noopener\" target=\"_blank\">Heiko Weckbrodt<\/a><\/p>\n<p>Quellen: Vor-Ort-Besuch, TSD, Deutsche Spionagemuseum, Wikipedia, Oiger-Archiv<\/p>\n<p><img loading=\"lazy\" decoding=\"async\" width=\"285\" height=\"284\" src=\"https:\/\/www.europesays.com\/de\/wp-content\/uploads\/2026\/04\/Oiger-001.jpg\" alt=\"Repro: Oiger, Original: Madeleine Arndt\" class=\"wp-image-80160\" style=\"width:130px;height:auto\"  \/><\/p>\n<p class=\"has-text-color has-link-color has-medium-font-size wp-elements-e7a7d44989b57757e168b6fff7193e32 wp-block-paragraph\" style=\"color:#185c84\"><strong>Ihre Unterst\u00fctzung f\u00fcr Oiger.de!<\/strong><\/p>\n<p class=\"has-text-color has-link-color wp-elements-918b69199ff2c1183b359612d6a15f37 wp-block-paragraph\" style=\"color:#154966\"><strong>Ohne hinreichende Finanzierung ist unabh\u00e4ngiger Journalismus nach professionellen Ma\u00dfst\u00e4ben nicht dauerhaft m\u00f6glich. Bitte unterst\u00fctzen Sie daher unsere Arbeit! Wenn Sie helfen wollen, Oiger.de aufrecht zu erhalten, senden Sie Ihren Beitrag mit dem Betreff \u201efreiwilliges Honorar\u201c via Paypal an:<\/strong><\/p>\n<p class=\"has-text-color has-link-color has-medium-font-size wp-elements-1d68a8c795acd498910475590afcb004 wp-block-paragraph\" style=\"color:#094d71\"><a href=\"http:\/\/paypal.me\/oigerDD\" rel=\"nofollow noopener\" target=\"_blank\"><strong>paypal.me\/oigerDD<\/strong><\/a><\/p>\n<p class=\"has-text-color has-link-color wp-elements-ff79d8b8ab8d3bdb7eb856fa4ab11715 wp-block-paragraph\" style=\"color:#104366\"><strong>Vielen Dank!<\/strong><\/p>\n","protected":false},"excerpt":{"rendered":"Harzerroller und andere V\u00f6gel dienten Bergarbeitern fr\u00fcher als \u201eKohlenmonoxid-Gassensoren\u201c. Weil das meist nicht gut f\u00fcr die Tiere ausging,&hellip;\n","protected":false},"author":2,"featured_media":1053916,"comment_status":"","ping_status":"","sticky":false,"template":"","format":"standard","meta":{"footnotes":"","_share_on_mastodon":"0"},"categories":[1835],"tags":[2076,3364,29,2386,30,184252,225209,27505,21203,225210,859,117743,225211,15208,168318,13852],"class_list":["post-1053915","post","type-post","status-publish","format-standard","has-post-thumbnail","category-dresden","tag-ausstellung","tag-de","tag-deutschland","tag-dresden","tag-germany","tag-humanoide-roboter","tag-kohlenstoff-nanoroehrchen","tag-medizintechnik","tag-nanotechnologie","tag-parkinson-frueherkennung","tag-sachsen","tag-sensorik","tag-smart-nanotubes","tag-striesen","tag-technische-sammlungen-dresden","tag-tu-dresden"],"share_on_mastodon":{"url":"https:\/\/pubeurope.com\/@de\/116656072121848102","error":""},"_links":{"self":[{"href":"https:\/\/www.europesays.com\/de\/wp-json\/wp\/v2\/posts\/1053915","targetHints":{"allow":["GET"]}}],"collection":[{"href":"https:\/\/www.europesays.com\/de\/wp-json\/wp\/v2\/posts"}],"about":[{"href":"https:\/\/www.europesays.com\/de\/wp-json\/wp\/v2\/types\/post"}],"author":[{"embeddable":true,"href":"https:\/\/www.europesays.com\/de\/wp-json\/wp\/v2\/users\/2"}],"replies":[{"embeddable":true,"href":"https:\/\/www.europesays.com\/de\/wp-json\/wp\/v2\/comments?post=1053915"}],"version-history":[{"count":0,"href":"https:\/\/www.europesays.com\/de\/wp-json\/wp\/v2\/posts\/1053915\/revisions"}],"wp:featuredmedia":[{"embeddable":true,"href":"https:\/\/www.europesays.com\/de\/wp-json\/wp\/v2\/media\/1053916"}],"wp:attachment":[{"href":"https:\/\/www.europesays.com\/de\/wp-json\/wp\/v2\/media?parent=1053915"}],"wp:term":[{"taxonomy":"category","embeddable":true,"href":"https:\/\/www.europesays.com\/de\/wp-json\/wp\/v2\/categories?post=1053915"},{"taxonomy":"post_tag","embeddable":true,"href":"https:\/\/www.europesays.com\/de\/wp-json\/wp\/v2\/tags?post=1053915"}],"curies":[{"name":"wp","href":"https:\/\/api.w.org\/{rel}","templated":true}]}}