{"id":1053917,"date":"2026-05-29T04:52:19","date_gmt":"2026-05-29T04:52:19","guid":{"rendered":"https:\/\/www.europesays.com\/de\/1053917\/"},"modified":"2026-05-29T04:52:19","modified_gmt":"2026-05-29T04:52:19","slug":"a4-bei-dresden-stau-in-sachsen-wegen-brenner-sperrung-erwartet","status":"publish","type":"post","link":"https:\/\/www.europesays.com\/de\/1053917\/","title":{"rendered":"A4 bei Dresden: Stau in Sachsen wegen Brenner-Sperrung erwartet"},"content":{"rendered":"<p>Stau-Wochenende <\/p>\n<p>Brenner-Sperrung wirkt sich bis nach Dresden aus<\/p>\n<p>Aktualisiert am 29.05.2026 &#8211; 06:35 UhrLesedauer: 1 Min.<\/p>\n<p><a href=\"#focus-0\" class=\"transition-colors duration-200 block text-current relative\" data-sctrack=\"FocusGalleryImage.Reference\"><img fetchpriority=\"high\" data-testid=\"Opener.Image\"   loading=\"eager\" src=\"https:\/\/www.europesays.com\/de\/wp-content\/uploads\/2026\/05\/1780030338_284_a4-bei-dresden-archivbild-hier-kann-es-sich-in-sachsen-stauen.jpg\" alt=\"A4 bei Dresden (Archivbild): Hier kann es sich in Sachsen stauen.\" title=\"A4 bei Dresden (Archivbild): Hier kann es sich in Sachsen stauen.\" width=\"4000\" height=\"2250\" class=\"bg-[url:var(--lqipURL)] bg-cover bg-center flex h-full w-full max-w-full\" style=\"--lqipURL:url('https:\/\/images.t-online.de\/2026\/05\/C7GsenMTSN8X\/0x209:4000x2250\/fit-in\/150x0\/filters:blur(25)\/a4-bei-dresden-archivbild-hier-kann-es-sich-in-sachsen-stauen.jpg')\" decoding=\"async\"\/><img loading=\"lazy\" src=\"https:\/\/dresden.t-online.de\/s\/paper\/_next\/static\/media\/zoom-in.f7dae02f.svg\" alt=\"Vergr\u00f6\u00dfern des Bildes\" title=\"Vergr\u00f6\u00dfern des Bildes\" class=\"block h-[calc(var(--height)_\/_16_*_1rem)] w-[calc(var(--width)_\/_16_*_1rem)] max-w-none absolute bottom-8 right-8 rounded-4 bg-snow p-8\" style=\"--width:32;--height:32\" decoding=\"async\"\/><\/a><\/p>\n<p>A4 bei Dresden (Archivbild): Am Wochenende kann es sich hier stauen. (Quelle: IMAGO\/Sylvio Dittrich)<\/p>\n<p><img loading=\"lazy\" src=\"https:\/\/dresden.t-online.de\/s\/paper\/_next\/static\/media\/audio-volume.6689034c.svg\" alt=\"\" title=\"\" class=\"block h-[calc(var(--height)_\/_16_*_1rem)] w-[calc(var(--width)_\/_16_*_1rem)] max-w-none group-hover:brightness-0 group-hover:invert\" style=\"--width:16;--height:16\" decoding=\"async\"\/>Vorlesen<\/p>\n<p>Aktuelle Zeit:0:00Gesamtdauer:0:00<\/p>\n<p>1x<\/p>\n<p class=\"text-center\">Jetzt neu bei t-online:<\/p>\n<p class=\"text-center\">Schriftgr\u00f6\u00dfe anpassen!<\/p>\n<p><img loading=\"lazy\" src=\"https:\/\/dresden.t-online.de\/s\/paper\/_next\/static\/media\/font-sizes.32942e33.svg\" alt=\"\" title=\"\" class=\"block h-[calc(var(--height)_\/_16_*_1rem)] w-[calc(var(--width)_\/_16_*_1rem)] max-w-none group-hover:hidden group-aria-expanded:hidden\" style=\"--width:16;--height:16\" decoding=\"async\"\/><img loading=\"lazy\" src=\"https:\/\/dresden.t-online.de\/s\/paper\/_next\/static\/media\/font-sizes-dark-mode.e382645c.svg\" alt=\"\" title=\"\" class=\"block h-[calc(var(--height)_\/_16_*_1rem)] w-[calc(var(--width)_\/_16_*_1rem)] max-w-none hidden group-hover:block group-aria-expanded:block\" style=\"--width:16;--height:16\" decoding=\"async\"\/><img loading=\"lazy\" src=\"https:\/\/dresden.t-online.de\/s\/paper\/_next\/static\/media\/sharing-menu-icon.1eb71368.svg\" alt=\"\" title=\"\" class=\"block h-[calc(var(--height)_\/_16_*_1rem)] w-[calc(var(--width)_\/_16_*_1rem)] max-w-none group-hover:brightness-0 group-hover:invert\" style=\"--width:16;--height:16\" decoding=\"async\"\/>Artikel teilen<\/p>\n<p class=\"font-bold text-18 leading-17 user-text-lg:text-22 user-text-xl:text-24\">Am Samstag sperren die Beh\u00f6rden die wichtigste Alpenroute f\u00fcr acht Stunden. Der ADAC warnt vor Staus auf der A4 zwischen Chemnitz, Dresden und G\u00f6rlitz.<\/p>\n<p class=\"text-18 leading-17 user-text-lg:text-22 user-text-xl:text-24\">Am Wochenende wird es auf Deutschlands Autobahnen eng. In Bayern und Baden-W\u00fcrttemberg laufen die Pfingstferien, gleichzeitig sperren die Beh\u00f6rden die Brennerautobahn f\u00fcr einen ganzen Tag. Der ADAC erwartet erhebliche Staus \u2013 auch auf der A4 bei Dresden.<\/p>\n<p class=\"text-18 leading-17 user-text-lg:text-22 user-text-xl:text-24\">Konkret rechnen ADAC und Auto Club Europa (ACE) mit Staus auf der A4 zwischen Chemnitz, Dresden und G\u00f6rlitz. Betroffen ist auch die A9 zwischen Berlin und Halle\/Leipzig. Wer von Dresden Richtung S\u00fcden, nach Polen oder an die Ostsee will, muss mit Verz\u00f6gerungen rechnen.<\/p>\n<p>Freitag wird auf den Autobahnen &#8222;besonders kritisch&#8220;<\/p>\n<p class=\"text-18 leading-17 user-text-lg:text-22 user-text-xl:text-24\">Besonders kritisch d\u00fcrfte die Lage am Freitag (29. Mai) werden. Bereits ab mittags sei mit dichtem Verkehr und langen Staus zu rechnen, und zwar bis in die Abendstunden hinein, so der ADAC. Viele Urlauber d\u00fcrften schon unterwegs sein, weil sie am Samstag den Brennerkorridor in den Alpen meiden wollen.<\/p>\n<p class=\"text-18 leading-17 user-text-lg:text-22 user-text-xl:text-24\">Auch Richtung Nordsee, Ostsee und in die Niederlande f\u00fcllen sich die Autobahnen A1 und A7 ab Samstagmorgen. Dazu kommen rund 1.000 Baustellen auf deutschen Autobahnen.<\/p>\n<p>Brenner acht Stunden lang gesperrt<\/p>\n<p class=\"text-18 leading-17 user-text-lg:text-22 user-text-xl:text-24\">Am Samstag (30. Mai) ist die wichtigste Nord-S\u00fcd-Verbindung durch die Alpen wegen einer Demonstration gesperrt. Zwischen 11 und 19 Uhr sind die Brenner-Autobahn (A13), die Bundesstra\u00dfe B182 und die Landesstra\u00dfe L38 dicht.<\/p>\n<p class=\"text-18 leading-17 user-text-lg:text-22 user-text-xl:text-24\">Der ADAC r\u00e4t klar: Autofahrer sollten Fahrten \u00fcber die Brennerroute am Samstag unbedingt vermeiden. Weil viele Reisende ihre Fahrt vermutlich verschieben werden, sei nicht nur am Freitag, sondern auch am Sonntag mit einem erh\u00f6hten Verkehrsaufkommen in Richtung S\u00fcden zu rechnen.<\/p>\n","protected":false},"excerpt":{"rendered":"Stau-Wochenende Brenner-Sperrung wirkt sich bis nach Dresden aus Aktualisiert am 29.05.2026 &#8211; 06:35 UhrLesedauer: 1 Min. A4 bei&hellip;\n","protected":false},"author":2,"featured_media":1051294,"comment_status":"","ping_status":"","sticky":false,"template":"","format":"standard","meta":{"footnotes":"","_share_on_mastodon":"0"},"categories":[1835],"tags":[722,30097,4074,7887,224771,30100,1634,772,296,2770,3364,29,2386,30,14373,71,2852,859],"class_list":["post-1053917","post","type-post","status-publish","format-standard","has-post-thumbnail","category-dresden","tag-722","tag-ace","tag-adac","tag-alpen","tag-alpenroute","tag-auto-club-europa","tag-baden-wuerttemberg","tag-bayern","tag-berlin","tag-chemnitz","tag-de","tag-deutschland","tag-dresden","tag-germany","tag-goerlitz","tag-leipzig","tag-ostsee","tag-sachsen"],"share_on_mastodon":{"url":"https:\/\/pubeurope.com\/@de\/116656075953073494","error":""},"_links":{"self":[{"href":"https:\/\/www.europesays.com\/de\/wp-json\/wp\/v2\/posts\/1053917","targetHints":{"allow":["GET"]}}],"collection":[{"href":"https:\/\/www.europesays.com\/de\/wp-json\/wp\/v2\/posts"}],"about":[{"href":"https:\/\/www.europesays.com\/de\/wp-json\/wp\/v2\/types\/post"}],"author":[{"embeddable":true,"href":"https:\/\/www.europesays.com\/de\/wp-json\/wp\/v2\/users\/2"}],"replies":[{"embeddable":true,"href":"https:\/\/www.europesays.com\/de\/wp-json\/wp\/v2\/comments?post=1053917"}],"version-history":[{"count":0,"href":"https:\/\/www.europesays.com\/de\/wp-json\/wp\/v2\/posts\/1053917\/revisions"}],"wp:featuredmedia":[{"embeddable":true,"href":"https:\/\/www.europesays.com\/de\/wp-json\/wp\/v2\/media\/1051294"}],"wp:attachment":[{"href":"https:\/\/www.europesays.com\/de\/wp-json\/wp\/v2\/media?parent=1053917"}],"wp:term":[{"taxonomy":"category","embeddable":true,"href":"https:\/\/www.europesays.com\/de\/wp-json\/wp\/v2\/categories?post=1053917"},{"taxonomy":"post_tag","embeddable":true,"href":"https:\/\/www.europesays.com\/de\/wp-json\/wp\/v2\/tags?post=1053917"}],"curies":[{"name":"wp","href":"https:\/\/api.w.org\/{rel}","templated":true}]}}