{"id":1053994,"date":"2026-05-29T05:40:24","date_gmt":"2026-05-29T05:40:24","guid":{"rendered":"https:\/\/www.europesays.com\/de\/1053994\/"},"modified":"2026-05-29T05:40:24","modified_gmt":"2026-05-29T05:40:24","slug":"juechen-neue-infobroschuere-ist-erschienen","status":"publish","type":"post","link":"https:\/\/www.europesays.com\/de\/1053994\/","title":{"rendered":"J\u00fcchen: Neue Infobrosch\u00fcre ist erschienen"},"content":{"rendered":"<p class=\"text_ohne_einzug richtext text-em-55 !leading-serif mx-6 desktop:mx-0\"> J\u00fcchen ist eine Kommune, die im Vergleich zu anderen stark w\u00e4chst. In Neubaugebieten wie zum Beispiel in Bedburdyck oder Gierath zogen Familien, die \u00fcber die Stadt wom\u00f6glich nicht viel wissen. Jetzt hat J\u00fcchen eine neue Infobrosch\u00fcre herausgegeben. Darin werden Fragen beantwortet wie: Welche Vereine gibt es in J\u00fcchen? Welche Schulen und Kitas sind in der N\u00e4he? Oder, wer sind die politischen Entscheidungstr\u00e4ger? Solche und \u00e4hnliche Fragen beantwortet die Verwaltung den Neub\u00fcrgern.<\/p>\n<p class=\"richtext text-em-55 !leading-serif mx-6 desktop:mx-0\">Der praktische Wegweiser, so die Stadt, liste auch \u00c4rzte, Apotheken und Hilfsangebote f\u00fcr verschiedene Lebenslagen auf. Kirchen, B\u00fcchereien und Ch\u00f6re seien ebenso vertreten.<\/p>\n<p class=\"richtext text-em-55 !leading-serif mx-6 desktop:mx-0\">\u201eIn der Brosch\u00fcre findet sich dar\u00fcber hinaus ein kleiner Einblick in die Geschichte J\u00fcchens und des bekanntesten Wahrzeichens der Stadt, des Schlosses Dyck mit seinem englischen Landschaftsgarten\u201c, erkl\u00e4rt Pressesprecher Matthias Michel.<\/p>\n<p class=\"richtext text-em-55 !leading-serif mx-6 desktop:mx-0\">B\u00fcrgermeister Philipp Sieben freut sich \u00fcber das neue Nachschlagewerk: \u201eJ\u00fcchen hat viel zu bieten: kurze Wege, eine hohe Lebensqualit\u00e4t und ein gutes Gemeinschaftsgef\u00fchl, das man auch im regen Vereinsleben sp\u00fcrt.\u201c<\/p>\n<p class=\"richtext text-em-55 !leading-serif mx-6 desktop:mx-0\">Die Infobrosch\u00fcre ist ab sofort an der Infotheke im Rathaus erh\u00e4ltlich, eine Onlineversion gibt es unter www.juechen.de\/brosch\u00fcre<\/p>\n","protected":false},"excerpt":{"rendered":"J\u00fcchen ist eine Kommune, die im Vergleich zu anderen stark w\u00e4chst. In Neubaugebieten wie zum Beispiel in Bedburdyck&hellip;\n","protected":false},"author":2,"featured_media":1053995,"comment_status":"","ping_status":"","sticky":false,"template":"","format":"standard","meta":{"footnotes":"","_share_on_mastodon":"0"},"categories":[1849],"tags":[3279,31830,29034,3364,29,548,663,3934,30,13,67191,225222,26920,4455,14,15,1209,12,17660],"class_list":["post-1053994","post","type-post","status-publish","format-standard","has-post-thumbnail","category-moenchengladbach","tag-apotheken","tag-beantwortet","tag-broschuere","tag-de","tag-deutschland","tag-eu","tag-europa","tag-europe","tag-germany","tag-headlines","tag-herausgegeben","tag-infobroschuere","tag-juechen","tag-moenchengladbach","tag-nachrichten","tag-news","tag-nordrhein-westfalen","tag-schlagzeilen","tag-vereinsleben"],"share_on_mastodon":{"url":"https:\/\/pubeurope.com\/@de\/116656263884398146","error":""},"_links":{"self":[{"href":"https:\/\/www.europesays.com\/de\/wp-json\/wp\/v2\/posts\/1053994","targetHints":{"allow":["GET"]}}],"collection":[{"href":"https:\/\/www.europesays.com\/de\/wp-json\/wp\/v2\/posts"}],"about":[{"href":"https:\/\/www.europesays.com\/de\/wp-json\/wp\/v2\/types\/post"}],"author":[{"embeddable":true,"href":"https:\/\/www.europesays.com\/de\/wp-json\/wp\/v2\/users\/2"}],"replies":[{"embeddable":true,"href":"https:\/\/www.europesays.com\/de\/wp-json\/wp\/v2\/comments?post=1053994"}],"version-history":[{"count":0,"href":"https:\/\/www.europesays.com\/de\/wp-json\/wp\/v2\/posts\/1053994\/revisions"}],"wp:featuredmedia":[{"embeddable":true,"href":"https:\/\/www.europesays.com\/de\/wp-json\/wp\/v2\/media\/1053995"}],"wp:attachment":[{"href":"https:\/\/www.europesays.com\/de\/wp-json\/wp\/v2\/media?parent=1053994"}],"wp:term":[{"taxonomy":"category","embeddable":true,"href":"https:\/\/www.europesays.com\/de\/wp-json\/wp\/v2\/categories?post=1053994"},{"taxonomy":"post_tag","embeddable":true,"href":"https:\/\/www.europesays.com\/de\/wp-json\/wp\/v2\/tags?post=1053994"}],"curies":[{"name":"wp","href":"https:\/\/api.w.org\/{rel}","templated":true}]}}