{"id":1054068,"date":"2026-05-29T06:24:16","date_gmt":"2026-05-29T06:24:16","guid":{"rendered":"https:\/\/www.europesays.com\/de\/1054068\/"},"modified":"2026-05-29T06:24:16","modified_gmt":"2026-05-29T06:24:16","slug":"neuer-bebauungsplan-soll-gruenflaechen-in-der-inneren-leipziger-westvorstadt-sichern-%c2%b7-leipziger-zeitung","status":"publish","type":"post","link":"https:\/\/www.europesays.com\/de\/1054068\/","title":{"rendered":"Neuer Bebauungsplan soll Gr\u00fcnfl\u00e4chen in der inneren Leipziger Westvorstadt sichern \u00b7 Leipziger Zeitung"},"content":{"rendered":"<p>Weil in der inneren Westvorstadt zunehmend Freifl\u00e4chen bebaut werden oder Investoren entsprechende Bauabsichten hegen, soll dort jetzt ein neuer Bebauungsplan die k\u00fcnftige Entwicklung des Quartiers steuern, teilt die Stadt mit. Der entsprechende Plan Nummer 483 \u201eInnere Westvorstadt\u201c umfasst dabei das etwa 18,5 Hektar gro\u00dfe Gebiet zwischen K\u00e4the-Kollwitz-Stra\u00dfe\/Dittrichring sowie Karl-Tauchnitz-Stra\u00dfe\/Friedrich-Ebert-Stra\u00dfe.<\/p>\n<p>Dabei solle, wie die Stadt informiert, eine Balance gefunden werden, zwischen der angestrebten, ma\u00dfvollen Nachverdichtung und dem Ziel, urbane Gr\u00fcnr\u00e4ume zu erhalten und zu entwickeln, um das Quartier <a href=\"https:\/\/www.l-iz.de\/tag\/Kommunale-Klimaanpassung\" target=\"_blank\" rel=\"noopener nofollow\">klimaresilienter<\/a> zu machen.\u00a0Die Stadtspitze hat jetzt begr\u00fcndet, weshalb ein entsprechender Bebauungsplan n\u00f6tig ist, der Stadtrat entscheidet abschlie\u00dfend \u00fcber die Ver\u00f6ffentlichung des Entwurfs. Daran schlie\u00dfe sich die fr\u00fchzeitige Beteiligung der \u00d6ffentlichkeit und der Beh\u00f6rden an.<\/p>\n<p>Gr\u00fcn erhalten und Strukturen sichern<\/p>\n<p>Um das Quartier vor \u00dcberhitzung zu sch\u00fctzen, sollen unter anderem nicht versiegelte Blockinnenbereiche erhalten bleiben und Niederschl\u00e4ge m\u00f6glichst vor Ort versickern. Auch den vorhandenen Baumbestand gilt es zu sch\u00fctzen und zus\u00e4tzliche zu pflanzen. Der als Denkmal eingetragene \u201ePlastikgarten\u201c soll als bedeutender innerst\u00e4dtischer Gr\u00fcnraum gesichert werden.<\/p>\n<p>Der Bebauungsplan will zudem wichtige Platzstrukturen im Quartier erhalten und weiterentwickeln. Dies gilt ganz besonders f\u00fcr den Bereich entlang der Gottschedstra\u00dfe zwischen Bosestra\u00dfe und Zentralstra\u00dfe, der zu einer \u00f6ffentlichen Gr\u00fcnfl\u00e4che mit Spielger\u00e4ten umgestaltet werden soll \u2013 dabei jedoch die Gedenkst\u00e4tte \u201eGro\u00dfe Synagoge\u201c ber\u00fccksichtigt.<\/p>\n<p>Die Pl\u00e4ne sollen im Amtsblatt \u00f6ffentlich kommuniziert werden, sodass sich B\u00fcrgerinnen und B\u00fcrger zu den Ideen \u00e4u\u00dfern und einbringen k\u00f6nnen.<\/p>\n","protected":false},"excerpt":{"rendered":"Weil in der inneren Westvorstadt zunehmend Freifl\u00e4chen bebaut werden oder Investoren entsprechende Bauabsichten hegen, soll dort jetzt ein&hellip;\n","protected":false},"author":2,"featured_media":1054069,"comment_status":"","ping_status":"","sticky":false,"template":"","format":"standard","meta":{"footnotes":"","_share_on_mastodon":"0"},"categories":[1832],"tags":[14314,3364,29,30,25539,22173,71,859,225227],"class_list":["post-1054068","post","type-post","status-publish","format-standard","has-post-thumbnail","category-leipzig","tag-bebauungsplan","tag-de","tag-deutschland","tag-germany","tag-klimaanpassung","tag-kommunale-klimaanpassung","tag-leipzig","tag-sachsen","tag-westvorstadt"],"share_on_mastodon":{"url":"https:\/\/pubeurope.com\/@de\/116656437177397716","error":""},"_links":{"self":[{"href":"https:\/\/www.europesays.com\/de\/wp-json\/wp\/v2\/posts\/1054068","targetHints":{"allow":["GET"]}}],"collection":[{"href":"https:\/\/www.europesays.com\/de\/wp-json\/wp\/v2\/posts"}],"about":[{"href":"https:\/\/www.europesays.com\/de\/wp-json\/wp\/v2\/types\/post"}],"author":[{"embeddable":true,"href":"https:\/\/www.europesays.com\/de\/wp-json\/wp\/v2\/users\/2"}],"replies":[{"embeddable":true,"href":"https:\/\/www.europesays.com\/de\/wp-json\/wp\/v2\/comments?post=1054068"}],"version-history":[{"count":0,"href":"https:\/\/www.europesays.com\/de\/wp-json\/wp\/v2\/posts\/1054068\/revisions"}],"wp:featuredmedia":[{"embeddable":true,"href":"https:\/\/www.europesays.com\/de\/wp-json\/wp\/v2\/media\/1054069"}],"wp:attachment":[{"href":"https:\/\/www.europesays.com\/de\/wp-json\/wp\/v2\/media?parent=1054068"}],"wp:term":[{"taxonomy":"category","embeddable":true,"href":"https:\/\/www.europesays.com\/de\/wp-json\/wp\/v2\/categories?post=1054068"},{"taxonomy":"post_tag","embeddable":true,"href":"https:\/\/www.europesays.com\/de\/wp-json\/wp\/v2\/tags?post=1054068"}],"curies":[{"name":"wp","href":"https:\/\/api.w.org\/{rel}","templated":true}]}}