{"id":105417,"date":"2025-05-12T19:01:26","date_gmt":"2025-05-12T19:01:26","guid":{"rendered":"https:\/\/www.europesays.com\/de\/105417\/"},"modified":"2025-05-12T19:01:26","modified_gmt":"2025-05-12T19:01:26","slug":"joerg-doerscheln-craftbeer-brauerei-blackmans-craft-funkjournal","status":"publish","type":"post","link":"https:\/\/www.europesays.com\/de\/105417\/","title":{"rendered":"J\u00f6rg D\u00f6rscheln, Craftbeer-Brauerei &#8222;Blackman&#8217;s Craft&#8220; | Funkjournal"},"content":{"rendered":"<p class=\"card__subtitle\"> Sendung vom Medienarchiv Bielefeld <\/p>\n<p>J\u00f6rg D\u00f6rscheln betreibt seit 2020 in Bielefeld-Sennestadt die Craftbeer-Brauerei &#8222;Blackman&#8217;s Craft&#8220;. Unter dem Begriff &#8222;Craftbeer&#8220; versteht man <a href=\"https:\/\/www.nrwision.de\/mediathek\/themen\/bier\" rel=\"nofollow noopener\" target=\"_blank\">Bier<\/a>, das handwerklich gebraut wird. Im Gespr\u00e4ch mit Moderator Frank Becker verr\u00e4t der gelernte Krankenpfleger, nach welchem Prinzip er sein Craftbeer braut. Au\u00dferdem informiert J\u00f6rg D\u00f6rscheln \u00fcber sein Craftbeer-Sortiment, den lokalen Bezug und seine Bierbrau-Seminare.<\/p>\n","protected":false},"excerpt":{"rendered":"Sendung vom Medienarchiv Bielefeld J\u00f6rg D\u00f6rscheln betreibt seit 2020 in Bielefeld-Sennestadt die Craftbeer-Brauerei &#8222;Blackman&#8217;s Craft&#8220;. Unter dem Begriff&hellip;\n","protected":false},"author":2,"featured_media":105418,"comment_status":"","ping_status":"","sticky":false,"template":"","format":"standard","meta":{"footnotes":""},"categories":[1841],"tags":[14068,6789,1605,2326,41669,21678,3364,29,30,617,1209,17027,9592],"class_list":{"0":"post-105417","1":"post","2":"type-post","3":"status-publish","4":"format-standard","5":"has-post-thumbnail","7":"category-bielefeld","8":"tag-lernen","9":"tag-alkohol","10":"tag-bielefeld","11":"tag-bier","12":"tag-brauen","13":"tag-craftbeer","14":"tag-de","15":"tag-deutschland","16":"tag-germany","17":"tag-handwerk","18":"tag-nordrhein-westfalen","19":"tag-seminar","20":"tag-trinken"},"share_on_mastodon":{"url":"https:\/\/pubeurope.com\/@de\/114496411372063331","error":""},"_links":{"self":[{"href":"https:\/\/www.europesays.com\/de\/wp-json\/wp\/v2\/posts\/105417","targetHints":{"allow":["GET"]}}],"collection":[{"href":"https:\/\/www.europesays.com\/de\/wp-json\/wp\/v2\/posts"}],"about":[{"href":"https:\/\/www.europesays.com\/de\/wp-json\/wp\/v2\/types\/post"}],"author":[{"embeddable":true,"href":"https:\/\/www.europesays.com\/de\/wp-json\/wp\/v2\/users\/2"}],"replies":[{"embeddable":true,"href":"https:\/\/www.europesays.com\/de\/wp-json\/wp\/v2\/comments?post=105417"}],"version-history":[{"count":0,"href":"https:\/\/www.europesays.com\/de\/wp-json\/wp\/v2\/posts\/105417\/revisions"}],"wp:featuredmedia":[{"embeddable":true,"href":"https:\/\/www.europesays.com\/de\/wp-json\/wp\/v2\/media\/105418"}],"wp:attachment":[{"href":"https:\/\/www.europesays.com\/de\/wp-json\/wp\/v2\/media?parent=105417"}],"wp:term":[{"taxonomy":"category","embeddable":true,"href":"https:\/\/www.europesays.com\/de\/wp-json\/wp\/v2\/categories?post=105417"},{"taxonomy":"post_tag","embeddable":true,"href":"https:\/\/www.europesays.com\/de\/wp-json\/wp\/v2\/tags?post=105417"}],"curies":[{"name":"wp","href":"https:\/\/api.w.org\/{rel}","templated":true}]}}