{"id":1054242,"date":"2026-05-29T08:08:25","date_gmt":"2026-05-29T08:08:25","guid":{"rendered":"https:\/\/www.europesays.com\/de\/1054242\/"},"modified":"2026-05-29T08:08:25","modified_gmt":"2026-05-29T08:08:25","slug":"haus-der-familie-und-bildung-am-ostbahnhof-neubau-startet","status":"publish","type":"post","link":"https:\/\/www.europesays.com\/de\/1054242\/","title":{"rendered":"\u201eHaus der Familie und Bildung\u201c am Ostbahnhof: Neubau startet"},"content":{"rendered":"<p><strong>Am Ostbahnhof entsteht das \u201eHaus der Familie und Bildung\u201c. Der Neubau soll Familienzentrum, Beratung und Volkshochschule b\u00fcndeln.<\/strong><\/p>\n<p><a href=\"https:\/\/www.europesays.com\/de\/wp-content\/uploads\/2026\/05\/Friedrichshain-Ostbahnhof-Haus-fuer-Familie-und-Bildung-\u00a9-Foto-ENTWICKLUNGSSTADT-3.jpg\"><img loading=\"lazy\" decoding=\"async\" aria-describedby=\"caption-attachment-97102\" class=\"lazyload size-full wp-image-97102\" src=\"data:image\/svg+xml,%3Csvg%20xmlns%3D%27http%3A%2F%2Fwww.w3.org%2F2000%2Fsvg%27%20width%3D%271280%27%20height%3D%27720%27%20viewBox%3D%270%200%201280%20720%27%3E%3Crect%20width%3D%271280%27%20height%3D%27720%27%20fill-opacity%3D%220%22%2F%3E%3C%2Fsvg%3E\" data-orig-src=\"https:\/\/www.europesays.com\/de\/wp-content\/uploads\/2026\/05\/Friedrichshain-Ostbahnhof-Haus-fuer-Familie-und-Bildung-\u00a9-Foto-ENTWICKLUNGSSTADT-3.jpg\" alt=\"Das Foto zeigt das Baufeld des \u201eHauses der Familie und Bildung\u201c am Ostbahnhof mit Baggern, Bauz\u00e4unen und dichter Begr\u00fcnung.\" width=\"1280\" height=\"720\"\/><\/a><\/p>\n<p id=\"caption-attachment-97102\" class=\"wp-caption-text\">Zwischen Ostbahnhof, M\u00fcncheberger Stra\u00dfe und Heinrich-Hertz-Gymnasium entsteht ein neuer Bildungsstandort. \/ \u00a9 Foto: ENTWICKLUNGSSTADT<\/p>\n<p>\u00a9 Titelbild: ENTWICKLUNGSSTADT<\/p>\n<p>Am Berliner <a href=\"https:\/\/www.entwicklungsstadt.de\/tag\/Ostbahnhof\/\" target=\"_blank\" rel=\"noopener nofollow\">Ostbahnhof<\/a> bereitet der Bezirk <a href=\"https:\/\/www.entwicklungsstadt.de\/bezirke\/friedrichshain-kreuzberg\/\" target=\"_blank\" rel=\"noopener nofollow\">Friedrichshain-Kreuzberg<\/a> den n\u00e4chsten Neubau f\u00fcr soziale und bildungsbezogene Infrastruktur vor. An der M\u00fcncheberger Stra\u00dfe laufen die ersten Arbeiten f\u00fcr das \u201eHaus der Familie und Bildung\u201c. Der Standort liegt direkt neben dem Neubau des <a href=\"https:\/\/www.entwicklungsstadt.de\/friedrichshain-wie-aus-einem-parkplatz-eine-moderne-schule-wird\/\" target=\"_blank\" rel=\"noopener nofollow\">Heinrich-Hertz-Gymnasiums<\/a>, das im Sommer 2026 er\u00f6ffnen soll.<\/p>\n<ul>\n<li><strong>Bezirk:<\/strong> <a href=\"https:\/\/www.entwicklungsstadt.de\/bezirke\/friedrichshain-kreuzberg\/\" target=\"_blank\" rel=\"noopener nofollow\">Friedrichshain-Kreuzberg<\/a><\/li>\n<li><strong>Adresse:<\/strong> M\u00fcncheberger Stra\u00dfe, 10243 Berlin<\/li>\n<li><strong>Nutzung:<\/strong> Familienzentrum Einhorn, Familienberatung Fr\u00f6bel\/CLARA, Gilberto-Bosques-Volkshochschule<\/li>\n<li><strong>F\u00f6rdersumme:<\/strong> 9,026 Mio. Euro<\/li>\n<li><strong>Baubeginn:<\/strong> April 2026<\/li>\n<li><strong>Geplante Fertigstellung:<\/strong> Ende 2027<\/li>\n<\/ul>\n<p>Das \u201eHaus der Familie und Bildung\u201c soll mehrere Einrichtungen zusammenf\u00fchren, die bisher an unterschiedlichen Orten arbeiten. Nach Angaben des Bezirksamts auf Anfrage von <a href=\"https:\/\/www.entwicklungsstadt.de\/\" target=\"_blank\" rel=\"noopener nofollow\">ENTWICKLUNGSSTADT<\/a> sollen das Familienzentrum \u201eEinhorn\u201c, die Familienberatung \u201eFr\u00f6bel\u201c mit der Beratungsstelle \u201eCLARA\u201c sowie R\u00e4ume der Gilberto-Bosques-Volkshochschule in das Geb\u00e4ude ziehen. Damit entsteht am Ostbahnhof ein \u00f6ffentlicher Standort f\u00fcr Beratung, Begegnung, Familienarbeit und Weiterbildung.<\/p>\n<p><a href=\"https:\/\/www.europesays.com\/de\/wp-content\/uploads\/2026\/05\/Friedrichshain-Ostbahnhof-Haus-fuer-Familie-und-Bildung-\u00a9-Foto-ENTWICKLUNGSSTADT-1.jpg\"><img loading=\"lazy\" decoding=\"async\" aria-describedby=\"caption-attachment-97103\" class=\"lazyload size-full wp-image-97103\" src=\"data:image\/svg+xml,%3Csvg%20xmlns%3D%27http%3A%2F%2Fwww.w3.org%2F2000%2Fsvg%27%20width%3D%271280%27%20height%3D%27720%27%20viewBox%3D%270%200%201280%20720%27%3E%3Crect%20width%3D%271280%27%20height%3D%27720%27%20fill-opacity%3D%220%22%2F%3E%3C%2Fsvg%3E\" data-orig-src=\"https:\/\/www.europesays.com\/de\/wp-content\/uploads\/2026\/05\/Friedrichshain-Ostbahnhof-Haus-fuer-Familie-und-Bildung-\u00a9-Foto-ENTWICKLUNGSSTADT-1.jpg\" alt=\"Ein gelber Bagger steht auf dem Gel\u00e4nde des geplanten \u201eHauses der Familie und Bildung\u201c nahe dem Ostbahnhof in Berlin-Friedrichshain.\" width=\"1280\" height=\"720\"\/><\/a><\/p>\n<p id=\"caption-attachment-97103\" class=\"wp-caption-text\">Bauger\u00e4te markieren den Beginn der Arbeiten auf dem Grundst\u00fcck des \u201eHauses der Familie und Bildung\u201c. \/ \u00a9 Foto: ENTWICKLUNGSSTADT<\/p>\n<p>Neubau am Ostbahnhof b\u00fcndelt soziale und Bildungsangebote<\/p>\n<p>Die Nutzungen sollen klar gegliedert werden. Im Erdgeschoss sind das Familienzentrum und gemeinschaftlich genutzte Bereiche der Volkshochschule vorgesehen. Im ersten Obergeschoss sollen die Familienberatung Fr\u00f6bel e. V. und weitere R\u00e4ume der Volkshochschule untergebracht werden. Ein zentrales, zweigeschossiges Foyer erschlie\u00dft die Bereiche und verbindet die Funktionen im Geb\u00e4ude.<\/p>\n<p>Das Projekt geh\u00f6rt zum F\u00f6rdergebiet Friedrichshain West und wird \u00fcber das Programm \u201eNachhaltige Erneuerung\u201c gef\u00f6rdert. Der Neubau dient als \u00f6kologisches Modellprojekt. Der Wettbewerbsentwurf von wulf architekten sieht ein zweigeschossiges, klar strukturiertes Holzgeb\u00e4ude mit gro\u00dfen Fensterfl\u00e4chen und begr\u00fcntem Dach vor.<\/p>\n<p>Startschuss f\u00fcr das \u201eHaus der Familie und Bildung\u201c am Ostbahnhof<\/p>\n<p>Die W\u00e4rmeversorgung soll \u00fcber eine zentrale Sole-Wasser-W\u00e4rmepumpe erfolgen. Das Geb\u00e4ude erh\u00e4lt eine Netto-Raumfl\u00e4che von 1.410,30 Quadratmetern und soll in modularer Bauweise errichtet werden. Nach Auskunft des Bezirksamts ist der Baubeginn im April 2026 erfolgt. Die Fertigstellung ist f\u00fcr Ende 2027 vorgesehen.<\/p>\n<p>Der Standort ver\u00e4ndert sich seit mehreren Jahren. Auf der gegen\u00fcberliegenden Seite w\u00e4chst <a href=\"https:\/\/www.entwicklungsstadt.de\/heinrich-hertz-gymnasium-am-ostbahnhof-zeigt-sich-mit-roter-fassade\/\" target=\"_blank\" rel=\"noopener nofollow\">das neue Heinrich-Hertz-Gymnasium, dessen rote Fassade inzwischen deutlich sichtbar ist<\/a>. Das Schulgeb\u00e4ude entsteht auf einem fr\u00fcheren Parkplatz und soll ab dem Schuljahr 2026\/2027 784 Sch\u00fclerinnen und Sch\u00fcler aufnehmen. Mit dem \u201eHaus der Familie und Bildung\u201c erg\u00e4nzt der Bezirk das Umfeld am Ostbahnhof um einen weiteren \u00f6ffentlichen Infrastrukturbaustein.<\/p>\n<p><a href=\"https:\/\/www.europesays.com\/de\/wp-content\/uploads\/2026\/05\/Friedrichshain-Ostbahnhof-Heinrich-Hertz-Gymnasium-\u00a9-Foto-ENTWICKLUNGSSTADT.jpg\"><img loading=\"lazy\" decoding=\"async\" aria-describedby=\"caption-attachment-97104\" class=\"lazyload size-full wp-image-97104\" src=\"data:image\/svg+xml,%3Csvg%20xmlns%3D%27http%3A%2F%2Fwww.w3.org%2F2000%2Fsvg%27%20width%3D%271280%27%20height%3D%27720%27%20viewBox%3D%270%200%201280%20720%27%3E%3Crect%20width%3D%271280%27%20height%3D%27720%27%20fill-opacity%3D%220%22%2F%3E%3C%2Fsvg%3E\" data-orig-src=\"https:\/\/www.europesays.com\/de\/wp-content\/uploads\/2026\/05\/Friedrichshain-Ostbahnhof-Heinrich-Hertz-Gymnasium-\u00a9-Foto-ENTWICKLUNGSSTADT.jpg\" alt=\"Die rote Fassade des Heinrich-Hertz-Gymnasiums am Ostbahnhof ist mit Fenstern, Balkonen und Ger\u00fcsten zu sehen.\" width=\"1280\" height=\"720\"\/><\/a><\/p>\n<p id=\"caption-attachment-97104\" class=\"wp-caption-text\">Das neue Heinrich-Hertz-Gymnasium am Ostbahnhof zeigt bereits seine markante rote Fassade. \/ \u00a9 Foto: ENTWICKLUNGSSTADT<\/p>\n<p>Haus der Familie und Bildung<\/p>\n<p>Quellen: Bezirksamt Friedrichshain-Kreuzberg, Senatsverwaltung f\u00fcr Stadtentwicklung, Bauen und Wohnen, Nachhaltige Erneuerung Berlin<\/p>\n","protected":false},"excerpt":{"rendered":"Am Ostbahnhof entsteht das \u201eHaus der Familie und Bildung\u201c. Der Neubau soll Familienzentrum, Beratung und Volkshochschule b\u00fcndeln. Zwischen&hellip;\n","protected":false},"author":2,"featured_media":1054243,"comment_status":"","ping_status":"","sticky":false,"template":"","format":"standard","meta":{"footnotes":"","_share_on_mastodon":"0"},"categories":[1825],"tags":[296,225287,178614,29,186592,30,38583],"class_list":["post-1054242","post","type-post","status-publish","format-standard","has-post-thumbnail","category-berlin","tag-berlin","tag-berlin-ostbahnhof","tag-berlin-sozialeinrichtung","tag-deutschland","tag-friedrichshain-bauprojekte","tag-germany","tag-ostbahnhof"],"share_on_mastodon":{"url":"https:\/\/pubeurope.com\/@de\/116656846231358176","error":""},"_links":{"self":[{"href":"https:\/\/www.europesays.com\/de\/wp-json\/wp\/v2\/posts\/1054242","targetHints":{"allow":["GET"]}}],"collection":[{"href":"https:\/\/www.europesays.com\/de\/wp-json\/wp\/v2\/posts"}],"about":[{"href":"https:\/\/www.europesays.com\/de\/wp-json\/wp\/v2\/types\/post"}],"author":[{"embeddable":true,"href":"https:\/\/www.europesays.com\/de\/wp-json\/wp\/v2\/users\/2"}],"replies":[{"embeddable":true,"href":"https:\/\/www.europesays.com\/de\/wp-json\/wp\/v2\/comments?post=1054242"}],"version-history":[{"count":0,"href":"https:\/\/www.europesays.com\/de\/wp-json\/wp\/v2\/posts\/1054242\/revisions"}],"wp:featuredmedia":[{"embeddable":true,"href":"https:\/\/www.europesays.com\/de\/wp-json\/wp\/v2\/media\/1054243"}],"wp:attachment":[{"href":"https:\/\/www.europesays.com\/de\/wp-json\/wp\/v2\/media?parent=1054242"}],"wp:term":[{"taxonomy":"category","embeddable":true,"href":"https:\/\/www.europesays.com\/de\/wp-json\/wp\/v2\/categories?post=1054242"},{"taxonomy":"post_tag","embeddable":true,"href":"https:\/\/www.europesays.com\/de\/wp-json\/wp\/v2\/tags?post=1054242"}],"curies":[{"name":"wp","href":"https:\/\/api.w.org\/{rel}","templated":true}]}}