{"id":1054286,"date":"2026-05-29T08:34:15","date_gmt":"2026-05-29T08:34:15","guid":{"rendered":"https:\/\/www.europesays.com\/de\/1054286\/"},"modified":"2026-05-29T08:34:15","modified_gmt":"2026-05-29T08:34:15","slug":"veroeffentlichungstermine-des-statistischen-bundesamtes-destatis-vom-01-06-2026-bis","status":"publish","type":"post","link":"https:\/\/www.europesays.com\/de\/1054286\/","title":{"rendered":"Ver\u00f6ffentlichungstermine des Statistischen Bundesamtes (DESTATIS) vom 01.06.2026 bis &#8230;"},"content":{"rendered":"<p class=\"date\">29.05.2026 \u2013 10:03<\/p>\n<p class=\"customer\">\n                        <a class=\"story-customer\" title=\"weiter zum newsroom von Statistisches Bundesamt\" href=\"https:\/\/www.presseportal.de\/nr\/32102\" rel=\"nofollow noopener\" target=\"_blank\">Statistisches Bundesamt<\/a>\n                    <\/p>\n<p><a data-category=\"citylink-story-view\" data-action=\"click\" data-label=\"Citylink in Meldungsansicht\" class=\"story-city event-trigger\" href=\"https:\/\/www.presseportal.de\/regional\/WIESBADEN\" title=\"News aus WIESBADEN \" rel=\"nofollow noopener\" target=\"_blank\">WIESBADEN<\/a> (ots)<\/p>\n<p>Ver\u00f6ffentlichungstermine des Statistischen Bundesamtes (DESTATIS) &#8211; die Ver\u00f6ffentlichung erfolgt in der Regel 08:00 Uhr:<\/p>\n<p>Montag, 01.06.2026<\/p>\n<p>(Nr. 183) Umsatz im Einzelhandel, April 2026<\/p>\n<p>(Nr. 184) Au\u00dfen- und Binnenwanderungen (endg\u00fcltige Ergebnisse), Jahr 2025<\/p>\n<p>(Nr. 185) Zum Internationalen Tag der Umwelt (5.6.2026): Abfallaufkommen in Deutschland, Jahr 2024<\/p>\n<p>Dienstag, 02.06.2026<\/p>\n<p>(Nr. 23) Zahl der Woche: Durchschnittliche Gr\u00f6\u00dfe und Gewicht der Bev\u00f6lkerung, 2025<\/p>\n<p>Mittwoch, 03.06.2026<\/p>\n<p>(Nr. 186) Einb\u00fcrgerungen, Jahr 2025<\/p>\n<p>Freitag, 05.06.2026<\/p>\n<p>(Nr. 187) Umsatz im Dienstleistungsbereich, M\u00e4rz 2026<\/p>\n<p>(Nr. 188) Fisch- und Muschelerzeugung in Aquakulturbetrieben, Jahr 2025<\/p>\n<p>(Nr.###) = Voraussichtliche Meldungsnummerierung.<\/p>\n<p>Die Ver\u00f6ffentlichungstermine sowie weitere Informationen sind im Internetangebot des Statistischen Bundesamtes zu finden unter: <a target=\"_blank\" class=\"uri-ext outbound\" rel=\"noopener nofollow\" href=\"https:\/\/www.destatis.de\/DE\/Presse\/Termine\/Veroeffentlichungstabelle\/_inhalt.html\">https:\/\/www.destatis.de\/DE\/Presse\/Termine\/Veroeffentlichungstabelle\/_inhalt.html<\/a><\/p>\n<p>Verbreitung mit Quellenangabe erw\u00fcnscht.<\/p>\n<p>Herausgeber:<\/p>\n<p>DESTATIS | Statistisches Bundesamt<\/p>\n<p>Gustav-Stresemann-Ring 11<\/p>\n<p>65189 Wiesbaden<\/p>\n<p><a target=\"_blank\" class=\"uri-ext outbound\" rel=\"noopener nofollow\" href=\"https:\/\/www.destatis.de\/kontakt\">www.destatis.de\/kontakt<\/a><\/p>\n<p class=\"contact-headline\">Pressekontakt:<\/p>\n<p class=\"contact-text\">Statistisches Bundesamt<br \/>Pressestelle<br \/><a target=\"_blank\" class=\"uri-ext outbound\" rel=\"noopener nofollow\" href=\"https:\/\/www.destatis.de\/kontakt\">www.destatis.de\/kontakt<\/a><br \/>Telefon: +49 611-75 34 44<\/p>\n<p class=\"originator\">Original-Content von: Statistisches Bundesamt, \u00fcbermittelt durch news aktuell<\/p>\n","protected":false},"excerpt":{"rendered":"29.05.2026 \u2013 10:03 Statistisches Bundesamt WIESBADEN (ots) Ver\u00f6ffentlichungstermine des Statistischen Bundesamtes (DESTATIS) &#8211; die Ver\u00f6ffentlichung erfolgt in der&hellip;\n","protected":false},"author":2,"featured_media":386213,"comment_status":"","ping_status":"","sticky":false,"template":"","format":"standard","meta":{"footnotes":"","_share_on_mastodon":"0"},"categories":[1847],"tags":[38227,3364,29,548,663,3934,30,13,2052,14,15,178,180,179,181,12,924,4544],"class_list":["post-1054286","post","type-post","status-publish","format-standard","has-post-thumbnail","category-wiesbaden","tag-behrden","tag-de","tag-deutschland","tag-eu","tag-europa","tag-europe","tag-germany","tag-headlines","tag-hessen","tag-nachrichten","tag-news","tag-presse","tag-pressemeldung","tag-pressemitteilung","tag-pressemitteilungen","tag-schlagzeilen","tag-statistik","tag-wiesbaden"],"share_on_mastodon":{"url":"https:\/\/pubeurope.com\/@de\/116656948627495900","error":""},"_links":{"self":[{"href":"https:\/\/www.europesays.com\/de\/wp-json\/wp\/v2\/posts\/1054286","targetHints":{"allow":["GET"]}}],"collection":[{"href":"https:\/\/www.europesays.com\/de\/wp-json\/wp\/v2\/posts"}],"about":[{"href":"https:\/\/www.europesays.com\/de\/wp-json\/wp\/v2\/types\/post"}],"author":[{"embeddable":true,"href":"https:\/\/www.europesays.com\/de\/wp-json\/wp\/v2\/users\/2"}],"replies":[{"embeddable":true,"href":"https:\/\/www.europesays.com\/de\/wp-json\/wp\/v2\/comments?post=1054286"}],"version-history":[{"count":0,"href":"https:\/\/www.europesays.com\/de\/wp-json\/wp\/v2\/posts\/1054286\/revisions"}],"wp:featuredmedia":[{"embeddable":true,"href":"https:\/\/www.europesays.com\/de\/wp-json\/wp\/v2\/media\/386213"}],"wp:attachment":[{"href":"https:\/\/www.europesays.com\/de\/wp-json\/wp\/v2\/media?parent=1054286"}],"wp:term":[{"taxonomy":"category","embeddable":true,"href":"https:\/\/www.europesays.com\/de\/wp-json\/wp\/v2\/categories?post=1054286"},{"taxonomy":"post_tag","embeddable":true,"href":"https:\/\/www.europesays.com\/de\/wp-json\/wp\/v2\/tags?post=1054286"}],"curies":[{"name":"wp","href":"https:\/\/api.w.org\/{rel}","templated":true}]}}