{"id":1054362,"date":"2026-05-29T09:17:16","date_gmt":"2026-05-29T09:17:16","guid":{"rendered":"https:\/\/www.europesays.com\/de\/1054362\/"},"modified":"2026-05-29T09:17:16","modified_gmt":"2026-05-29T09:17:16","slug":"duesseldorf-hollywood-star-chris-noth-zu-gast-bei-charity-gala","status":"publish","type":"post","link":"https:\/\/www.europesays.com\/de\/1054362\/","title":{"rendered":"D\u00fcsseldorf: Hollywood-Star Chris Noth zu Gast bei Charity-Gala"},"content":{"rendered":"<p class=\"text_ohne_einzug richtext text-em-55 !leading-serif mx-6 desktop:mx-0\">Dass Promis nach D\u00fcsseldorf str\u00f6men, wenn der Sch\u00f6nheits-Doc Afschin Fatemi zu seiner Gala einl\u00e4dt, stellte er bereits im vergangenen Jahr unter Beweis. Seiner Einladung folgte die britische Schauspielerin Elizabeth Hurley. Nicht geringer war das Interesse an diesem Donnerstagabend, als niemand Geringeres als Hollywood-Star Chris Noth alias Mr. Big aus der Serie \u201eSex and the City\u201c zur zweiten Gala der Umbrella-Stiftung kam. Der Schauspieler mischte sich unter die anderen Promis auf dem roten Teppich und nahm sich Zeit f\u00fcr Fotos.<\/p>\n<p class=\"richtext text-em-55 !leading-serif mx-6 desktop:mx-0\">Dieser Anlass war gleich aus mehreren Gr\u00fcnden etwas Besonderes, denn es war sein erster Besuch in der Landeshauptstadt. \u201eIch bleibe nur kurz, aber ich liebe den Rhein. Ich habe aber noch nicht viel gesehen, weil es ein sehr kurzer Besuch ist. Ich bin nur noch bis Samstag in der Stadt\u201c, sagte er im Gespr\u00e4ch mit unserer Redaktion. Vor der Gala habe er allerdings bereits Zeit gehabt, ein klassisches D\u00fcsseldorfer Bier zu trinken. \u201eIch mag es, die Spezialit\u00e4ten in anderen L\u00e4ndern zu probieren.\u201c<\/p>\n<p class=\"richtext text-em-55 !leading-serif mx-6 desktop:mx-0\">Was genau er w\u00e4hrend seines Aufenthalts in D\u00fcsseldorf noch sehen wolle, wusste Chris Noth am Donnerstagabend noch nicht. \u201eIch werde \u00fcber die Br\u00fccke gehen und mal schauen, wie weit ich komme.\u201c Dass er nur so wenig Zeit in D\u00fcsseldorf verbringen k\u00f6nne, liege auch daran, wie viel gerade los ist. \u201eEs ist die Zeit des Jahres, wo die Kinder ihren Abschluss machen, die Schule endet und eine Million Dinge zu erledigen sind.\u201c<\/p>\n<p class=\"richtext text-em-55 !leading-serif mx-6 desktop:mx-0\">Zwar nicht direkt nach D\u00fcsseldorf, aber nach Deutschland werde er im September bereits zur\u00fcckkommen. \u201eDann komme ich mit meinen Freunden zum Wandern zur\u00fcck, wir planen eine Tour \u00fcber mehr als 100 Kilometer.\u201c Daf\u00fcr fliege er nach <a href=\"https:\/\/rp-online.de\/thema\/muenchen\/\" rel=\"nofollow noopener\" target=\"_blank\">M\u00fcnchen<\/a>. Eine weitere Reise nach D\u00fcsseldorf sei bislang nicht geplant.<\/p>\n<p class=\"richtext text-em-55 !leading-serif mx-6 desktop:mx-0\">Lange \u00fcberzeugen musste Afschin Fatemi ihn nicht, um f\u00fcr die Gala nach D\u00fcsseldorf zu kommen. Er habe sein europ\u00e4isches Management kontaktiert und als Chris Noth sich mit den Themen der Umbrella-Stiftung besch\u00e4ftigte, sei er schnell \u00fcberzeugt gewesen. \u201eAls Vater von zwei Kindern war ich sehr bewegt davon, dass er sein K\u00f6nnen nutzt, um Menschen in Krisengebieten zu helfen. Das war eine Chance, jemanden zu unterst\u00fctzen, der tolle Arbeit leistet.\u201c Seit 2012 erreicht der Arzt so bed\u00fcrftige Menschen, die sonst keine Hilfe erhalten w\u00fcrden.<\/p>\n<p class=\"richtext text-em-55 !leading-serif mx-6 desktop:mx-0\">Das Ziel, an diesem Abend Spenden f\u00fcr seine Stiftung zu sammeln, unterst\u00fctzten auch einige Promis. So waren die Moderatorinnen <a href=\"https:\/\/rp-online.de\/thema\/cathy-hummels\/\" rel=\"nofollow noopener\" target=\"_blank\">Cathy Hummels<\/a> und Jana Azizi vor Ort, die Models Lottie Moss und Lilly Becker posierten auf dem roten Teppich, <a href=\"https:\/\/rp-online.de\/thema\/daniela-katzenberger\/\" rel=\"nofollow noopener\" target=\"_blank\">Daniela Katzenberger<\/a> kam in Begleitung von Mutter Iris und die franz\u00f6sische Schauspielerin Catherine Deneuve lie\u00df sich den Abend ebenfalls nicht entgehen.<\/p>\n<p class=\"richtext text-em-55 !leading-serif mx-6 desktop:mx-0\">Ein Gru\u00dfwort hielt B\u00fcrgermeisterin Clara Gerlach, die das Engagement von Afschin Fatemi w\u00fcrdigen wollte. \u201eEine solche Gala bringt viel Aufmerksamkeit f\u00fcr die Stiftung mit sich und ich hoffe, es kommen viele Spenden zusammen, damit Menschen geholfen werden kann.\u201c<\/p>\n","protected":false},"excerpt":{"rendered":"Dass Promis nach D\u00fcsseldorf str\u00f6men, wenn der Sch\u00f6nheits-Doc Afschin Fatemi zu seiner Gala einl\u00e4dt, stellte er bereits im&hellip;\n","protected":false},"author":2,"featured_media":1054363,"comment_status":"","ping_status":"","sticky":false,"template":"","format":"standard","meta":{"footnotes":"","_share_on_mastodon":"0"},"categories":[1831],"tags":[221298,225300,3364,29,3405,8264,30,683,1209,2045,109318,15108,8928,38790],"class_list":["post-1054362","post","type-post","status-publish","format-standard","has-post-thumbnail","category-duesseldorf","tag-afschin-fatemi","tag-chris-noth","tag-de","tag-deutschland","tag-duesseldorf","tag-gala","tag-germany","tag-hollywood","tag-nordrhein-westfalen","tag-promis","tag-schoenheits","tag-star","tag-stiftung","tag-umbrella"],"share_on_mastodon":{"url":"https:\/\/pubeurope.com\/@de\/116657117324061357","error":""},"_links":{"self":[{"href":"https:\/\/www.europesays.com\/de\/wp-json\/wp\/v2\/posts\/1054362","targetHints":{"allow":["GET"]}}],"collection":[{"href":"https:\/\/www.europesays.com\/de\/wp-json\/wp\/v2\/posts"}],"about":[{"href":"https:\/\/www.europesays.com\/de\/wp-json\/wp\/v2\/types\/post"}],"author":[{"embeddable":true,"href":"https:\/\/www.europesays.com\/de\/wp-json\/wp\/v2\/users\/2"}],"replies":[{"embeddable":true,"href":"https:\/\/www.europesays.com\/de\/wp-json\/wp\/v2\/comments?post=1054362"}],"version-history":[{"count":0,"href":"https:\/\/www.europesays.com\/de\/wp-json\/wp\/v2\/posts\/1054362\/revisions"}],"wp:featuredmedia":[{"embeddable":true,"href":"https:\/\/www.europesays.com\/de\/wp-json\/wp\/v2\/media\/1054363"}],"wp:attachment":[{"href":"https:\/\/www.europesays.com\/de\/wp-json\/wp\/v2\/media?parent=1054362"}],"wp:term":[{"taxonomy":"category","embeddable":true,"href":"https:\/\/www.europesays.com\/de\/wp-json\/wp\/v2\/categories?post=1054362"},{"taxonomy":"post_tag","embeddable":true,"href":"https:\/\/www.europesays.com\/de\/wp-json\/wp\/v2\/tags?post=1054362"}],"curies":[{"name":"wp","href":"https:\/\/api.w.org\/{rel}","templated":true}]}}