{"id":1054396,"date":"2026-05-29T09:34:25","date_gmt":"2026-05-29T09:34:25","guid":{"rendered":"https:\/\/www.europesays.com\/de\/1054396\/"},"modified":"2026-05-29T09:34:25","modified_gmt":"2026-05-29T09:34:25","slug":"terence-hill-kult-comeback-mit-87-laesst-er-wieder-faeuste-fliegen-unterhaltung","status":"publish","type":"post","link":"https:\/\/www.europesays.com\/de\/1054396\/","title":{"rendered":"Terence Hill: Kult-Comeback! Mit 87 l\u00e4sst er wieder F\u00e4uste fliegen | Unterhaltung"},"content":{"rendered":"<p><a class=\"skip-content skip-content--link\" href=\"#in-content-skip-link-target-v-0-0\">TTS-Player \u00fcberspringen\u21b5<\/a><a id=\"in-content-skip-link-target-v-0-0\" class=\"skip-content--target-link-hidden skip-content skip-content--target-link\" href=\"#in-content-skip-link-target-v-0-0\">Artikel weiterlesen<\/a><\/p>\n<p data-fa091bde=\"0-3200\">Almer\u00eda (Spanien)\u00a0\u2013 <b>Diese Szenen sind f\u00fcr seine Fans ein Volltreffer ins Herz. Terence Hill (87) reitet wieder. Er langt erneut zu und zaubert mit dem Colt am G\u00fcrtel. Halleluja! Pl\u00f6tzlich f\u00fchlt sich alles wieder an wie fr\u00fcher. Es gibt Helden, die altern nie. Helden, deren Blick gen\u00fcgt, um Millionen Menschen zur\u00fcck in eine Zeit zu katapultieren, als das Leben sonniger schien und am Ende immer die Guten gewannen. Einer dieser Helden hei\u00dft Terence Hill (geboren als Mario Girotti).<\/b><\/p>\n<p><img decoding=\"async\" width=\"992\" height=\"1162\" alt=\"So kennen und lieben ihn die Fans seit mehr als 60 Jahren: Terence Hill (damals 33) wurde nach seinen Auftritten in mehreren \u201eWinnetou\u201c-Filmen mit seinen Italo-Western zur Kultfigur (u.a. \u201eMein Name ist Nobody\u201c)\" src=\"https:\/\/www.europesays.com\/de\/wp-content\/uploads\/2026\/05\/1845ffe47a6c359e1b7ec3c036ae1261,1ffca82f.jpeg\"   class=\"dynamic\" loading=\"lazy\"\/><\/p>\n<p class=\"fig__caption__text\">So kennen und lieben ihn die Fans seit mehr als 60 Jahren: Terence Hill (damals 33) wurde nach seinen Auftritten in mehreren \u201eWinnetou\u201c-Filmen mit seinen Italo-Western zur Kultfigur (u.a. \u201eMein Name ist Nobody\u201c)<\/p>\n<p>Foto: Privatarchiv Terence Hill\/Marcus Z\u00f6lch<\/p>\n<p>Terence Hill wieder im Sattel<\/p>\n<p data-fa091bde=\"0-3200\">Im Kurz-Western <a href=\"https:\/\/www.youtube.com\/watch?v=4iV8UzOnbrc\" target=\"_blank\" rel=\"nofollow noopener\" class=\"text-link\">\u201eThe Socceritos\u201c<\/a> steht der Schauspielstar gemeinsam mit den Schweizer Fu\u00dfball-Stars <a href=\"https:\/\/www.bild.de\/themen\/personen\/granit-xhaka\/nachrichten-news-fotos-videos-48391326.bild.html\" class=\"text-link\" rel=\"nofollow noopener\" target=\"_blank\">Granit Xhaka<\/a> (33), Zeki Amdouni (25) und Ana Maria Markovi\u0107 (26) vor der Kamera. Sie zeigen in der historisch vielleicht nicht ganz belegten Story, wie der Fu\u00dfball die junge USA erobert hat. Hoffentlich glaubt Pr\u00e4sident <a href=\"https:\/\/www.bild.de\/politik\/leute\/donald-trump\/thema-donald-trump-alle-infos-80018378.bild.html\" class=\"text-link\" rel=\"nofollow noopener\" target=\"_blank\">Donald Trump <\/a>(78) hier nicht jede Szene. Sonst muss Sportgeschichte vor der <a href=\"https:\/\/www.bild.de\/politik\/ausland-und-internationales\/us-zwischenwahlen-im-herbst-umfrage-schock-fuer-republikaner-kann-nur-die-fussball-wm-trump-retten-6a162285f1c0dd3f2e7d5df0\" class=\"text-link\" rel=\"nofollow noopener\" target=\"_blank\">Weltmeisterschaft (ab 11. Juni)<\/a> umgeschrieben werden \u2026<\/p>\n<p data-fa091bde=\"0-3200\">Mit wei\u00dfem Haar, aber demselben schelmischen L\u00e4cheln reitet die Western-Legende noch einmal durch Spaniens staubige Filmkulissen \u2013 dorthin, wo einst an der Seite seines legend\u00e4ren Partners <a href=\"https:\/\/www.bild.de\/themen\/personen\/bud-spencer\/fotos-video-kinofilme-starnews-19546920.bild.html\" class=\"text-link\" rel=\"nofollow noopener\" target=\"_blank\">Bud Spencer<\/a> (\u202086) in <a href=\"https:\/\/www.bild.de\/unterhaltung\/tv\/tv\/die-rechte-und-die-linke-hand-des-teufels-8-drehgeheimnisse-ueber-den-kult-film-61385658.bild.html\" class=\"text-link\" rel=\"nofollow noopener\" target=\"_blank\">\u201eDie rechte und die linke Hand des Teufels\u201c<\/a> (1970) oder sp\u00e4ter neben Henry Fonda (\u202077) als \u201eNobody\u201c (1973) Filmgeschichte geschrieben wurde.<\/p>\n<p><img decoding=\"async\" width=\"992\" height=\"1178\" alt=\"Die Klamotten passen noch und der Colt in der Hand f\u00fchlt sich immer noch gut an: Terence Hill legt sich im Film mit einem fiesen Desperado an\" src=\"https:\/\/www.europesays.com\/de\/wp-content\/uploads\/2026\/05\/ce5cbc6498f65ae1c1acbf546f317f76,b2335d88.jpeg\"   class=\"portrait\" loading=\"lazy\"\/><\/p>\n<p class=\"fig__caption__text\">Die Klamotten passen noch und der Colt in der Hand f\u00fchlt sich immer noch gut an: Terence Hill legt sich im Film mit einem fiesen Desperado an<\/p>\n<p>Foto: Privatarchiv Terence Hill\/Marcus Z\u00f6lch<\/p>\n<p>P\u00fcnktlich zur WM 2026: Terence Hill spielt jetzt Fu\u00dfball-Western!<a class=\"anchor video-teaser__anchor\" href=\"https:\/\/www.bild.de\/unterhaltung\/puenktlich-zur-wm-2026-terence-hill-spielt-jetzt-fussball-western-6a180851054b4b658f658265\" rel=\"nofollow noopener\" target=\"_blank\"><img decoding=\"async\" width=\"992\" height=\"558\" alt=\"\" src=\"https:\/\/www.europesays.com\/de\/wp-content\/uploads\/2026\/05\/a2599e9d2e67f89d5b5fa41141ff9d88,2b2096bf.jpeg\"   class=\"landscape teaser__image\" loading=\"lazy\"\/><\/a><\/p>\n<p>Quelle: YouTube: Manifesto Film, Circle Communications28.05.2026<\/p>\n<p>Gleich zu Beginn gibt es Bohnen, sp\u00e4ter Kloppe<\/p>\n<p data-fa091bde=\"0-3200\">Schon die ersten Szenen seines Comebacks l\u00f6sen G\u00e4nsehaut aus. Terence Hill sitzt im coolen Cowboy-Outfit am Lagerfeuer und futtert \u2013 nat\u00fcrlich einen Teller Bohnen. Das Gef\u00fchl ist wieder da: Nachmittage vor dem Fernseher. Bohnen aus der Pfanne. Faustk\u00e4mpfe mit einem Augenzwinkern. Freundschaft. Freiheit. Abenteuer. Zu BILD sagt die Legende \u00fcber seine R\u00fcckkehr: \u201eIn der W\u00fcste schmecken die Bohnen aus der Pfanne immer noch am besten. Es war wunderbar, an die Orte zur\u00fcckzukehren, die mit so viel eigener Geschichte verbunden sind.\u201c Ein Satz, der klingt wie eine Reise zur\u00fcck in eine andere Zeit.<\/p>\n<p><img decoding=\"async\" width=\"992\" height=\"661\" alt=\"Plausch am Lagerfeuer: Terence Hill (r.) mit den Schweizer WM-Spielern  Zeki Amdouni (25, l.) und Granit Xhaka (33). Hill \u00fcber den ehemaligen Bayer Leverkusen-Star zu BILD: \u201eGranit ist ein echter Leader und geborener Captain\u201c\" src=\"https:\/\/www.europesays.com\/de\/wp-content\/uploads\/2026\/05\/c4f3fc52592b4518041c991921842aa6,3cf7f462.jpeg\"   class=\"dynamic\" loading=\"lazy\"\/><\/p>\n<p class=\"fig__caption__text\">Plausch am Lagerfeuer: Terence Hill (r.) mit den Schweizer WM-Spielern Zeki Amdouni (25, l.) und Granit Xhaka (33). Hill \u00fcber den ehemaligen Bayer-Leverkusen-Star zu BILD: \u201eGranit ist ein echter Leader und geborener Captain\u201c<\/p>\n<p>Foto: Denner<\/p>\n<p>Mehr zum ThemaProminente Nationalspieler an seiner Seite<\/p>\n<p data-fa091bde=\"0-3200\">In \u201eThe Socceritos\u201c ziehen Hill, Granit und Zeki (beide im Kader f\u00fcr die <a href=\"https:\/\/www.bild.de\/buehne\/qiF1Skw4SuH7ca4IaBtj\" class=\"text-link\" rel=\"nofollow noopener\" target=\"_blank\">Fu\u00dfball-WM<\/a>) als furchtlose Gef\u00e4hrten von Stadt zu Stadt, um den Menschen den Fu\u00dfball n\u00e4herzubringen. Doch nat\u00fcrlich gibt es \u00c4rger: In einem verschlafenen W\u00fcsten-Nest stellt sich ihnen ein Schurke entgegen, der lieber ballern als bolzen will.<\/p>\n<p><img decoding=\"async\" width=\"992\" height=\"1093\" alt=\"Zeki Amdouni kehrte nach seinem Kreuzbandriss in den vergangenen Wochen erst wieder zur\u00fcck zum Premier-League-Verein FC Burnley. Der Verein stieg Ende der Saison allerdings ab\" src=\"https:\/\/www.europesays.com\/de\/wp-content\/uploads\/2026\/05\/769476c73be187e049fd92029e03edd5,630fd6b6.jpeg\"   class=\"dynamic\" loading=\"lazy\"\/><\/p>\n<p class=\"fig__caption__text\">Zeki Amdouni kehrte nach seinem Kreuzbandriss in den vergangenen Wochen erst wieder zur\u00fcck zum Premier-League-Verein FC Burnley. Der Verein stieg Ende der Saison allerdings ab<\/p>\n<p>Foto: Denner<\/p>\n<p data-fa091bde=\"0-3200\">Am Ende entscheidet eine spektakul\u00e4re Wette dar\u00fcber, ob der Fu\u00dfball auch im Wilden Westen siegt. Es ist ein Film voller Nostalgie, Humor und Herz. Genau das macht ihn so besonders. Terence Hill zu BILD: \u201eMir hat die Idee, Fu\u00dfball mit dem Wilden Westen zu kombinieren, sofort zugesagt. \u00c4hnlich war es ja in meinem Film ,Don Camillo\u2018.\u201c<\/p>\n<p><img decoding=\"async\" width=\"992\" height=\"1178\" alt=\"Auch die kroatische Nationalspielerin Ana Maria Markovi\u0107 (26) hat einen Gastauftritt im Film\" src=\"https:\/\/www.europesays.com\/de\/wp-content\/uploads\/2026\/05\/1c8f34e88fb0c5e4b9afa15bcb726dbf,71234720.jpeg\"   class=\"portrait\" loading=\"lazy\"\/><\/p>\n<p class=\"fig__caption__text\">Auch die kroatische Nationalspielerin Ana Maria Markovi\u0107 (26) hat einen Gastauftritt im Film<\/p>\n<p>Foto: Denner<\/p>\n<p data-fa091bde=\"0-3200\">Gedreht wurde in Spanien, dort, wo einst die gro\u00dfen Italowestern entstanden. Zwischen staubigen Salons und endlosen Ebenen entstand nun ein Werk, das Vergangenheit und Gegenwart verbindet. Und Terence Hill? Der zeigt einmal mehr, warum er bis heute verehrt wird. Denn f\u00fcr viele Fans bedeutet seine R\u00fcckkehr weit mehr als nur einen Werbefilm f\u00fcr den Schweizer Discounter Denner. Sie ist Hoffnung. Hoffnung auf einen letzten gro\u00dfen Western.<\/p>\n<p><img decoding=\"async\" width=\"992\" height=\"701\" alt=\"In Almer\u00eda drehte Terence Hill mehrere Filme mit seinem Kultpartner Bud Spencer. In der W\u00fcste erfuhr er 2016 bei Dreharbeiten auch vom Tod seines Freundes\" src=\"https:\/\/www.europesays.com\/de\/wp-content\/uploads\/2026\/05\/37618974aed764627220a7ebfa5f90fe,ba1435a5.jpeg\"   class=\"dynamic\" loading=\"lazy\"\/><\/p>\n<p class=\"fig__caption__text\">In Almer\u00eda drehte Terence Hill (r.) mehrere Filme mit seinem Kultpartner Bud Spencer. In der W\u00fcste erfuhr er 2016 bei Dreharbeiten auch vom Tod seines Freundes<\/p>\n<p>Foto: picture alliance\/United Archives<\/p>\n<p>Der Traum vom letzten gro\u00dfen Western lebt<\/p>\n<p data-fa091bde=\"0-3200\">Seit Jahren tr\u00e4umt Terence Hill davon, seine Karriere mit einem <a href=\"https:\/\/www.bild.de\/unterhaltung\/leute\/leute\/terence-hill-kehrt-als-nobody-zurueck-das-wird-sein-neuer-film-83249240.bild.html\" class=\"text-link\" rel=\"nofollow noopener\" target=\"_blank\">finalen Film im Sattel zu kr\u00f6nen<\/a>. Doch zuletzt platzte nach BILD-Informationen ein gro\u00dfes Projekt, weil eine wichtige Produktionsfirma absprang. Aber aufgegeben hat Hill seinen Traum nie. \u201eIch bin noch nicht in die Rente geritten.\u201c Dieser Satz klingt wie ein Versprechen.<\/p>\n<p><img decoding=\"async\" width=\"992\" height=\"617\" alt=\"Terence Hill (M.) mit seinem Team beim Dreh in der spanischen W\u00fcste von Almeria\" src=\"https:\/\/www.europesays.com\/de\/wp-content\/uploads\/2026\/05\/2dac593f2396b7bced62c998f7e24e3b,1bc3247e.jpeg\"   class=\"dynamic\" loading=\"lazy\"\/><\/p>\n<p class=\"fig__caption__text\">Terence Hill (M.) mit seinem Team beim Dreh in der spanischen W\u00fcste<\/p>\n<p>Foto: Privatarchiv Terence Hill\/Marcus Z\u00f6lch<\/p>\n<p data-fa091bde=\"3201-4001\">Und ein Terence Hill l\u00fcgt nie. Vielleicht bekommt die Welt tats\u00e4chlich noch einmal den gro\u00dfen Abschied, auf den Millionen Fans hoffen. Einen letzten gro\u00dfen Ritt f\u00fcr das Gute. Ein Film, in dem <a href=\"https:\/\/www.bild.de\/unterhaltung\/leute\/terence-hill\/zwischen-diesen-fotos-liegen-vierzig-jahre-49416214.bild.html\" class=\"text-link\" rel=\"nofollow noopener\" target=\"_blank\">Terence Hill<\/a> zeigt, warum er f\u00fcr Generationen der gr\u00f6\u00dfte Cowboy \u00fcberhaupt geblieben ist. Manche Legenden verschwinden nie. Sie steigen einfach irgendwann wieder aufs Pferd. BILD wei\u00df: Findet sich jemand, der den Film finanziell stemmen kann und will, schnallt sich Terence Hill den Pistolengurt noch einmal um.<\/p>\n","protected":false},"excerpt":{"rendered":"TTS-Player \u00fcberspringen\u21b5Artikel weiterlesen Almer\u00eda (Spanien)\u00a0\u2013 Diese Szenen sind f\u00fcr seine Fans ein Volltreffer ins Herz. Terence Hill (87)&hellip;\n","protected":false},"author":2,"featured_media":1054397,"comment_status":"","ping_status":"","sticky":false,"template":"","format":"standard","meta":{"footnotes":"","_share_on_mastodon":"0"},"categories":[1776],"tags":[1801,32314,225309,29,214,30,225307,95,8971,108056,1802,293,4026,225308,138370,215,7109,32311,81314],"class_list":["post-1054396","post","type-post","status-publish","format-standard","has-post-thumbnail","category-prominente","tag-celebrities","tag-cowboy","tag-cowboyhut","tag-deutschland","tag-entertainment","tag-germany","tag-hill-terence","tag-kino","tag-kuschel-sven","tag-nationalmannschaft-schweiz","tag-prominente","tag-schweiz","tag-spanien","tag-spencer-bud","tag-team-first","tag-unterhaltung","tag-weltmeisterschaft","tag-western","tag-xhaka-granit"],"share_on_mastodon":{"url":"https:\/\/pubeurope.com\/@de\/116657185214372101","error":""},"_links":{"self":[{"href":"https:\/\/www.europesays.com\/de\/wp-json\/wp\/v2\/posts\/1054396","targetHints":{"allow":["GET"]}}],"collection":[{"href":"https:\/\/www.europesays.com\/de\/wp-json\/wp\/v2\/posts"}],"about":[{"href":"https:\/\/www.europesays.com\/de\/wp-json\/wp\/v2\/types\/post"}],"author":[{"embeddable":true,"href":"https:\/\/www.europesays.com\/de\/wp-json\/wp\/v2\/users\/2"}],"replies":[{"embeddable":true,"href":"https:\/\/www.europesays.com\/de\/wp-json\/wp\/v2\/comments?post=1054396"}],"version-history":[{"count":0,"href":"https:\/\/www.europesays.com\/de\/wp-json\/wp\/v2\/posts\/1054396\/revisions"}],"wp:featuredmedia":[{"embeddable":true,"href":"https:\/\/www.europesays.com\/de\/wp-json\/wp\/v2\/media\/1054397"}],"wp:attachment":[{"href":"https:\/\/www.europesays.com\/de\/wp-json\/wp\/v2\/media?parent=1054396"}],"wp:term":[{"taxonomy":"category","embeddable":true,"href":"https:\/\/www.europesays.com\/de\/wp-json\/wp\/v2\/categories?post=1054396"},{"taxonomy":"post_tag","embeddable":true,"href":"https:\/\/www.europesays.com\/de\/wp-json\/wp\/v2\/tags?post=1054396"}],"curies":[{"name":"wp","href":"https:\/\/api.w.org\/{rel}","templated":true}]}}