{"id":105442,"date":"2025-05-12T19:14:09","date_gmt":"2025-05-12T19:14:09","guid":{"rendered":"https:\/\/www.europesays.com\/de\/105442\/"},"modified":"2025-05-12T19:14:09","modified_gmt":"2025-05-12T19:14:09","slug":"eu-und-schweizer-parlamentarier-besprechen-ausgehandelte-vertraege","status":"publish","type":"post","link":"https:\/\/www.europesays.com\/de\/105442\/","title":{"rendered":"EU- und Schweizer Parlamentarier besprechen ausgehandelte Vertr\u00e4ge"},"content":{"rendered":"<p class=\"tracking-tight font-semibold text-base\" q:key=\"O8_0\">Eine f\u00fcnfk\u00f6pfige Schweizer Delegation traf in Br\u00fcssel EU-Parlamentarier zum 44. interparlamentarischen Treffen.<\/p>\n<p><img onload=\"this.style.backgroundColor = ''\" loading=\"eager\" fetchpriority=\"high\" decoding=\"sync\" height=\"450\" alt=\"Elisabeth Schneider-Schneiter\" width=\"900\"  style=\"aspect-ratio:2;object-fit:cover;background-color:#695043\"  src=\"https:\/\/www.europesays.com\/de\/wp-content\/uploads\/2025\/05\/elisabeth-schneider-schneiter.jpg\" class=\"rounded-xl mx-auto\" on:load=\"q-CXthplsB.js#s_pVFDuJsFGxQ\"\/>Nationalr\u00e4tin Elisabeth Schneider-Schneiter (Mitte\/BL) \u00e4usserte ihre Entt\u00e4uschung \u00fcber die geringe Teilnahme an der gemeinsamen Sitzung. (Archivbild) &#8211; keystone<\/p>\n<p preventdefault:click=\"\" class=\"text-base\" on:click=\"q-Cnf2TZq0.js#s_Dola2XqN0FU[0 1]\" q:key=\"YR_0\" q:id=\"8h\">Eine f\u00fcnfk\u00f6pfige Delegation aus dem Schweizer <a href=\"https:\/\/www.nau.ch\/politik\/parlament\" target=\"_blank\" rel=\"noopener\">Parlament<\/a> hat am Montag in Br\u00fcssel wenige Abgeordnete des Europ\u00e4ischen Parlaments getroffen. Die Schweizer Parlamentarier und Parlamentarierinnen deuteten die Abwesenheit ihrer Gegen\u00fcber unterschiedlich. Anlass f\u00fcr die Reise gab das 44. interparlamentarische Treffen zwischen der Schweiz und der EU.<\/p>\n<p preventdefault:click=\"\" class=\"text-base\" on:click=\"q-Cnf2TZq0.js#s_Dola2XqN0FU[0 1]\" q:key=\"YR_0\" q:id=\"8j\">Nationalr\u00e4tin <a href=\"https:\/\/www.nau.ch\/politik\/bundeshaus\/mitte-favoritinnen-wurden-nicht-zu-bundesrats-kandidatur-motiviert-66905290\" target=\"_blank\" rel=\"noopener\">Elisabeth Schneider-Schneiter<\/a> (Mitte\/BL) \u00e4usserte ihre Entt\u00e4uschung \u00fcber die geringe Teilnahme an der gemeinsamen Sitzung. Es sei ein klares Zeichen, dass das Schweiz-EU-Dossier nicht auf der Priorit\u00e4tenliste der EU stehe, sagte sie im Anschluss an das Treffen an einem Medienanlass der gesamten Delegation.<\/p>\n<p preventdefault:click=\"\" class=\"text-base\" on:click=\"q-Cnf2TZq0.js#s_Dola2XqN0FU[0 1]\" q:key=\"YR_0\" q:id=\"8l\">Vom Europ\u00e4ischen <a href=\"https:\/\/www.nau.ch\/politik\/parlament\" target=\"_blank\" rel=\"noopener\">Parlament<\/a> waren lediglich Markus Schwab (EVP\/D) und Christine Schneider (EVP\/D) w\u00e4hrend der gesamten Sitzung anwesend. Christophe Grudler (Renew\/F) und Mariateresa Vivaldini (EKR\/I) sassen zeitweise im Saal. Die EU-Delegation z\u00e4hlt 18 Mitglieder und 18 weitere stellvertretende Mitglieder.<\/p>\n<p preventdefault:click=\"\" class=\"text-base\" on:click=\"q-Cnf2TZq0.js#s_Dola2XqN0FU[0 1]\" q:key=\"YR_0\" q:id=\"8n\">Aus der Schweiz reisten nebst Schneider-Schneiter auch die Nationalr\u00e4te <a href=\"https:\/\/www.nau.ch\/politik\/thomas-aeschi\" target=\"_blank\" rel=\"noopener\">Thomas Aeschi<\/a> (SVP\/ZG), Eric Nussbaumer (SP\/BL), Hans-Peter Portmann (FDP\/ZH) und Nicolas Walder (Gr\u00fcne\/GE) an. Laut Aeschi und Portmann sei es immer so, dass nur wenige von der EU-Seite anwesend seien. F\u00fcr Nussbaumer und Walder h\u00e4tten die Abwesenden andere Priorit\u00e4ten gehabt.<\/p>\n<p>Verhandlungen zwischen Schweiz und EU<\/p>\n<p preventdefault:click=\"\" class=\"text-base\" on:click=\"q-Cnf2TZq0.js#s_Dola2XqN0FU[0 1]\" q:key=\"YR_0\" q:id=\"8p\">Das Hauptthema des Treffens waren die k\u00fcrzlich abgeschlossenen Verhandlungen zwischen der Schweiz und der EU. Die Schweizer Abgeordneten lieferten sich in Br\u00fcssel eine innenpolitische Debatte.<\/p>\n<p preventdefault:click=\"\" class=\"text-base\" on:click=\"q-Cnf2TZq0.js#s_Dola2XqN0FU[0 1]\" q:key=\"YR_0\" q:id=\"8r\">Aeschi \u2013 der die Schweizer Delegation pr\u00e4sidierte \u2013 wiederholte die Kritik seiner Partei zu den ausgehandelten Vertr\u00e4gen. Die vier weiteren Delegationsmitglieder sprachen wohlwollend bis \u00fcberzeugt von den Vertr\u00e4gen.<\/p>\n<p preventdefault:click=\"\" class=\"text-base\" on:click=\"q-Cnf2TZq0.js#s_Dola2XqN0FU[0 1]\" q:key=\"YR_0\" q:id=\"8t\">Schwab meinte, fr\u00fcher h\u00e4tten ihn solche Diskussionen unter den Schweizer Kolleginnen und Kollegen \u00fcberrascht. Nun habe er \u00abdie Ruhe und Geduld\u00bb daf\u00fcr. Grudler \u2013 der aus einer franz\u00f6sischen Grenzregion kommt \u2013 sprach von den Sorgen der EU-B\u00fcrgerinnen und -B\u00fcrger in Grenzn\u00e4he zur Schweiz.<\/p>\n<p preventdefault:click=\"\" class=\"text-base\" on:click=\"q-Cnf2TZq0.js#s_Dola2XqN0FU[0 1]\" q:key=\"YR_0\" q:id=\"8v\">Das Treffen gab den Teilnehmenden auch die Gelegenheit, sich \u00fcber eine engere Zusammenarbeit zwischen den Parlamenten auszutauschen. Eine allf\u00e4llige Ratifizierung der neuen bilateralen Vertr\u00e4ge w\u00fcrde diese erm\u00f6glichen.<\/p>\n","protected":false},"excerpt":{"rendered":"Eine f\u00fcnfk\u00f6pfige Schweizer Delegation traf in Br\u00fcssel EU-Parlamentarier zum 44. interparlamentarischen Treffen. Nationalr\u00e4tin Elisabeth Schneider-Schneiter (Mitte\/BL) \u00e4usserte ihre&hellip;\n","protected":false},"author":2,"featured_media":105443,"comment_status":"","ping_status":"","sticky":false,"template":"","format":"standard","meta":{"footnotes":""},"categories":[3933],"tags":[331,332,548,663,158,3934,3935,13,41677,14,15,12,293,6168,2421],"class_list":{"0":"post-105442","1":"post","2":"type-post","3":"status-publish","4":"format-standard","5":"has-post-thumbnail","7":"category-eu","8":"tag-aktuelle-nachrichten","9":"tag-aktuelle-news","10":"tag-eu","11":"tag-europa","12":"tag-europaeische-union","13":"tag-europe","14":"tag-european-union","15":"tag-headlines","16":"tag-interparlamentarisches-treffen","17":"tag-nachrichten","18":"tag-news","19":"tag-schlagzeilen","20":"tag-schweiz","21":"tag-verhandlungen","22":"tag-zusammenarbeit"},"share_on_mastodon":{"url":"","error":""},"_links":{"self":[{"href":"https:\/\/www.europesays.com\/de\/wp-json\/wp\/v2\/posts\/105442","targetHints":{"allow":["GET"]}}],"collection":[{"href":"https:\/\/www.europesays.com\/de\/wp-json\/wp\/v2\/posts"}],"about":[{"href":"https:\/\/www.europesays.com\/de\/wp-json\/wp\/v2\/types\/post"}],"author":[{"embeddable":true,"href":"https:\/\/www.europesays.com\/de\/wp-json\/wp\/v2\/users\/2"}],"replies":[{"embeddable":true,"href":"https:\/\/www.europesays.com\/de\/wp-json\/wp\/v2\/comments?post=105442"}],"version-history":[{"count":0,"href":"https:\/\/www.europesays.com\/de\/wp-json\/wp\/v2\/posts\/105442\/revisions"}],"wp:featuredmedia":[{"embeddable":true,"href":"https:\/\/www.europesays.com\/de\/wp-json\/wp\/v2\/media\/105443"}],"wp:attachment":[{"href":"https:\/\/www.europesays.com\/de\/wp-json\/wp\/v2\/media?parent=105442"}],"wp:term":[{"taxonomy":"category","embeddable":true,"href":"https:\/\/www.europesays.com\/de\/wp-json\/wp\/v2\/categories?post=105442"},{"taxonomy":"post_tag","embeddable":true,"href":"https:\/\/www.europesays.com\/de\/wp-json\/wp\/v2\/tags?post=105442"}],"curies":[{"name":"wp","href":"https:\/\/api.w.org\/{rel}","templated":true}]}}