{"id":1054507,"date":"2026-05-29T10:39:15","date_gmt":"2026-05-29T10:39:15","guid":{"rendered":"https:\/\/www.europesays.com\/de\/1054507\/"},"modified":"2026-05-29T10:39:15","modified_gmt":"2026-05-29T10:39:15","slug":"duesseldorferin-gewinnt-schwedische-insel-voellig-ueberwaeltigt","status":"publish","type":"post","link":"https:\/\/www.europesays.com\/de\/1054507\/","title":{"rendered":"D\u00fcsseldorferin gewinnt schwedische Insel: &#8222;V\u00f6llig \u00fcberw\u00e4ltigt&#8220;"},"content":{"rendered":"<p class=\"text_ohne_einzug richtext text-em-55 !leading-serif mx-6 desktop:mx-0\">Eine einsame Insel, auf der man ganz f\u00fcr sich die Seele baumeln lassen kann: Viele tr\u00e4umen bestimmt mal davon, gerade in trubeligen Zeiten. F\u00fcr die geb\u00fcrtige D\u00fcsseldorferin Miriam Wiskemann ist das nun wahrgeworden. Die Insel, die nun ihr \u201egeh\u00f6rt\u201c, eignet sich allerdings nicht f\u00fcr einen langen Aufenthalt, denn sie besteht fast nur aus Steinen und wurde von Kormoranen besiedelt.<\/p>\n","protected":false},"excerpt":{"rendered":"Eine einsame Insel, auf der man ganz f\u00fcr sich die Seele baumeln lassen kann: Viele tr\u00e4umen bestimmt mal&hellip;\n","protected":false},"author":2,"featured_media":1054508,"comment_status":"","ping_status":"","sticky":false,"template":"","format":"standard","meta":{"footnotes":"","_share_on_mastodon":"0"},"categories":[1831],"tags":[3364,29,3405,30,23611,1209,225336],"class_list":["post-1054507","post","type-post","status-publish","format-standard","has-post-thumbnail","category-duesseldorf","tag-de","tag-deutschland","tag-duesseldorf","tag-germany","tag-insel","tag-nordrhein-westfalen","tag-wiskemann"],"share_on_mastodon":{"url":"https:\/\/pubeurope.com\/@de\/116657439936766450","error":""},"_links":{"self":[{"href":"https:\/\/www.europesays.com\/de\/wp-json\/wp\/v2\/posts\/1054507","targetHints":{"allow":["GET"]}}],"collection":[{"href":"https:\/\/www.europesays.com\/de\/wp-json\/wp\/v2\/posts"}],"about":[{"href":"https:\/\/www.europesays.com\/de\/wp-json\/wp\/v2\/types\/post"}],"author":[{"embeddable":true,"href":"https:\/\/www.europesays.com\/de\/wp-json\/wp\/v2\/users\/2"}],"replies":[{"embeddable":true,"href":"https:\/\/www.europesays.com\/de\/wp-json\/wp\/v2\/comments?post=1054507"}],"version-history":[{"count":0,"href":"https:\/\/www.europesays.com\/de\/wp-json\/wp\/v2\/posts\/1054507\/revisions"}],"wp:featuredmedia":[{"embeddable":true,"href":"https:\/\/www.europesays.com\/de\/wp-json\/wp\/v2\/media\/1054508"}],"wp:attachment":[{"href":"https:\/\/www.europesays.com\/de\/wp-json\/wp\/v2\/media?parent=1054507"}],"wp:term":[{"taxonomy":"category","embeddable":true,"href":"https:\/\/www.europesays.com\/de\/wp-json\/wp\/v2\/categories?post=1054507"},{"taxonomy":"post_tag","embeddable":true,"href":"https:\/\/www.europesays.com\/de\/wp-json\/wp\/v2\/tags?post=1054507"}],"curies":[{"name":"wp","href":"https:\/\/api.w.org\/{rel}","templated":true}]}}