{"id":1054595,"date":"2026-05-29T11:29:19","date_gmt":"2026-05-29T11:29:19","guid":{"rendered":"https:\/\/www.europesays.com\/de\/1054595\/"},"modified":"2026-05-29T11:29:19","modified_gmt":"2026-05-29T11:29:19","slug":"ein-moment-als-wuppertal-wieder-ganz-gross-rauskam","status":"publish","type":"post","link":"https:\/\/www.europesays.com\/de\/1054595\/","title":{"rendered":"\u201eEin Moment, als Wuppertal wieder ganz gro\u00df rauskam\u201c"},"content":{"rendered":"<p class=\"text_ohne_einzug richtext text-em-55 !leading-serif mx-6 desktop:mx-0\">Michael Malicke hat schon viele mehr oder weniger Prominente mit der weltbekannten Schwebebahn, diesem Alleinstellungsmerkmal der Stadt, vertraut gemacht. 25 Jahre war der heute 70-J\u00e4hrige f\u00fcr die \u00d6ffentlichkeitsarbeit der Wuppertaler Stadtwerke (WSW) zust\u00e4ndig. Er erlebte noch die Bundeshauptstadt Bonn, deren geografische N\u00e4he zu Wuppertal die Besuchsfrequenz von Bundespolitikern in der Stadt deutlich erh\u00f6hte. \u201eDamals gab es st\u00e4ndig Medien, die in der Schwebebahn drehen wollten\u201c, erinnert er. Dennoch waren gro\u00dfe Film-Produktionen die Ausnahme. Eine ganz Besondere wurde f\u00fcr ihn Wim Wenders \u201ePina \u2013 tanzt, tanzt, sonst sind wir verloren\u201c.<\/p>\n","protected":false},"excerpt":{"rendered":"Michael Malicke hat schon viele mehr oder weniger Prominente mit der weltbekannten Schwebebahn, diesem Alleinstellungsmerkmal der Stadt, vertraut&hellip;\n","protected":false},"author":2,"featured_media":1054596,"comment_status":"","ping_status":"","sticky":false,"template":"","format":"standard","meta":{"footnotes":"","_share_on_mastodon":"0"},"categories":[1840],"tags":[3364,29,22817,92,29367,225349,99288,90152,30,225348,20415,1209,14141,17128,27330,31340,17123,4418],"class_list":["post-1054595","post","type-post","status-publish","format-standard","has-post-thumbnail","category-wuppertal","tag-de","tag-deutschland","tag-dreharbeiten","tag-film","tag-filmemacher","tag-filmtross","tag-filmwelt","tag-gefilmt","tag-germany","tag-malicke","tag-michael","tag-nordrhein-westfalen","tag-pina","tag-schwebebahn","tag-tanzt","tag-wim-wenders","tag-wsw","tag-wuppertal"],"share_on_mastodon":{"url":"https:\/\/pubeurope.com\/@de\/116657636603732386","error":""},"_links":{"self":[{"href":"https:\/\/www.europesays.com\/de\/wp-json\/wp\/v2\/posts\/1054595","targetHints":{"allow":["GET"]}}],"collection":[{"href":"https:\/\/www.europesays.com\/de\/wp-json\/wp\/v2\/posts"}],"about":[{"href":"https:\/\/www.europesays.com\/de\/wp-json\/wp\/v2\/types\/post"}],"author":[{"embeddable":true,"href":"https:\/\/www.europesays.com\/de\/wp-json\/wp\/v2\/users\/2"}],"replies":[{"embeddable":true,"href":"https:\/\/www.europesays.com\/de\/wp-json\/wp\/v2\/comments?post=1054595"}],"version-history":[{"count":0,"href":"https:\/\/www.europesays.com\/de\/wp-json\/wp\/v2\/posts\/1054595\/revisions"}],"wp:featuredmedia":[{"embeddable":true,"href":"https:\/\/www.europesays.com\/de\/wp-json\/wp\/v2\/media\/1054596"}],"wp:attachment":[{"href":"https:\/\/www.europesays.com\/de\/wp-json\/wp\/v2\/media?parent=1054595"}],"wp:term":[{"taxonomy":"category","embeddable":true,"href":"https:\/\/www.europesays.com\/de\/wp-json\/wp\/v2\/categories?post=1054595"},{"taxonomy":"post_tag","embeddable":true,"href":"https:\/\/www.europesays.com\/de\/wp-json\/wp\/v2\/tags?post=1054595"}],"curies":[{"name":"wp","href":"https:\/\/api.w.org\/{rel}","templated":true}]}}