{"id":1054650,"date":"2026-05-29T12:01:16","date_gmt":"2026-05-29T12:01:16","guid":{"rendered":"https:\/\/www.europesays.com\/de\/1054650\/"},"modified":"2026-05-29T12:01:16","modified_gmt":"2026-05-29T12:01:16","slug":"duesseldorf-schuesse-vor-der-meerbar","status":"publish","type":"post","link":"https:\/\/www.europesays.com\/de\/1054650\/","title":{"rendered":"D\u00fcsseldorf: Sch\u00fcsse vor der Meerbar"},"content":{"rendered":"<p class=\"text_ohne_einzug richtext text-em-55 !leading-serif mx-6 desktop:mx-0\"> Waren die Sch\u00fcsse vor der Meerbar ein gezielter Angriff oder Notwehr? Diese Frage wird das D\u00fcsseldorfer Landgericht die kommenden Wochen besch\u00e4ftigen. Angeklagt ist ein 49-j\u00e4hriger T\u00fcrsteher. Er soll in der Nacht zum 14. Dezember 2025 mit G\u00e4sten \u00fcber den Einlass in das Lokal gestritten und schlie\u00dflich mehrfach auf zwei M\u00e4nner geschossen haben \u2013 einem davon direkt in den Kopf.<\/p>\n","protected":false},"excerpt":{"rendered":"Waren die Sch\u00fcsse vor der Meerbar ein gezielter Angriff oder Notwehr? Diese Frage wird das D\u00fcsseldorfer Landgericht die&hellip;\n","protected":false},"author":2,"featured_media":1054651,"comment_status":"","ping_status":"","sticky":false,"template":"","format":"standard","meta":{"footnotes":"","_share_on_mastodon":"0"},"categories":[1831],"tags":[1999,33270,3364,29,3405,30,60271,5402,71192,193330,225368,1209,144504,1918,67267,4191],"class_list":["post-1054650","post","type-post","status-publish","format-standard","has-post-thumbnail","category-duesseldorf","tag-anklage","tag-anklagebank","tag-de","tag-deutschland","tag-duesseldorf","tag-germany","tag-geschossen","tag-maenner","tag-medienhafen","tag-meerbar","tag-niedergeschossen","tag-nordrhein-westfalen","tag-notwehr","tag-sohn","tag-tuersteher","tag-vater"],"share_on_mastodon":{"url":"https:\/\/pubeurope.com\/@de\/116657762315923334","error":""},"_links":{"self":[{"href":"https:\/\/www.europesays.com\/de\/wp-json\/wp\/v2\/posts\/1054650","targetHints":{"allow":["GET"]}}],"collection":[{"href":"https:\/\/www.europesays.com\/de\/wp-json\/wp\/v2\/posts"}],"about":[{"href":"https:\/\/www.europesays.com\/de\/wp-json\/wp\/v2\/types\/post"}],"author":[{"embeddable":true,"href":"https:\/\/www.europesays.com\/de\/wp-json\/wp\/v2\/users\/2"}],"replies":[{"embeddable":true,"href":"https:\/\/www.europesays.com\/de\/wp-json\/wp\/v2\/comments?post=1054650"}],"version-history":[{"count":0,"href":"https:\/\/www.europesays.com\/de\/wp-json\/wp\/v2\/posts\/1054650\/revisions"}],"wp:featuredmedia":[{"embeddable":true,"href":"https:\/\/www.europesays.com\/de\/wp-json\/wp\/v2\/media\/1054651"}],"wp:attachment":[{"href":"https:\/\/www.europesays.com\/de\/wp-json\/wp\/v2\/media?parent=1054650"}],"wp:term":[{"taxonomy":"category","embeddable":true,"href":"https:\/\/www.europesays.com\/de\/wp-json\/wp\/v2\/categories?post=1054650"},{"taxonomy":"post_tag","embeddable":true,"href":"https:\/\/www.europesays.com\/de\/wp-json\/wp\/v2\/tags?post=1054650"}],"curies":[{"name":"wp","href":"https:\/\/api.w.org\/{rel}","templated":true}]}}