{"id":1054708,"date":"2026-05-29T12:33:29","date_gmt":"2026-05-29T12:33:29","guid":{"rendered":"https:\/\/www.europesays.com\/de\/1054708\/"},"modified":"2026-05-29T12:33:29","modified_gmt":"2026-05-29T12:33:29","slug":"lindt-in-aachen-neuer-schokoladen-campus-eroeffnet-werksverkauf","status":"publish","type":"post","link":"https:\/\/www.europesays.com\/de\/1054708\/","title":{"rendered":"Lindt in Aachen: Neuer Schokoladen-Campus er\u00f6ffnet \u2013 Werksverkauf"},"content":{"rendered":"<p>Neuer Campus <\/p>\n<p>Lindt baut Werksverkauf in Aachen aus \u2013 das ist neu<\/p>\n<p>29.05.2026 &#8211; 13:12 UhrLesedauer: 2 Min.<\/p>\n<p><a href=\"#focus-0\" class=\"transition-colors duration-200 block text-current relative\" data-sctrack=\"FocusGalleryImage.Reference\"><img fetchpriority=\"high\" data-testid=\"Opener.Image\"   loading=\"eager\" src=\"https:\/\/www.europesays.com\/de\/wp-content\/uploads\/2026\/05\/1780058006_943_image.jpg\" alt=\"Feierliche Er\u00f6ffnung: Neben Lindt-Mitarbeitern waren Aachens Oberb\u00fcrgermeister Michael Ziemons (3. v.l.) und das Mangement von Lindt am Donnerstag vor Ort.\" title=\"Feierliche Er\u00f6ffnung: Neben Lindt-Mitarbeitern waren Aachens Oberb\u00fcrgermeister Michael Ziemons (3. v.l.) und das Mangement von Lindt am Donnerstag vor Ort.\" width=\"3134\" height=\"1763\" class=\"bg-[url:var(--lqipURL)] bg-cover bg-center flex h-full w-full max-w-full\" style=\"--lqipURL:url('https:\/\/images.t-online.de\/2026\/05\/bj9vXVFNO1gb\/194x766:3134x1763\/fit-in\/150x0\/filters:blur(25)\/image.jpg')\" decoding=\"async\"\/><img loading=\"lazy\" src=\"https:\/\/aachen.t-online.de\/s\/paper\/_next\/static\/media\/zoom-in.f7dae02f.svg\" alt=\"Vergr\u00f6\u00dfern des Bildes\" title=\"Vergr\u00f6\u00dfern des Bildes\" class=\"block h-[calc(var(--height)_\/_16_*_1rem)] w-[calc(var(--width)_\/_16_*_1rem)] max-w-none absolute bottom-8 right-8 rounded-4 bg-snow p-8\" style=\"--width:32;--height:32\" decoding=\"async\"\/><\/a><\/p>\n<p>Feierliche Er\u00f6ffnung: Neben Lindt-Mitarbeitern waren Aachens Oberb\u00fcrgermeister Michael Ziemons (3. v.l.) und das Mangement von Lindt am Donnerstag vor Ort. (Quelle: Lindt &amp; Spr\u00fcngli GmbH)<\/p>\n<p><img loading=\"lazy\" src=\"https:\/\/aachen.t-online.de\/s\/paper\/_next\/static\/media\/audio-volume.6689034c.svg\" alt=\"\" title=\"\" class=\"block h-[calc(var(--height)_\/_16_*_1rem)] w-[calc(var(--width)_\/_16_*_1rem)] max-w-none group-hover:brightness-0 group-hover:invert\" style=\"--width:16;--height:16\" decoding=\"async\"\/>Vorlesen<\/p>\n<p>Aktuelle Zeit:0:00Gesamtdauer:0:00<\/p>\n<p>1x<\/p>\n<p class=\"text-center\">Jetzt neu bei t-online:<\/p>\n<p class=\"text-center\">Schriftgr\u00f6\u00dfe anpassen!<\/p>\n<p><img loading=\"lazy\" src=\"https:\/\/aachen.t-online.de\/s\/paper\/_next\/static\/media\/font-sizes.32942e33.svg\" alt=\"\" title=\"\" class=\"block h-[calc(var(--height)_\/_16_*_1rem)] w-[calc(var(--width)_\/_16_*_1rem)] max-w-none group-hover:hidden group-aria-expanded:hidden\" style=\"--width:16;--height:16\" decoding=\"async\"\/><img loading=\"lazy\" src=\"https:\/\/aachen.t-online.de\/s\/paper\/_next\/static\/media\/font-sizes-dark-mode.e382645c.svg\" alt=\"\" title=\"\" class=\"block h-[calc(var(--height)_\/_16_*_1rem)] w-[calc(var(--width)_\/_16_*_1rem)] max-w-none hidden group-hover:block group-aria-expanded:block\" style=\"--width:16;--height:16\" decoding=\"async\"\/><img loading=\"lazy\" src=\"https:\/\/aachen.t-online.de\/s\/paper\/_next\/static\/media\/sharing-menu-icon.1eb71368.svg\" alt=\"\" title=\"\" class=\"block h-[calc(var(--height)_\/_16_*_1rem)] w-[calc(var(--width)_\/_16_*_1rem)] max-w-none group-hover:brightness-0 group-hover:invert\" style=\"--width:16;--height:16\" decoding=\"async\"\/>Artikel teilen<\/p>\n<p class=\"font-bold text-18 leading-17 user-text-lg:text-22 user-text-xl:text-24\">In Aachen b\u00fcndelt Lindt Verwaltung, Labore und Werksverkauf auf einem neuen Campus. Besucher bekommen dort frische Schokolade und jetzt auch Eis.<\/p>\n<p class=\"text-18 leading-17 user-text-lg:text-22 user-text-xl:text-24\">Lindt &amp; Spr\u00fcngli Deutschland hat am Donnerstag an der S\u00fcsterfeldstra\u00dfe in Aachen einen neuen Campus er\u00f6ffnet. Das Unternehmen b\u00fcndelt dort Verwaltung, Laborbereiche und den weltweit gr\u00f6\u00dften Lindt-Werksverkauf auf einem Areal.<\/p>\n<p class=\"text-18 leading-17 user-text-lg:text-22 user-text-xl:text-24\">Der Neubau soll den Standort Aachen st\u00e4rken. <a class=\"transition-colors duration-200 cursor-pointer text-inherit no-underline text-salemsfur md:hover:text-magenta md:hover:border-magenta md:focus:text-magenta border-current border-b border-solid break-words\" data-tracking=\"{&quot;action&quot;:&quot;click&quot;,&quot;category&quot;:&quot;intextLink&quot;,&quot;label&quot;:&quot;\/region\/aachen\/id_101230420\/aachen-lindt-faehrt-produktion-aufgrund-sinkender-nachfrage-zurueck.html&quot;}\" href=\"https:\/\/aachen.t-online.de\/region\/aachen\/id_101230420\/aachen-lindt-faehrt-produktion-aufgrund-sinkender-nachfrage-zurueck.html\" data-sctrack=\"BodyAnchor\" rel=\"nofollow noopener\" target=\"_blank\">Nach Angaben des Unternehmens bietet das neue Verwaltungsgeb\u00e4ude Platz f\u00fcr bis zu 300 Mitarbeitende.<\/a> Dazu kommen spezialisierte Labor- und Sensorikbereiche. Auch der Werksverkauf wurde neu geplant.<\/p>\n<ul class=\"text-18 leading-17 block pl-24 *:pb-16 *:before:inline-block *:before:size-8 *:before:bg-magenta *:before:-ml-[20px] *:before:mb-2 *:before:mr-12 *:before:mt-0\">\n<li><strong class=\"font-bold\">Teurer Schokohase<\/strong><a class=\"transition-colors duration-200 cursor-pointer text-inherit no-underline text-salemsfur md:hover:text-magenta md:hover:border-magenta md:focus:text-magenta border-current border-b border-solid break-words\" data-tracking=\"{&quot;action&quot;:&quot;click&quot;,&quot;category&quot;:&quot;intextLink&quot;,&quot;label&quot;:&quot;\/region\/aachen\/id_101189022\/schoko-osterhase-von-lindt-firma-aus-aachen-reagiert-auf-kritik.html&quot;}\" href=\"https:\/\/aachen.t-online.de\/region\/aachen\/id_101189022\/schoko-osterhase-von-lindt-firma-aus-aachen-reagiert-auf-kritik.html\" data-sctrack=\"BodyAnchor\" rel=\"nofollow noopener\" target=\"_blank\">: So verteidigt Lindt den Preisanstieg<\/a><\/li>\n<\/ul>\n<p class=\"text-18 leading-17 user-text-lg:text-22 user-text-xl:text-24\">Adalbert Lechner, Group CEO der Lindt &amp; Spr\u00fcngli AG, sagte: &#8222;Mit der Er\u00f6ffnung unseres neuen Campus investieren wir gezielt in die Zukunft unseres Unternehmens.&#8220; Das Unternehmen schaffe moderne Arbeitsbedingungen und st\u00e4rke zugleich Innovationskraft sowie Wettbewerbsf\u00e4higkeit.<\/p>\n<p>Lindt in Aachen: Neue B\u00fcror\u00e4ume und lange Fensterfront<\/p>\n<p class=\"text-18 leading-17 user-text-lg:text-22 user-text-xl:text-24\">Im Verwaltungsgeb\u00e4ude setzt Lindt auf flexible B\u00fcrostrukturen. Offene Kommunikationsfl\u00e4chen und Begegnungszonen sollen den Austausch zwischen den Abteilungen erleichtern. Die R\u00e4ume unterst\u00fctzen laut Unternehmen konzentrierte Einzelarbeit ebenso wie Projektarbeit in Teams.<\/p>\n<p class=\"text-18 leading-17 user-text-lg:text-22 user-text-xl:text-24\">Auch f\u00fcr Besucherinnen und Besucher ver\u00e4ndert sich der Standort. Der neue Werksverkauf ist direkt an das Parkhaus angebunden. Eine 75 Meter lange Fensterfront soll den Bereich \u00f6ffnen und den Zugang erleichtern.<\/p>\n<p>Neues Angebot bei Lindt: Neben Schokolade gibt es jetzt auch Eis<\/p>\n<p class=\"text-18 leading-17 user-text-lg:text-22 user-text-xl:text-24\">Das Angebot im Werksverkauf w\u00e4chst ebenfalls. Neben klassischen Lindt-Produkten gibt es ein Ma\u00eetre-Chocolatier-Atelier. Dort bietet das Unternehmen frische Tafeln, Pralinen und personalisierbare Schokolade an. Eine Frischetheke erg\u00e4nzt das Angebot mit Kaffee, Schokoladengetr\u00e4nken und dem Lindt-Eis &#8222;Crema Gelata&#8220;.<\/p>\n<p><a href=\"#focus-1\" class=\"transition-colors duration-200 block text-current relative\" data-sctrack=\"FocusGalleryImage.Reference\"><img   loading=\"lazy\" src=\"https:\/\/www.europesays.com\/de\/wp-content\/uploads\/2026\/05\/lindt-schokohasen-jeder-schokoladenhohlkoerper-vor-allem-die-hasen-wird-in-aachen-gegossen.jpg\" alt=\"imago images 0851201735\" title=\"imago images 0851201735\" width=\"4000\" height=\"2250\" class=\"h-full w-full max-w-full rounded-8\" decoding=\"async\"\/><img loading=\"lazy\" src=\"https:\/\/aachen.t-online.de\/s\/paper\/_next\/static\/media\/zoom-in.f7dae02f.svg\" alt=\"Vergr\u00f6\u00dfern des Bildes\" title=\"Vergr\u00f6\u00dfern des Bildes\" class=\"block h-[calc(var(--height)_\/_16_*_1rem)] w-[calc(var(--width)_\/_16_*_1rem)] max-w-none absolute bottom-8 right-8 rounded-4 bg-snow p-8\" style=\"--width:32;--height:32\" decoding=\"async\"\/>Lindt-Schokohasen: Jeder Schokoladenhohlk\u00f6rper, vor allem die Hasen, wird in Aachen gegossen. (Quelle: IMAGO\/Wolfgang Maria Weber)<\/a><\/p>\n<p class=\"text-18 leading-17 user-text-lg:text-22 user-text-xl:text-24\">Michael Spiller, CEO von Lindt &amp; Spr\u00fcngli Deutschland, sagte: &#8222;Der Werksverkauf macht unsere Marke unmittelbar erlebbar, w\u00e4hrend das Verwaltungsgeb\u00e4ude optimale Voraussetzungen f\u00fcr Zusammenarbeit, Innovation und Qualit\u00e4t bietet.&#8220; Beim Neubau setzt Lindt nach eigenen Angaben auch auf Nachhaltigkeit. Geothermie, Fotovoltaik und \u00d6kostrom sollen die CO2-Emissionen am Standort senken.<\/p>\n<p>Lindt: Seit 1986 gibt es das Werk in Aachen<\/p>\n<p class=\"text-18 leading-17 user-text-lg:text-22 user-text-xl:text-24\">Lindt blickt auf eine mehr als 180-j\u00e4hrige Geschichte zur\u00fcck. 1847 vom Schweizer Rudolf Lindt gegr\u00fcndet, schloss sich das Unternehmen 1899 mit der Z\u00fcricher Schokoladenfabrik Spr\u00fcngli zusammen. Der Hauptsitz von Lindt &amp; Spr\u00fcngli liegt in Kilchberg in der Schweiz.<\/p>\n<p class=\"text-18 leading-17 user-text-lg:text-22 user-text-xl:text-24\">In Deutschland gibt es Lindt-Schokolade seit 1936, seit 1986 ist Lindt &amp; Spr\u00fcngli in Aachen. Hier arbeiten nach Unternehmensangaben 2.500 Menschen, dazu kommen 500 Au\u00dfendienstler. Weltweit z\u00e4hlt Lindt &amp; Spr\u00fcngli 15.500 Angestellte an zw\u00f6lf Produktionsstandorten in Europa und den USA.<\/p>\n","protected":false},"excerpt":{"rendered":"Neuer Campus Lindt baut Werksverkauf in Aachen aus \u2013 das ist neu 29.05.2026 &#8211; 13:12 UhrLesedauer: 2 Min.&hellip;\n","protected":false},"author":2,"featured_media":1054709,"comment_status":"","ping_status":"","sticky":false,"template":"","format":"standard","meta":{"footnotes":"","_share_on_mastodon":"0"},"categories":[1853],"tags":[722,1424,225374,3364,29,548,663,3934,30,13,66950,44477,14,15,1209,225373,12,18850,141241],"class_list":["post-1054708","post","type-post","status-publish","format-standard","has-post-thumbnail","category-aachen","tag-722","tag-aachen","tag-adalbert-lechner","tag-de","tag-deutschland","tag-eu","tag-europa","tag-europe","tag-germany","tag-headlines","tag-lindt-spruengli","tag-michael-ziemon","tag-nachrichten","tag-news","tag-nordrhein-westfalen","tag-rudolf-lindt","tag-schlagzeilen","tag-schokolade","tag-werksverkauf"],"share_on_mastodon":{"url":"https:\/\/pubeurope.com\/@de\/116657888965223645","error":""},"_links":{"self":[{"href":"https:\/\/www.europesays.com\/de\/wp-json\/wp\/v2\/posts\/1054708","targetHints":{"allow":["GET"]}}],"collection":[{"href":"https:\/\/www.europesays.com\/de\/wp-json\/wp\/v2\/posts"}],"about":[{"href":"https:\/\/www.europesays.com\/de\/wp-json\/wp\/v2\/types\/post"}],"author":[{"embeddable":true,"href":"https:\/\/www.europesays.com\/de\/wp-json\/wp\/v2\/users\/2"}],"replies":[{"embeddable":true,"href":"https:\/\/www.europesays.com\/de\/wp-json\/wp\/v2\/comments?post=1054708"}],"version-history":[{"count":0,"href":"https:\/\/www.europesays.com\/de\/wp-json\/wp\/v2\/posts\/1054708\/revisions"}],"wp:featuredmedia":[{"embeddable":true,"href":"https:\/\/www.europesays.com\/de\/wp-json\/wp\/v2\/media\/1054709"}],"wp:attachment":[{"href":"https:\/\/www.europesays.com\/de\/wp-json\/wp\/v2\/media?parent=1054708"}],"wp:term":[{"taxonomy":"category","embeddable":true,"href":"https:\/\/www.europesays.com\/de\/wp-json\/wp\/v2\/categories?post=1054708"},{"taxonomy":"post_tag","embeddable":true,"href":"https:\/\/www.europesays.com\/de\/wp-json\/wp\/v2\/tags?post=1054708"}],"curies":[{"name":"wp","href":"https:\/\/api.w.org\/{rel}","templated":true}]}}