{"id":1054725,"date":"2026-05-29T12:42:13","date_gmt":"2026-05-29T12:42:13","guid":{"rendered":"https:\/\/www.europesays.com\/de\/1054725\/"},"modified":"2026-05-29T12:42:13","modified_gmt":"2026-05-29T12:42:13","slug":"motorrad-unfall-zwei-jugendliche-schwer-verletzt-maximiliansau","status":"publish","type":"post","link":"https:\/\/www.europesays.com\/de\/1054725\/","title":{"rendered":"Motorrad-Unfall: Zwei Jugendliche schwer verletzt &#8211; Maximiliansau"},"content":{"rendered":"<p><b\/>Zwei schwer verletzte Jugendliche forderte ein Unfall am Freitagmorgen in der Pfortzer Stra\u00dfe. Gegen 7.56 Uhr befuhren laut Polizei ein unbekannter Rollerfahrer, eine 34-j\u00e4hrige Autofahrerin und ein 17-j\u00e4hriger Motorradfahrer mit 17-j\u00e4hriger Sozia die Pfortzer Stra\u00dfe. Da der Rollerfahrer nach links in die Stauden\u00e4cker abbiegen wollte und hierzu verkehrsbedingt anhalten musste, musste die dahinter befindliche Autofahrerin ebenfalls abbremsen. Der dahinter fahrende Motorradfahrer hielt nicht den erforderlichen Mindestabstand ein und touchierte zuerst den vorausfahrenden Pkw und lenkte anschlie\u00dfend in seiner Ausweichbewegung in den Gegenverkehr, wo er mit einem entgegenkommenden Auto zusammenstie\u00df und st\u00fcrzte. Sowohl der 17-j\u00e4hrige Motorradfahrer als auch seine Mitfahrerin wurden hierbei schwer verletzt und mussten in die umliegenden Krankenh\u00e4user transportiert werden. Auch ein Rettungshubschrauber war im Einsatz. Sowohl der vorausfahrende Pkw als auch der entgegenkommenden Pkw wurden besch\u00e4digt. Am Motorrad entstand Totalschaden. Die Gesamtschadensh\u00f6he d\u00fcrfte sich laut Polizei auf rund 11.000 Euro belaufen.<\/p>\n","protected":false},"excerpt":{"rendered":"Zwei schwer verletzte Jugendliche forderte ein Unfall am Freitagmorgen in der Pfortzer Stra\u00dfe. Gegen 7.56 Uhr befuhren laut&hellip;\n","protected":false},"author":2,"featured_media":1054726,"comment_status":"","ping_status":"","sticky":false,"template":"","format":"standard","meta":{"footnotes":"","_share_on_mastodon":"0"},"categories":[1844],"tags":[1634,3364,29,30,8903,4060,27216,121,1284],"class_list":["post-1054725","post","type-post","status-publish","format-standard","has-post-thumbnail","category-karlsruhe","tag-baden-wuerttemberg","tag-de","tag-deutschland","tag-germany","tag-karlsruhe","tag-lokal","tag-maximiliansau","tag-polizei","tag-unfall"],"share_on_mastodon":{"url":"https:\/\/pubeurope.com\/@de\/116657923617968974","error":""},"_links":{"self":[{"href":"https:\/\/www.europesays.com\/de\/wp-json\/wp\/v2\/posts\/1054725","targetHints":{"allow":["GET"]}}],"collection":[{"href":"https:\/\/www.europesays.com\/de\/wp-json\/wp\/v2\/posts"}],"about":[{"href":"https:\/\/www.europesays.com\/de\/wp-json\/wp\/v2\/types\/post"}],"author":[{"embeddable":true,"href":"https:\/\/www.europesays.com\/de\/wp-json\/wp\/v2\/users\/2"}],"replies":[{"embeddable":true,"href":"https:\/\/www.europesays.com\/de\/wp-json\/wp\/v2\/comments?post=1054725"}],"version-history":[{"count":0,"href":"https:\/\/www.europesays.com\/de\/wp-json\/wp\/v2\/posts\/1054725\/revisions"}],"wp:featuredmedia":[{"embeddable":true,"href":"https:\/\/www.europesays.com\/de\/wp-json\/wp\/v2\/media\/1054726"}],"wp:attachment":[{"href":"https:\/\/www.europesays.com\/de\/wp-json\/wp\/v2\/media?parent=1054725"}],"wp:term":[{"taxonomy":"category","embeddable":true,"href":"https:\/\/www.europesays.com\/de\/wp-json\/wp\/v2\/categories?post=1054725"},{"taxonomy":"post_tag","embeddable":true,"href":"https:\/\/www.europesays.com\/de\/wp-json\/wp\/v2\/tags?post=1054725"}],"curies":[{"name":"wp","href":"https:\/\/api.w.org\/{rel}","templated":true}]}}