{"id":1054798,"date":"2026-05-29T13:24:24","date_gmt":"2026-05-29T13:24:24","guid":{"rendered":"https:\/\/www.europesays.com\/de\/1054798\/"},"modified":"2026-05-29T13:24:24","modified_gmt":"2026-05-29T13:24:24","slug":"toedlicher-unfall-am-olgaeck-es-bleibt-dabei-unfallfahrer-muss-nicht-ins-gefaengnis","status":"publish","type":"post","link":"https:\/\/www.europesays.com\/de\/1054798\/","title":{"rendered":"T\u00f6dlicher Unfall am Olgaeck: Es bleibt dabei: Unfallfahrer muss nicht ins Gef\u00e4ngnis"},"content":{"rendered":"<p>Nach dem t\u00f6dlichen Unfall in Stuttgart bleibt es bei der Bew\u00e4hrungsstrafe. Beide Seiten, Staatsanwaltschaft und Verteidigung, erkennen das Urteil an.<\/p>\n<p>  Frau kam beim Unfall ums Leben\u00a0 <\/p>\n<p>Das Gericht verh\u00e4ngte zudem eine Schadensersatzzahlung in H\u00f6he von 400.000 Euro, die an die verschiedenen Opfer und ihre Angeh\u00f6rigen gehen. Zudem muss der Mann regelm\u00e4\u00dfig nachweisen, dass er weiter keine Drogen nimmt. Im Prozess hatte er einger\u00e4umt, am Tag vor dem Vorfall Kokain und Schlafmittel konsumiert zu haben. <a href=\"https:\/\/www.stuttgarter-nachrichten.de\/inhalt.toedlicher-unfall-am-olgaeck-ich-haette-nicht-fahren-duerfen-fahrer-raeumt-kokainkonsum-ein.f47d82e7-95c8-46c1-b6d2-c2c19e3f94cd.html\" target=\"_blank\" rel=\"nofollow noopener\">\u201eIch h\u00e4tte nicht fahren d\u00fcrfen\u201c<\/a>, hatte er im Gericht gesagt.<\/p>\n<p>Der Mann war Anfang Mai 2025 laut Anklage im Bereich der Stadtbahnhaltestelle Olgaeck nahe der Stuttgarter Innenstadt mit seinem Gel\u00e4ndewagen von der Stra\u00dfe abgekommen und in den Fu\u00dfg\u00e4ngerbereich vor der Haltestelle gefahren. Eine 46 Jahre alte Frau kam ums Leben, acht weitere Fu\u00dfg\u00e4nger wurden teils schwer verletzt. <\/p>\n","protected":false},"excerpt":{"rendered":"Nach dem t\u00f6dlichen Unfall in Stuttgart bleibt es bei der Bew\u00e4hrungsstrafe. Beide Seiten, Staatsanwaltschaft und Verteidigung, erkennen das&hellip;\n","protected":false},"author":2,"featured_media":1054799,"comment_status":"","ping_status":"","sticky":false,"template":"","format":"standard","meta":{"footnotes":"","_share_on_mastodon":"0"},"categories":[1830],"tags":[98987,1634,13664,3364,29,30,34065,17438,1441,22847,1243],"class_list":["post-1054798","post","type-post","status-publish","format-standard","has-post-thumbnail","category-stuttgart","tag-amtsgericht-stuttgart","tag-baden-wuerttemberg","tag-bewaehrungsstrafe","tag-de","tag-deutschland","tag-germany","tag-olgaeck","tag-stadtbahn-stuttgart","tag-stuttgart","tag-toedlicher-unfall","tag-urteil"],"share_on_mastodon":{"url":"https:\/\/pubeurope.com\/@de\/116658088669411377","error":""},"_links":{"self":[{"href":"https:\/\/www.europesays.com\/de\/wp-json\/wp\/v2\/posts\/1054798","targetHints":{"allow":["GET"]}}],"collection":[{"href":"https:\/\/www.europesays.com\/de\/wp-json\/wp\/v2\/posts"}],"about":[{"href":"https:\/\/www.europesays.com\/de\/wp-json\/wp\/v2\/types\/post"}],"author":[{"embeddable":true,"href":"https:\/\/www.europesays.com\/de\/wp-json\/wp\/v2\/users\/2"}],"replies":[{"embeddable":true,"href":"https:\/\/www.europesays.com\/de\/wp-json\/wp\/v2\/comments?post=1054798"}],"version-history":[{"count":0,"href":"https:\/\/www.europesays.com\/de\/wp-json\/wp\/v2\/posts\/1054798\/revisions"}],"wp:featuredmedia":[{"embeddable":true,"href":"https:\/\/www.europesays.com\/de\/wp-json\/wp\/v2\/media\/1054799"}],"wp:attachment":[{"href":"https:\/\/www.europesays.com\/de\/wp-json\/wp\/v2\/media?parent=1054798"}],"wp:term":[{"taxonomy":"category","embeddable":true,"href":"https:\/\/www.europesays.com\/de\/wp-json\/wp\/v2\/categories?post=1054798"},{"taxonomy":"post_tag","embeddable":true,"href":"https:\/\/www.europesays.com\/de\/wp-json\/wp\/v2\/tags?post=1054798"}],"curies":[{"name":"wp","href":"https:\/\/api.w.org\/{rel}","templated":true}]}}