{"id":1054861,"date":"2026-05-29T13:59:24","date_gmt":"2026-05-29T13:59:24","guid":{"rendered":"https:\/\/www.europesays.com\/de\/1054861\/"},"modified":"2026-05-29T13:59:24","modified_gmt":"2026-05-29T13:59:24","slug":"korschenbroich-kleinenbroicher-koenigshaus-zu-gast-bei-den-kita-majestaeten","status":"publish","type":"post","link":"https:\/\/www.europesays.com\/de\/1054861\/","title":{"rendered":"Korschenbroich: Kleinenbroicher K\u00f6nigshaus zu Gast bei den Kita-Majest\u00e4ten"},"content":{"rendered":"<p class=\"text_ohne_einzug richtext text-em-55 !leading-serif mx-6 desktop:mx-0\"> Die Eingangst\u00fcr in die <a href=\"https:\/\/rp-online.de\/thema\/kita\/\" rel=\"nofollow noopener\" target=\"_blank\">Kita<\/a> \u201eIm Holzkamp\u201c ist weit ge\u00f6ffnet. Auch das Transparent mit der Aufschrift \u201eHoch lebe der K\u00f6nig\u201c im Au\u00dfenbereich l\u00e4sst unschwer erkennen: Kostenpflichtiger Inhalt <a href=\"https:\/\/rp-online.de\/nrw\/staedte\/korschenbroich\/korschenbroich-so-feiert-die-st-sebastianus-bruderschaft-in-kleinenbroich_aid-148633685\" rel=\"nofollow noopener\" target=\"_blank\">Noch vor Beginn des Kleinenbroicher Sch\u00fctzenfestes<\/a> wird hoher Besuch erwartet. Die Kindermajest\u00e4ten Johann im gr\u00fcnen Rock und Lotta im festlichen Kleid sowie die Ministerpaare Matti und Lina wie auch Tim und Sophie sind bestens ger\u00fcstet. Matti tr\u00e4gt den Hut seines verstorbenen Gro\u00dfvaters. Ihm zur Seite steht seine Cousine Lina, Tochter des \u201egro\u00dfen\u201c Ministerpaares Christiane und Bastian Preu\u00df. Zum F\u00e4hnchen-Schwenken der anderen umrundet das Kita-eigene K\u00f6nigshaus den Sandkasten und bezieht Stellung beim Eingang.<\/p>\n","protected":false},"excerpt":{"rendered":"Die Eingangst\u00fcr in die Kita \u201eIm Holzkamp\u201c ist weit ge\u00f6ffnet. Auch das Transparent mit der Aufschrift \u201eHoch lebe&hellip;\n","protected":false},"author":2,"featured_media":1054862,"comment_status":"","ping_status":"","sticky":false,"template":"","format":"standard","meta":{"footnotes":"","_share_on_mastodon":"0"},"categories":[1849],"tags":[80343,3364,29,225417,548,663,3934,30,13,139179,3491,11111,18127,46085,33670,80072,59870,225418,46082,83248,225416,103878,225415,4455,14,15,1209,12,30853,72218],"class_list":["post-1054861","post","type-post","status-publish","format-standard","has-post-thumbnail","category-moenchengladbach","tag-bestens","tag-de","tag-deutschland","tag-eikoeter","tag-eu","tag-europa","tag-europe","tag-germany","tag-headlines","tag-heimanns","tag-kita","tag-kleid","tag-koenig","tag-koeniglichen","tag-koenigshaus","tag-koenigshauses","tag-koenigspaar","tag-koenigsschiede","tag-koenigssilber","tag-lina","tag-lotta","tag-marschieren","tag-matti","tag-moenchengladbach","tag-nachrichten","tag-news","tag-nordrhein-westfalen","tag-schlagzeilen","tag-schuetzenkoenig","tag-schuetzenkoenige"],"share_on_mastodon":{"url":"https:\/\/pubeurope.com\/@de\/116658226255396377","error":""},"_links":{"self":[{"href":"https:\/\/www.europesays.com\/de\/wp-json\/wp\/v2\/posts\/1054861","targetHints":{"allow":["GET"]}}],"collection":[{"href":"https:\/\/www.europesays.com\/de\/wp-json\/wp\/v2\/posts"}],"about":[{"href":"https:\/\/www.europesays.com\/de\/wp-json\/wp\/v2\/types\/post"}],"author":[{"embeddable":true,"href":"https:\/\/www.europesays.com\/de\/wp-json\/wp\/v2\/users\/2"}],"replies":[{"embeddable":true,"href":"https:\/\/www.europesays.com\/de\/wp-json\/wp\/v2\/comments?post=1054861"}],"version-history":[{"count":0,"href":"https:\/\/www.europesays.com\/de\/wp-json\/wp\/v2\/posts\/1054861\/revisions"}],"wp:featuredmedia":[{"embeddable":true,"href":"https:\/\/www.europesays.com\/de\/wp-json\/wp\/v2\/media\/1054862"}],"wp:attachment":[{"href":"https:\/\/www.europesays.com\/de\/wp-json\/wp\/v2\/media?parent=1054861"}],"wp:term":[{"taxonomy":"category","embeddable":true,"href":"https:\/\/www.europesays.com\/de\/wp-json\/wp\/v2\/categories?post=1054861"},{"taxonomy":"post_tag","embeddable":true,"href":"https:\/\/www.europesays.com\/de\/wp-json\/wp\/v2\/tags?post=1054861"}],"curies":[{"name":"wp","href":"https:\/\/api.w.org\/{rel}","templated":true}]}}