{"id":1054897,"date":"2026-05-29T14:20:22","date_gmt":"2026-05-29T14:20:22","guid":{"rendered":"https:\/\/www.europesays.com\/de\/1054897\/"},"modified":"2026-05-29T14:20:22","modified_gmt":"2026-05-29T14:20:22","slug":"italien-vereinigtes-koenigreich-prinzessin-kate-besucht-reggio-emilia-am-13-und-14-mai","status":"publish","type":"post","link":"https:\/\/www.europesays.com\/de\/1054897\/","title":{"rendered":"Italien-Vereinigtes K\u00f6nigreich: Prinzessin Kate besucht Reggio Emilia am 13. und 14. Mai"},"content":{"rendered":"<p class=\"tdm-descr\">\u00a9 Agenzia Nova \u2013 Nachdruck vorbehalten<\/p>\n<p class=\"gt-block\">Die Prinzessin von Wales, <strong>Catherine Middleton<\/strong>Prinzessin Anne wird am Mittwoch, den 13. Mai, und Donnerstag, den 14. Mai, Reggio Emilia besuchen. Dieser Besuch ist ein bedeutender Schritt f\u00fcr die Arbeit und die weltweite Expansion des Royal Foundation Centre for Early Childhood. Mit starker Unterst\u00fctzung der Prinzessin konzentriert sich der Besuch auf die fr\u00fchkindliche Entwicklung und ist Teil einer hochrangigen Mission, die darauf abzielt, Einblicke in f\u00fchrende internationale Ans\u00e4tze zur F\u00f6rderung von Kleinkindern sowie ihrer Bezugspersonen, Lehrkr\u00e4fte und anderen Erwachsenen zu gewinnen und diese zu erkunden. Aufbauend auf dem im Februar 2025 ver\u00f6ffentlichten Rahmenkonzept \u201eShaping Us\u201c des Centre for Early Childhood soll der Besuch untersuchen, wie ein gemeinsames Verst\u00e4ndnis der sozialen und emotionalen Entwicklung mit Ans\u00e4tzen anderer L\u00e4nder verkn\u00fcpft werden kann, die den fr\u00fchen Lebensjahren Priorit\u00e4t einr\u00e4umen. Der Besuch der Prinzessin in Reggio Emilia stellt einen wichtigen Ausgangspunkt dar. Der international anerkannte Reggio-Emilia-Ansatz in der fr\u00fchkindlichen Bildung stellt Beziehungen, Umgebung und Gemeinschaft in den Mittelpunkt der kindlichen Entwicklung. Er genie\u00dft zudem hohes Ansehen f\u00fcr die Schaffung anregender, kreativer und interaktiver Lernumgebungen. W\u00e4hrend ihres zweit\u00e4gigen Besuchs trifft die Prinzessin mit Lehrkr\u00e4ften, Eltern, Kindern, Verwaltungsangestellten und Vertretern der Wirtschaft zusammen, um sich ein pers\u00f6nliches Bild vom Reggio-Emilia-Ansatz zu machen. Der Besuch unterstreicht die Bedeutung der menschlichen Kontexte und Beziehungen, die von Neugier, Zuh\u00f6ren und Gegenseitigkeit gepr\u00e4gt sind und die ein Kind umgeben, sowie deren Rolle bei der F\u00f6rderung seiner Entwicklung und Lernprozesse.<\/p>\n<p>Ein Sprecher des Kensington Palace erkl\u00e4rte: \u201eDie Prinzessin freut sich darauf, n\u00e4chste Woche Italien zu besuchen und sich vor Ort ein Bild davon zu machen, wie der Reggio-Emilia-Ansatz Umgebungen schafft, in denen Natur und liebevolle menschliche Beziehungen die Entwicklung von Kindern f\u00f6rdern. Da das Zentrum f\u00fcr fr\u00fchkindliche Bildung seine Arbeit international weiter ausbaut, bietet dieser Besuch die Gelegenheit, das \u201eShaping Us\u201c-Rahmenwerk mit f\u00fchrenden globalen Ans\u00e4tzen zu verkn\u00fcpfen und eine gemeinsame Wertsch\u00e4tzung hervorzuheben: In diesen fr\u00fchen Jahren, durch die nat\u00fcrliche Umgebung und die W\u00e4rme menschlicher Beziehungen, legen wir den Grundstein f\u00fcr eine widerstandsf\u00e4hige und gesunde Zukunft.\u201c Seit seiner Gr\u00fcndung im Jahr 2021 hat das Royal Foundation Centre for Early Childhood Forschung, Kooperation und praktisches Handeln zusammengef\u00fchrt, um einen langfristigen Wandel im gesellschaftlichen Verst\u00e4ndnis und der Priorisierung der fr\u00fchen Kindheit zu f\u00f6rdern. Dieser Besuch markiert die n\u00e4chste Phase dieser Arbeit, indem er globale Ans\u00e4tze zur fr\u00fchkindlichen Bildung zusammenf\u00fchrt und deren Bedeutung auf der Weltb\u00fchne st\u00e4rkt.<\/p>\n<p class=\"gt-block\">Lesen Sie auch andere Nachrichten \u00fcber <strong><a href=\"https:\/\/www.agenzianova.com\/de\/news\" target=\"_blank\" rel=\"noopener nofollow\">Nova-News<\/a><\/strong><\/p>\n<p class=\"gt-block\"><strong><a style=\"color: #0000ff;\" href=\" https:\/\/whatsapp.com\/channel\/0029VaZNLBP6BIEk5MzqOb2Q \">Klicken Sie hier und erhalten Sie Updates auf WhatsApp<\/a><\/strong><\/p>\n<p class=\"gt-block\">Folgen Sie uns auf den sozialen Kan\u00e4len von Nova News <strong><a href=\"https:\/\/twitter.com\/agenzia_nova\" target=\"_blank\" rel=\"noopener nofollow\">Twitter<\/a>, <a href=\"https:\/\/www.linkedin.com\/company\/64989554\/admin\/\" target=\"_blank\" rel=\"noopener nofollow\"> LinkedIn<\/a>, <a href=\"https:\/\/www.instagram.com\/agenzia.nova\/\" target=\"_blank\" rel=\"noopener nofollow\">Instagram, <\/a><a href=\"https:\/\/t.me\/novanewsagenzia\" rel=\"nofollow\">Telegram<\/a><\/strong><\/p>\n<p class=\"tdm-descr\">\u00a9 Agenzia Nova \u2013 Nachdruck vorbehalten<\/p>\n<p><script async src=\"https:\/\/platform.twitter.com\/widgets.js\" charset=\"utf-8\"><\/script><script async src=\"\/\/www.instagram.com\/embed.js\"><\/script><\/p>\n","protected":false},"excerpt":{"rendered":"\u00a9 Agenzia Nova \u2013 Nachdruck vorbehalten Die Prinzessin von Wales, Catherine MiddletonPrinzessin Anne wird am Mittwoch, den 13.&hellip;\n","protected":false},"author":2,"featured_media":1054898,"comment_status":"","ping_status":"","sticky":false,"template":"","format":"standard","meta":{"footnotes":"","_share_on_mastodon":"0"},"categories":[3976],"tags":[331,332,13,9757,14,15,225427,12,3992,3993,3994,3995,3996,3997],"class_list":["post-1054897","post","type-post","status-publish","format-standard","has-post-thumbnail","category-vereinigtes-koenigreich","tag-aktuelle-nachrichten","tag-aktuelle-news","tag-headlines","tag-kate","tag-nachrichten","tag-news","tag-reggio-emilia","tag-schlagzeilen","tag-uk","tag-united-kingdom","tag-united-kingdom-of-great-britain-and-northern-ireland","tag-vereinigtes-koenigreich","tag-vereinigtes-koenigreich-grossbritannien-und-nordirland","tag-vereinigtes-koenigreich-von-grossbritannien-und-nordirland"],"share_on_mastodon":{"url":"https:\/\/pubeurope.com\/@de\/116658308688283091","error":""},"_links":{"self":[{"href":"https:\/\/www.europesays.com\/de\/wp-json\/wp\/v2\/posts\/1054897","targetHints":{"allow":["GET"]}}],"collection":[{"href":"https:\/\/www.europesays.com\/de\/wp-json\/wp\/v2\/posts"}],"about":[{"href":"https:\/\/www.europesays.com\/de\/wp-json\/wp\/v2\/types\/post"}],"author":[{"embeddable":true,"href":"https:\/\/www.europesays.com\/de\/wp-json\/wp\/v2\/users\/2"}],"replies":[{"embeddable":true,"href":"https:\/\/www.europesays.com\/de\/wp-json\/wp\/v2\/comments?post=1054897"}],"version-history":[{"count":0,"href":"https:\/\/www.europesays.com\/de\/wp-json\/wp\/v2\/posts\/1054897\/revisions"}],"wp:featuredmedia":[{"embeddable":true,"href":"https:\/\/www.europesays.com\/de\/wp-json\/wp\/v2\/media\/1054898"}],"wp:attachment":[{"href":"https:\/\/www.europesays.com\/de\/wp-json\/wp\/v2\/media?parent=1054897"}],"wp:term":[{"taxonomy":"category","embeddable":true,"href":"https:\/\/www.europesays.com\/de\/wp-json\/wp\/v2\/categories?post=1054897"},{"taxonomy":"post_tag","embeddable":true,"href":"https:\/\/www.europesays.com\/de\/wp-json\/wp\/v2\/tags?post=1054897"}],"curies":[{"name":"wp","href":"https:\/\/api.w.org\/{rel}","templated":true}]}}