{"id":1055025,"date":"2026-05-29T15:30:25","date_gmt":"2026-05-29T15:30:25","guid":{"rendered":"https:\/\/www.europesays.com\/de\/1055025\/"},"modified":"2026-05-29T15:30:25","modified_gmt":"2026-05-29T15:30:25","slug":"brenner-sperre-wirkt-sich-auf-verkehr-in-karlsruhe-und-umgebung-aus","status":"publish","type":"post","link":"https:\/\/www.europesays.com\/de\/1055025\/","title":{"rendered":"Brenner-Sperre wirkt sich auf Verkehr in Karlsruhe und Umgebung aus"},"content":{"rendered":"<p class=\"mb-6 text-xs md:text-m lg:text-l font-serif group-[.font-sans]:font-sans \">\n    Am 5. Juni enden die <a href=\"https:\/\/www.ka-news.de\/baden-wuerttemberg\/pfingsten-2026-wann-haben-kinder-in-baden-wuerttemberg-pfingstferien-13-5-26-113631280\" target=\"_self\" class=\"underline \" rel=\"nofollow noopener\">Pfingstferien<\/a> in <a href=\"https:\/\/www.ka-news.de\/baden-wuerttemberg\/baden-wuerttemberg-staedte-flaeche-einwohnerzahl-sehenswuerdigkeiten-insider-tipps-113173158\" target=\"_self\" class=\"underline \" rel=\"nofollow noopener\">Baden-W\u00fcrttemberg<\/a>. <strong class=\"font-bold\">Viele Urlauber treten deshalb schon am Wochenende die Heimreise an. <\/strong>Wer in Richtung Italien unterwegs war, k\u00f6nnte jedoch Probleme bekommen. Denn: <a href=\"https:\/\/www.ka-news.de\/baden-wuerttemberg\/verkehr\/brenner-demo-am-30-mai-fuehrt-zu-kompletter-strassensperrung-nach-italien-29-5-26-114312679\" target=\"_self\" class=\"underline \" rel=\"nofollow noopener\">Am 30. Mai 2026 ist der Brenner komplett gesperrt \u2013 wegen einer Demo!<\/a>\n  <\/p>\n<p>            Warum wird der Brenner gesperrt?<\/p>\n<p class=\"mb-6 text-xs md:text-m lg:text-l font-serif group-[.font-sans]:font-sans \">\n    Der Brennpass, kurz Brenner, ist der wichtigste Grenz\u00fcbergang zwischen Italien und \u00d6sterreich. Bis zu 14 Millionen Fahrzeuge fahren diese Route t\u00e4glich (Quelle: ADAC). Die Anwohner der gleichnamigen Gemeinde haben genug von dem Tumult und rufen zum Protest auf. Die Folge: <strong class=\"font-bold\">Der Brennerpass wird komplett gesperrt.<\/strong>\n  <\/p>\n<p>    <img decoding=\"async\" src=\"https:\/\/www.europesays.com\/de\/wp-content\/uploads\/2026\/05\/4mmt4ydxxr-v1-ax-s2048.jpg\" alt=\"Autos fahren am Brenner (Autobahn A13) durch die Mautstelle Sch\u00f6nberg. Aufgrund einer Demonstration soll am 30.05.2026 von 11.00 bis 19.00 Uhr eine Totalsperre der Brennerautobahn A13 sowie der Brennerstra\u00dfe (B182) und der Ellb\u00f6gener Stra\u00dfe (L38) eingerichtet werden.\" title=\"Autos fahren am Brenner (Autobahn A13) durch die Mautstelle Sch\u00f6nberg. Aufgrund einer Demonstration soll am 30.05.2026 von 11.00 bis 19.00 Uhr eine Totalsperre der Brennerautobahn A13 sowie der Brennerstra\u00dfe (B182) und der Ellb\u00f6gener Stra\u00dfe (L38) eingerichtet werden.\" loading=\"lazy\" class=\"h-full w-full object-cover\"\/><\/p>\n<p>      Icon vergr\u00f6\u00dfern<\/p>\n<p>    Autos fahren am Brenner (Autobahn A13) durch die Mautstelle Sch\u00f6nberg. Aufgrund einer Demonstration soll am 30.05.2026 von 11.00 bis 19.00 Uhr eine Totalsperre der Brennerautobahn A13 sowie der Brennerstra\u00dfe (B182) und der Ellb\u00f6gener Stra\u00dfe (L38) eingerichtet werden.<br \/>\n    Foto: Sven Hoppe\/dpa (Archivbild)<\/p>\n<p>        Schlie\u00dfen <\/p>\n<p>      Icon Schlie\u00dfen<\/p>\n<p>        Icon vergr\u00f6\u00dfern<\/p>\n<p>        Icon verkleinern<\/p>\n<p>      Icon Pfeil bewegen<\/p>\n<p>    Autos fahren am Brenner (Autobahn A13) durch die Mautstelle Sch\u00f6nberg. Aufgrund einer Demonstration soll am 30.05.2026 von 11.00 bis 19.00 Uhr eine Totalsperre der Brennerautobahn A13 sowie der Brennerstra\u00dfe (B182) und der Ellb\u00f6gener Stra\u00dfe (L38) eingerichtet werden.<br \/>\n    Foto: Sven Hoppe\/dpa (Archivbild)<\/p>\n<p class=\"mb-6 text-xs md:text-m lg:text-l font-serif group-[.font-sans]:font-sans \">\n    Zus\u00e4tzlich wird die Lage dadurch versch\u00e4rft, dass nicht nur die Ferien in Baden-W\u00fcrttemberg, sondern auch in Bayern und Sachsen-Anhalt enden. Die Tiroler Landesregierung betont, nicht notwendige Autofahrten auf die kommende Woche zu verschieben. <strong class=\"font-bold\">\u201eBei<\/strong> \u201e<strong class=\"font-bold\">Verkehrs\u00fcberlastung kommt es zu Verkehrsdosierungen an den Grenzen bei der Einfahrt nach <a href=\"https:\/\/www.allgaeuer-zeitung.de\/oesterreich\" target=\"_self\" class=\"underline \" rel=\"nofollow noopener\">Tirol<\/a>, um ein vollkommenes Erliegen des Verkehrs in Tirol zu vermeiden<\/strong>. <strong class=\"font-bold\">Nutzen Sie alternativ die \u00d6ffis\u201c, so ihr Appell.<\/strong>\n  <\/p>\n<p>            Welche Strecken am Brenner sind gesperrt?<\/p>\n<p class=\"mb-6 text-xs md:text-m lg:text-l font-serif group-[.font-sans]:font-sans \">\n    <strong class=\"font-bold\">Am Samstag, 30. Mai, von 11 bis 19 Uhr:<\/strong>\n  <\/p>\n<ul rel=\"\" class=\"[&amp;&gt;li]:relative list-none  [&amp;&gt;li]:pl-[1.2em] [&amp;&gt;li]:marker:text-[0] [&amp;&gt;li]:relative [&amp;&gt;li]:before:absolute [&amp;&gt;li]:before:w-3 [&amp;&gt;li]:before:h-3 [&amp;&gt;li]:before:bg-brand [&amp;&gt;li]:before:left-0 [&amp;&gt;li]:before:top-[8px] [&amp;&gt;li]:before:rounded-full  my-5\">\n<li class=\" mb-3 text-xs md:text-m lg:text-l\">A13\u00a0in beide Fahrtrichtungen<\/li>\n<li class=\" mb-3 text-xs md:text-m lg:text-l\">B182 Brennerstra\u00dfe<\/li>\n<li class=\" mb-3 text-xs md:text-m lg:text-l\">L38 (Ellb\u00f6gener Stra\u00dfe)<\/li>\n<li class=\" mb-3 text-xs md:text-m lg:text-l\">Die Stubaitalstra\u00dfe ist nur f\u00fcr die An- und Abreise offen.<\/li>\n<\/ul>\n<p class=\"mb-6 text-xs md:text-m lg:text-l font-serif group-[.font-sans]:font-sans \">\n    <strong class=\"font-bold\">Am Samstag, 30. Mai, von 10.30 Uhr bis 20 Uhr<\/strong>\n  <\/p>\n<ul rel=\"\" class=\"[&amp;&gt;li]:relative list-none  [&amp;&gt;li]:pl-[1.2em] [&amp;&gt;li]:marker:text-[0] [&amp;&gt;li]:relative [&amp;&gt;li]:before:absolute [&amp;&gt;li]:before:w-3 [&amp;&gt;li]:before:h-3 [&amp;&gt;li]:before:bg-brand [&amp;&gt;li]:before:left-0 [&amp;&gt;li]:before:top-[8px] [&amp;&gt;li]:before:rounded-full  my-5\">\n<li class=\" mb-3 text-xs md:text-m lg:text-l\">A22 ab Sterzing in Richtung Norden<\/li>\n<li class=\" mb-3 text-xs md:text-m lg:text-l\">Laut ADAC k\u00f6nnte bei starker Staubildung die Schlie\u00dfung der Autobahn auf\u00a0Brixen, Klausen\u00a0oder\u00a0Bozen\u00a0verlegt werden.<\/li>\n<\/ul>\n<p class=\"mb-6 text-xs md:text-m lg:text-l font-serif group-[.font-sans]:font-sans \">\n    Hinweis: Schon ab Freitagmittag, 29. Mai, sei laut ADAC mit dichtem Verkehr und langen Staus am Brenner zu rechnen.\n  <\/p>\n<p>    <img decoding=\"async\" src=\"https:\/\/www.europesays.com\/de\/wp-content\/uploads\/2026\/05\/k5hmbwaa34-v6-ax-s2048.jpg\" alt=\"Fahrzeuge stehen im R\u00fcckreiseverkehr zum Ende der Pfingstferien im Stau.\" title=\"Fahrzeuge stehen im R\u00fcckreiseverkehr zum Ende der Pfingstferien im Stau.\" loading=\"lazy\" class=\"h-full w-full object-cover\"\/><\/p>\n<p>      Icon vergr\u00f6\u00dfern<\/p>\n<p>    Fahrzeuge stehen im R\u00fcckreiseverkehr zum Ende der Pfingstferien im Stau.<br \/>\n    Foto: Peter Kneffel\/dpa (Archivbild)<\/p>\n<p>        Schlie\u00dfen <\/p>\n<p>      Icon Schlie\u00dfen<\/p>\n<p>        Icon vergr\u00f6\u00dfern<\/p>\n<p>        Icon verkleinern<\/p>\n<p>      Icon Pfeil bewegen<\/p>\n<p>    Fahrzeuge stehen im R\u00fcckreiseverkehr zum Ende der Pfingstferien im Stau.<br \/>\n    Foto: Peter Kneffel\/dpa (Archivbild)<\/p>\n<p>            Brenner-Sperrung: Was sind die Alternativ-Routen?<\/p>\n<p class=\"mb-6 text-xs md:text-m lg:text-l font-serif group-[.font-sans]:font-sans \">\n    Wer am\u00a0<strong class=\"font-bold\">Samstag<\/strong>\u00a0nicht \u00fcber den Brenner kommt, muss\u00a0<strong class=\"font-bold\">gro\u00dfr\u00e4umig ausweichen<\/strong>. Der ADAC weist darauf hin, dass es <strong class=\"font-bold\">keine \u201estaufreie Geheimroute\u201c gibt<\/strong>. \u00dcbrigens: <a href=\"https:\/\/www.ka-news.de\/baden-wuerttemberg\/verkehr\/autobahnen-baden-wuerttemberg-2026-bringen-grossbaustellen-und-sperrungen-27-1-26-113219700\" target=\"_self\" class=\"underline \" rel=\"nofollow noopener\">In Baden-W\u00fcrttemberg sind mehrere Gro\u00dfbaustellen f\u00fcr das Jahr 2026 geplant. Eine \u00dcbersicht finden Sie in diesem Artikel.<\/a>\n  <\/p>\n<ul rel=\"\" class=\"[&amp;&gt;li]:relative list-none  [&amp;&gt;li]:pl-[1.2em] [&amp;&gt;li]:marker:text-[0] [&amp;&gt;li]:relative [&amp;&gt;li]:before:absolute [&amp;&gt;li]:before:w-3 [&amp;&gt;li]:before:h-3 [&amp;&gt;li]:before:bg-brand [&amp;&gt;li]:before:left-0 [&amp;&gt;li]:before:top-[8px] [&amp;&gt;li]:before:rounded-full  my-5\">\n<li class=\" mb-3 text-xs md:text-m lg:text-l\">\u00dcber die Schweiz: Gotthard-Route (A2)<br \/>Geeignet f\u00fcr viele Ziele in Nord- und Mittelitalien. Aber: An Reisetagen staut es sich dort h\u00e4ufig schon ohne Brennersperre. Durch den zus\u00e4tzlichen Ausweichverkehr kann es\u00a0sehr voll\u00a0werden.<\/li>\n<li class=\" mb-3 text-xs md:text-m lg:text-l\">\u00dcber die Schweiz: San-Bernardino-Route (A13)<br \/>Eine weitere Schweiz-Alternative- Auch hier gilt:\u00a0hohe Staugefahr.<\/li>\n<li class=\" mb-3 text-xs md:text-m lg:text-l\">\u00dcber \u00d6sterreich: Reschenpass (B180\/B184)<br \/>Ebenfalls f\u00fcr viele eine naheliegende Ausweichroute. Problem:\u00a0Auch dort drohen Staus\u00a0\u2013 zus\u00e4tzlich gibt es laut ADAC\u00a0Verkehrsbeschr\u00e4nkungen wegen Bauarbeiten\u00a0auf dieser Route.<\/li>\n<\/ul>\n<p>            A5 als wichtige Transitstrecke in Baden-W\u00fcrttemberg<\/p>\n<p class=\"mb-6 text-xs md:text-m lg:text-l font-serif group-[.font-sans]:font-sans \">\n    Ein weiteres Problem: wenn am Brenner nichts mehr geht, verlagert sich der Urlauberverkehr nicht einfach \u201eirgendwohin\u201c, sondern sucht sich andere Wege in Richtung S\u00fcden. \u201eDurch Ausweichverkehr und m\u00f6gliche Grenzschlie\u00dfungen ist auch s\u00fcdlich von M\u00fcnchen und Memmingen mit erheblichem Verkehrschaos zu rechnen\u201c, so der ADAC.\n  <\/p>\n<p class=\"mb-6 text-xs md:text-m lg:text-l font-serif group-[.font-sans]:font-sans \">\n    Doch viele Wege f\u00fchren bei vielen Reisenden aus Baden-W\u00fcrttemberg zwangsl\u00e4ufig \u00fcber die gro\u00dfen Transitachsen im Land. Das sind nach Angaben des ADAC folgende:\n  <\/p>\n<ul rel=\"\" class=\"[&amp;&gt;li]:relative list-none  [&amp;&gt;li]:pl-[1.2em] [&amp;&gt;li]:marker:text-[0] [&amp;&gt;li]:relative [&amp;&gt;li]:before:absolute [&amp;&gt;li]:before:w-3 [&amp;&gt;li]:before:h-3 [&amp;&gt;li]:before:bg-brand [&amp;&gt;li]:before:left-0 [&amp;&gt;li]:before:top-[8px] [&amp;&gt;li]:before:rounded-full  my-5\">\n<li class=\" mb-3 text-xs md:text-m lg:text-l\">A5 (Abschnitt Karlsruhe nach Basel)<\/li>\n<li class=\" mb-3 text-xs md:text-m lg:text-l\">A81 (Stuttgart nach Singen)\u00a0<\/li>\n<li class=\" mb-3 text-xs md:text-m lg:text-l\">A8 (Stuttgart nach Ulm)<\/li>\n<li class=\" mb-3 text-xs md:text-m lg:text-l\">A8 M\u00fcnchen\/Inntal\/\u00d6sterreich\u00a0<\/li>\n<\/ul>\n<p>    <img decoding=\"async\" src=\"https:\/\/images.mgpd.de\/img\/110706023\/crop\/c16_9-w100\/452993008\/1030645812\/whatsapp-image-2025-09-07-at-115551.png\" alt=\"Stau auf der A5 bei Karlsruhe\" title=\"Stau auf der A5 bei Karlsruhe\" loading=\"lazy\" class=\"h-full w-full object-cover\"\/><\/p>\n<p>      Icon vergr\u00f6\u00dfern<\/p>\n<p>    Stau auf der A5 bei Karlsruhe<br \/>\n    Foto: Thomas Riedel (Archivbild)<\/p>\n<p>        Schlie\u00dfen <\/p>\n<p>      Icon Schlie\u00dfen<\/p>\n<p>        Icon vergr\u00f6\u00dfern<\/p>\n<p>        Icon verkleinern<\/p>\n<p>      Icon Pfeil bewegen<\/p>\n<p>    Stau auf der A5 bei Karlsruhe<br \/>\n    Foto: Thomas Riedel (Archivbild)<\/p>\n<p class=\"mb-6 text-xs md:text-m lg:text-l font-serif group-[.font-sans]:font-sans \">\n    \u201eF\u00fcr die Abschnitte der A5 und A8 rund um <a href=\"https:\/\/www.ka-news.de\/promis\/karlsruhe-kulturlandschaft-technologieregion-und-residenz-des-rechts-die-faecherstadt-im-ueberblick-art-2783253\" target=\"_self\" class=\"underline \" rel=\"nofollow noopener\">Karlsruhe<\/a> sowie das Dreieck <a href=\"https:\/\/www.ka-news.de\/karlsruhe\" target=\"_self\" class=\"underline \" rel=\"nofollow noopener\">Karlsruhe<\/a> rechnet der ADAC mit <a href=\"https:\/\/www.ka-news.de\/region\/karlsruhe\/stau-stadt-karlsruhe-kit-experte-erklaert-was-den-verkehr-am-staerksten-bremst-art-2917410\" target=\"_self\" class=\"underline \" rel=\"nofollow noopener\">einer erh\u00f6hten Staugefahr<\/a>\u201c, teilt J\u00fcrgen Herbrich, Touristikexperte des ADAC Nordbaden der Redaktion auf Anfrage mit. Dies gelte wegen der Pfingstferien unabh\u00e4ngig von der anstehenden Sperrung des Brennerpass. Ebenso d\u00fcrfte die B10\/S\u00fcdtangente stark befahren sein.\n  <\/p>\n<p class=\"mb-6 text-xs md:text-m lg:text-l font-serif group-[.font-sans]:font-sans \">\n    Generell rechnet der ADAC auf allen Strecken in Richtung S\u00fcden mit einem hohen Verkehrsaufkommen. M\u00f6gliche Staus, auch durch die Baustelle bei Pforzheim bedingt, k\u00f6nnten ebenfalls den Autobahnverkehr im Dreieck <a href=\"https:\/\/www.ka-news.de\/karlsruhe\" target=\"_self\" class=\"underline \" rel=\"nofollow noopener\">Karlsruhe<\/a> beeinflussen, so Hebrich.\n  <\/p>\n<p>            Brenner-Sperre: Wann sollten Reisende fahren?<\/p>\n<p class=\"mb-6 text-xs md:text-m lg:text-l font-serif group-[.font-sans]:font-sans \">\n    Der\u00a0<strong class=\"font-bold\">ADAC<\/strong>\u00a0r\u00e4t Reisenden vor allem dazu, die Fahrt\u00a0<strong class=\"font-bold\">nach M\u00f6glichkeit zu verlegen<\/strong>. ADAC-W\u00fcrttembergs Sprecher Julian H\u00e4u\u00dfler empfiehlt, die Reise\u00a0<strong class=\"font-bold\">nicht am Samstag<\/strong>, sondern \u201e<strong class=\"font-bold\">m\u00f6glichst am<\/strong> <strong class=\"font-bold\">Montag oder Dienstag (1. oder 2. Juni 2026)<\/strong>\u201c anzutreten. Wer trotzdem am 30. Mai unterwegs ist, m\u00fcsse mit massiven Verz\u00f6gerungen rechnen:\u00a0<strong class=\"font-bold\">Wer es nicht bis 11 Uhr \u00fcber den Brenner schafft<\/strong>, gehe laut ADAC \u201edas Risiko ein, bis in den sp\u00e4ten Abend hinein auf der Autobahn stehen zu m\u00fcssen\u201c.\u00a0\n  <\/p>\n","protected":false},"excerpt":{"rendered":"Am 5. Juni enden die Pfingstferien in Baden-W\u00fcrttemberg. Viele Urlauber treten deshalb schon am Wochenende die Heimreise an.&hellip;\n","protected":false},"author":2,"featured_media":1055026,"comment_status":"","ping_status":"","sticky":false,"template":"","format":"standard","meta":{"footnotes":"","_share_on_mastodon":"0"},"categories":[1844],"tags":[4074,1634,209716,3364,29,514,30,355,8903,8176,1433,9292,601],"class_list":["post-1055025","post","type-post","status-publish","format-standard","has-post-thumbnail","category-karlsruhe","tag-adac","tag-baden-wuerttemberg","tag-brennerpass","tag-de","tag-deutschland","tag-fahrzeug","tag-germany","tag-italien","tag-karlsruhe","tag-landstrasse","tag-oesterreich","tag-tirol","tag-verkehr"],"share_on_mastodon":{"url":"https:\/\/pubeurope.com\/@de\/116658584564167351","error":""},"_links":{"self":[{"href":"https:\/\/www.europesays.com\/de\/wp-json\/wp\/v2\/posts\/1055025","targetHints":{"allow":["GET"]}}],"collection":[{"href":"https:\/\/www.europesays.com\/de\/wp-json\/wp\/v2\/posts"}],"about":[{"href":"https:\/\/www.europesays.com\/de\/wp-json\/wp\/v2\/types\/post"}],"author":[{"embeddable":true,"href":"https:\/\/www.europesays.com\/de\/wp-json\/wp\/v2\/users\/2"}],"replies":[{"embeddable":true,"href":"https:\/\/www.europesays.com\/de\/wp-json\/wp\/v2\/comments?post=1055025"}],"version-history":[{"count":0,"href":"https:\/\/www.europesays.com\/de\/wp-json\/wp\/v2\/posts\/1055025\/revisions"}],"wp:featuredmedia":[{"embeddable":true,"href":"https:\/\/www.europesays.com\/de\/wp-json\/wp\/v2\/media\/1055026"}],"wp:attachment":[{"href":"https:\/\/www.europesays.com\/de\/wp-json\/wp\/v2\/media?parent=1055025"}],"wp:term":[{"taxonomy":"category","embeddable":true,"href":"https:\/\/www.europesays.com\/de\/wp-json\/wp\/v2\/categories?post=1055025"},{"taxonomy":"post_tag","embeddable":true,"href":"https:\/\/www.europesays.com\/de\/wp-json\/wp\/v2\/tags?post=1055025"}],"curies":[{"name":"wp","href":"https:\/\/api.w.org\/{rel}","templated":true}]}}