{"id":1055034,"date":"2026-05-29T15:35:17","date_gmt":"2026-05-29T15:35:17","guid":{"rendered":"https:\/\/www.europesays.com\/de\/1055034\/"},"modified":"2026-05-29T15:35:17","modified_gmt":"2026-05-29T15:35:17","slug":"alkoholkonsumverbot-an-nrw-bahnhoefen-auch-in-wuppertal-blickfeld","status":"publish","type":"post","link":"https:\/\/www.europesays.com\/de\/1055034\/","title":{"rendered":"Alkoholkonsumverbot an NRW-Bahnh\u00f6fen: Auch in Wuppertal? &#8211; blickfeld"},"content":{"rendered":"<p class=\"wp-block-paragraph\">Das <strong>Alkoholkonsumverbot<\/strong> gilt seit dem <strong>26. Mai 2026<\/strong> an folgenden <strong>Bahnh\u00f6fen<\/strong>: Bonn Hbf, D\u00fcsseldorf Hbf, Duisburg Hbf, Essen Hbf, Dortmund Hbf und M\u00fcnster Hbf. Am <strong>K\u00f6lner Hauptbahnhof<\/strong> gilt das Verbot bereits seit Anfang April. Im Rahmen von <strong>Schwerpunktkontrollen <\/strong>in den Bahnh\u00f6fen wird laut der DB durch die <strong>Bundespolizei <\/strong>seit Ende Mai verst\u00e4rkt auf das Alkoholkonsumverbot hingewiesen. Auch w\u00fcrden DB-Besch\u00e4ftigte, unter anderem mithilfe von Durchsagen und Aush\u00e4ngen, auf das Verbot aufmerksam machen. \u201eBei <strong>Verst\u00f6\u00dfen <\/strong>kann ein <strong>Platzverweis <\/strong>erfolgen, im Wiederholungsfall auch ein <strong>Hausverbot <\/strong>ausgesprochen werden\u201c, hei\u00dft es in einer <a href=\"https:\/\/www.deutschebahn.com\/de\/presse\/presse-regional\/pr-duesseldorf-de\/presseinformationen-regional\/DB-fuehrt-an-weiteren-NRW-Bahnhoefen-Alkoholkonsumverbot-ein-13884532\" target=\"_blank\" rel=\"noreferrer noopener nofollow\">Meldung der DB<\/a>.<\/p>\n<p>Ein Alkoholkonsumverbot f\u00fcr den Hauptbahnhof Wuppertal?<\/p>\n<p class=\"wp-block-paragraph\">Das <strong>Verbot <\/strong>umfasst den <strong>gesamten Bahnhofsbereich<\/strong> einschlie\u00dflich aller <strong>Zuwege<\/strong> und der <strong>Bahnsteige<\/strong>. Erlaubt bleibt das <strong>Mitf\u00fchren alkoholischer Getr\u00e4nke<\/strong>, die beispielsweise aus einem <strong>Einkauf<\/strong> stammen und verschlossen nach Hause gebracht werden. Auch in den <strong>Restaurants <\/strong>im Bahnhof darf weiterhin Alkohol getrunken werden.<\/p>\n<p class=\"wp-block-paragraph\">Auf die Frage der <strong>blickfeld-Redaktion<\/strong>, ob die DB plant, auch f\u00fcr den <strong>Hauptbahnhof in Wuppertal<\/strong> ein Alkoholkonsumverbot auszusprechen, erkl\u00e4rt ein Bahnsprecher: \u201eDie DB befindet sich bez\u00fcglich weiterer Standorte in <strong>Gespr\u00e4chen <\/strong>mit den jeweiligen <strong>regionalen Partner:innen<\/strong>. \u00dcber weitere Standorte informieren wir zeitnah, wenn die Entscheidungen getroffen sind.\u201c \u00bb<a href=\"https:\/\/www.blickfeld-wuppertal.de\/ueber-uns\/blickfeld-redaktion\" rel=\"nofollow noopener\" target=\"_blank\">red<\/a>\u00ab<\/p>\n","protected":false},"excerpt":{"rendered":"Das Alkoholkonsumverbot gilt seit dem 26. Mai 2026 an folgenden Bahnh\u00f6fen: Bonn Hbf, D\u00fcsseldorf Hbf, Duisburg Hbf, Essen&hellip;\n","protected":false},"author":2,"featured_media":1055035,"comment_status":"","ping_status":"","sticky":false,"template":"","format":"standard","meta":{"footnotes":"","_share_on_mastodon":"0"},"categories":[1840],"tags":[3364,29,26873,30,3601,1209,16375,3931,4418],"class_list":["post-1055034","post","type-post","status-publish","format-standard","has-post-thumbnail","category-wuppertal","tag-de","tag-deutschland","tag-doeppersberg","tag-germany","tag-hauptbahnhof","tag-nordrhein-westfalen","tag-red","tag-sicherheit","tag-wuppertal"],"share_on_mastodon":{"url":"https:\/\/pubeurope.com\/@de\/116658603772499641","error":""},"_links":{"self":[{"href":"https:\/\/www.europesays.com\/de\/wp-json\/wp\/v2\/posts\/1055034","targetHints":{"allow":["GET"]}}],"collection":[{"href":"https:\/\/www.europesays.com\/de\/wp-json\/wp\/v2\/posts"}],"about":[{"href":"https:\/\/www.europesays.com\/de\/wp-json\/wp\/v2\/types\/post"}],"author":[{"embeddable":true,"href":"https:\/\/www.europesays.com\/de\/wp-json\/wp\/v2\/users\/2"}],"replies":[{"embeddable":true,"href":"https:\/\/www.europesays.com\/de\/wp-json\/wp\/v2\/comments?post=1055034"}],"version-history":[{"count":0,"href":"https:\/\/www.europesays.com\/de\/wp-json\/wp\/v2\/posts\/1055034\/revisions"}],"wp:featuredmedia":[{"embeddable":true,"href":"https:\/\/www.europesays.com\/de\/wp-json\/wp\/v2\/media\/1055035"}],"wp:attachment":[{"href":"https:\/\/www.europesays.com\/de\/wp-json\/wp\/v2\/media?parent=1055034"}],"wp:term":[{"taxonomy":"category","embeddable":true,"href":"https:\/\/www.europesays.com\/de\/wp-json\/wp\/v2\/categories?post=1055034"},{"taxonomy":"post_tag","embeddable":true,"href":"https:\/\/www.europesays.com\/de\/wp-json\/wp\/v2\/tags?post=1055034"}],"curies":[{"name":"wp","href":"https:\/\/api.w.org\/{rel}","templated":true}]}}