{"id":1055121,"date":"2026-05-29T16:21:16","date_gmt":"2026-05-29T16:21:16","guid":{"rendered":"https:\/\/www.europesays.com\/de\/1055121\/"},"modified":"2026-05-29T16:21:16","modified_gmt":"2026-05-29T16:21:16","slug":"neue-regeln-und-gesetze-das-aendert-sich-im-juni","status":"publish","type":"post","link":"https:\/\/www.europesays.com\/de\/1055121\/","title":{"rendered":"Neue Regeln und Gesetze: Das \u00e4ndert sich im Juni"},"content":{"rendered":"<p>Bis zum 7. Juni muss die EU-Entgelttransparenzrichtlinie in nationales Recht umgesetzt werden &#8211; ihr Ziel ist es, durch verpflichtende Angaben Gehaltsunterschiede zwischen Frauen und M\u00e4nnern zu verringern und so f\u00fcr mehr Fairness am Arbeitsmarkt zu sorgen. Arbeitgeber m\u00fcssen demnach unter anderem Gehaltsspannen in Stellenanzeigen angeben.<\/p>\n<p>F\u00fcr Deutschland bedeutet dies, dass das hierzulande 2017 eingef\u00fchrte\u202f<a href=\"https:\/\/www.bmbfsfj.bund.de\/bmbfsfj\/themen\/gleichstellung\/frauen-und-arbeitswelt\/lohngerechtigkeit\/entgelttransparenzgesetz\" target=\"_blank\" rel=\"nofollow noopener\">Entgelttransparenzgesetz\u202f[www.bmbfsfj.bund.de]<\/a> angepasst werden muss. Allerdings liegt der Referentenentwurf f\u00fcr das nationale Umsetzungsgesetz noch nicht vor. Ein Sprecher des Bundesministeriums f\u00fcr Bildung, Familie, Senioren, Frauen und Jugend (BMBFSFJ) teilte dem rbb-Vernrauchermagazin Super.Markt auf Anfrage mit, dass das Umsetzungsgesetz in K\u00fcrze das formelle Gesetzgebungsverfahren einleiten werde &#8211; die Fr\u00fchkoordinierung laufe bereits. Bis zur Umsetzung der EU-Richtlinie gelte f\u00fcr Unternehmen weiterhin das bestehende Entgelttransparenzgesetz von 2017.<\/p>\n","protected":false},"excerpt":{"rendered":"Bis zum 7. Juni muss die EU-Entgelttransparenzrichtlinie in nationales Recht umgesetzt werden &#8211; ihr Ziel ist es, durch&hellip;\n","protected":false},"author":2,"featured_media":1055122,"comment_status":"","ping_status":"","sticky":false,"template":"","format":"standard","meta":{"footnotes":"","_share_on_mastodon":"0"},"categories":[1825],"tags":[296,1890,29,30,134634,136449,138297,134296],"class_list":["post-1055121","post","type-post","status-publish","format-standard","has-post-thumbnail","category-berlin","tag-berlin","tag-brandenburg","tag-deutschland","tag-germany","tag-rbb24bahn","tag-rbb24bvg","tag-rbb24s-bahn","tag-rbb24tagesschau"],"share_on_mastodon":{"url":"https:\/\/pubeurope.com\/@de\/116658784615844563","error":""},"_links":{"self":[{"href":"https:\/\/www.europesays.com\/de\/wp-json\/wp\/v2\/posts\/1055121","targetHints":{"allow":["GET"]}}],"collection":[{"href":"https:\/\/www.europesays.com\/de\/wp-json\/wp\/v2\/posts"}],"about":[{"href":"https:\/\/www.europesays.com\/de\/wp-json\/wp\/v2\/types\/post"}],"author":[{"embeddable":true,"href":"https:\/\/www.europesays.com\/de\/wp-json\/wp\/v2\/users\/2"}],"replies":[{"embeddable":true,"href":"https:\/\/www.europesays.com\/de\/wp-json\/wp\/v2\/comments?post=1055121"}],"version-history":[{"count":0,"href":"https:\/\/www.europesays.com\/de\/wp-json\/wp\/v2\/posts\/1055121\/revisions"}],"wp:featuredmedia":[{"embeddable":true,"href":"https:\/\/www.europesays.com\/de\/wp-json\/wp\/v2\/media\/1055122"}],"wp:attachment":[{"href":"https:\/\/www.europesays.com\/de\/wp-json\/wp\/v2\/media?parent=1055121"}],"wp:term":[{"taxonomy":"category","embeddable":true,"href":"https:\/\/www.europesays.com\/de\/wp-json\/wp\/v2\/categories?post=1055121"},{"taxonomy":"post_tag","embeddable":true,"href":"https:\/\/www.europesays.com\/de\/wp-json\/wp\/v2\/tags?post=1055121"}],"curies":[{"name":"wp","href":"https:\/\/api.w.org\/{rel}","templated":true}]}}