{"id":105516,"date":"2025-05-12T19:55:21","date_gmt":"2025-05-12T19:55:21","guid":{"rendered":"https:\/\/www.europesays.com\/de\/105516\/"},"modified":"2025-05-12T19:55:21","modified_gmt":"2025-05-12T19:55:21","slug":"wolfgang-seidel-krautrock-eruption-wir-muessen-hier-raus-buch-review","status":"publish","type":"post","link":"https:\/\/www.europesays.com\/de\/105516\/","title":{"rendered":"Wolfgang Seidel \/ Krautrock Eruption &#038; Wir m\u00fcssen hier raus! \u2013 Buch-Review"},"content":{"rendered":"<p><img loading=\"lazy\" decoding=\"async\" width=\"206\" height=\"300\" src=\"https:\/\/www.europesays.com\/de\/wp-content\/uploads\/2025\/05\/wolfgang-seidel-wir-muessen-hier-raus-review-206x300.jpg\" class=\"alignleft wp-post-image\" alt=\"Wolfgang Seidel - &quot;Krautrock Eruption&quot; &amp; &quot;Wir m\u00fcssen hier raus!&quot; - Buch-Review\" \/><\/p>\n<p>Keine Frage, bei dem Namen Wolfgang Seidel schie\u00dft jedem einigerma\u00dfen in der deutschen Rock-Historie bewanderten Musik-Fan umgehend die Band <a href=\"https:\/\/www.rocktimes.info\/kuenstler\/ton-steine-scherben\/\" rel=\"nofollow noopener\" target=\"_blank\">Ton Steine Scherben<\/a> in den Sinn. Der gute Wolfgang war Mitgr\u00fcnder dieser Berliner Combo, die sich au\u00dfer ihm selbst allerdings aus den zugewanderten <a href=\"https:\/\/www.rocktimes.info\/Archiv\/gesamt\/r\/rio_reiser\/todestag.html\" rel=\"nofollow noopener\" target=\"_blank\">Rio Reiser<\/a> und <a href=\"https:\/\/www.rocktimes.info\/wir-muessen-hier-raus-zum-tod-von-r-p-s-lanrue-ton-steine-scherben-nachruf\/\" rel=\"nofollow noopener\" target=\"_blank\">R.P.S. Lanrue<\/a> (beide aus Nieder-Roden in Hessen) sowie <a href=\"https:\/\/www.rocktimes.info\/ton-steine-scherben-gymmick-radio-fuer-millionen-cd-review\/\" rel=\"nofollow noopener\" target=\"_blank\">Kai Sichtermann<\/a> (aus dem hohen Norden) zusammensetzte. Seidel ist auf dem ersten Scherben-Album &#8222;Warum geht es mir so dreckig?&#8220; (1971) zu h\u00f6ren, bevor sich die Wege trennten.<\/p>\n<p>Sozusagen als Zeitzeuge hat er bereits 2016 das Buch &#8222;Wir m\u00fcssen hier raus! \u2013 Krautrock, Free Beat, Reeducation&#8220; ver\u00f6ffentlicht, das in diesem Jahr auch in der englischen \u00dcbersetzung plus Erg\u00e4nzung unter dem Namen &#8222;Krautrock Eruption&#8220; auf den Markt gekommen ist. Bei der Erg\u00e4nzung handelt es sich um ein Kapitel mit einer Auswahl von Krautrock-Alben, die von Holger Adam beschrieben und kommentiert werden. Wobei dieses abschlie\u00dfende Kapitel den so treffenden Namen &#8222;Agree To Disagree&#8220; (frei \u00fcbersetzt &#8218;Wir sind uns einig, dass wir uns nicht einig sind&#8220;, Anm. d. Red.) tr\u00e4gt. Denn so wenig es bis heute eine eindeutige Definition dar\u00fcber gibt, was nun eigentlich Krautrock ist und was nicht, so wenig wird es diese einerseits jemals geben und so wenig sind sich andererseits auch <a href=\"https:\/\/www.rocktimes.info\/Archiv\/zwischenruf\/no_krauts.html\" rel=\"nofollow noopener\" target=\"_blank\">die Fans dieses Genres einig<\/a>.<\/p>\n<p>Um auf das Buch zu kommen, werden hier weniger die Geschichten einzelner Bands genauer beleuchtet, sondern vielmehr das Ph\u00e4nomen dieser <a href=\"https:\/\/www.europesays.com\/de\/wp-content\/uploads\/2025\/05\/wolfgang-seidel-krautrock-eruption-review.jpg\"><img loading=\"lazy\" decoding=\"async\" class=\"alignright size-full wp-image-167767\" src=\"https:\/\/www.europesays.com\/de\/wp-content\/uploads\/2025\/05\/wolfgang-seidel-krautrock-eruption-review.jpg\" alt=\"\" width=\"133\" height=\"200\" \/><\/a>Stilrichtung, ihre Herkunft, aus was und aus welchen Beweggr\u00fcnden sie entstanden ist, beleuchtet. Der Autor n\u00e4hert sich dem Thema oder \u2013 um es anders zu sagen \u2013 der Entstehungsgeschichte aus der Motivation damaliger Bands heraus, einerseits auf gar keinen Fall deutsch zu klingen und sich andererseits deutlich von der in unseren Landen seinerzeit vorherrschenden seichten Unterhaltungs-Industrie, sprich der &#8218;Die Welt ist sch\u00f6n&#8216;-Einlullungstaktik des deutschen Schlagers abzugrenzen. Ein gro\u00dfes Augenmerk liegt deshalb in diesem Buch auch auf den Elektronik-Pionieren.<\/p>\n<p>Auf diesem Weg entstanden durchaus interessante Bands mit bis in die heutige Zeit hochgelobten und beachteten Alben (wie beispielseise <a href=\"https:\/\/www.rocktimes.info\/kuenstler\/can\/\" rel=\"nofollow noopener\" target=\"_blank\">Can<\/a>, <a href=\"https:\/\/www.rocktimes.info\/kuenstler\/faust\/\" rel=\"nofollow noopener\" target=\"_blank\">Faust<\/a> oder <a href=\"https:\/\/www.rocktimes.info\/kuenstler\/tangerine-dream\/\" rel=\"nofollow noopener\" target=\"_blank\">Tangerine Dream<\/a>), nat\u00fcrlich trieb die neue Herangehensweise sowie das soziale Selbstverst\u00e4ndnis innerhalb dieser Combos aber auch mal Stilbl\u00fcten, die sich heute \u2013 wie damals schon \u2013 kaum jemand anh\u00f6ren kann (wie etwa Amon D\u00fc\u00fcl, nicht zu verwechseln \u00fcbrigens mit der musikalisch deutlich gehaltvolleren Absplitterung <a href=\"https:\/\/www.rocktimes.info\/kuenstler\/amon-dueuel-ii\/\" rel=\"nofollow noopener\" target=\"_blank\">Amon D\u00fc\u00fcl II<\/a>). Und dann gingen viele deutsche Bands der damaligen Zeit dann doch wieder zu entspannteren, rockigeren Stilen \u00fcber, wie man sie von den Acts aus England und Amerika kannte (z. B. <a href=\"https:\/\/www.rocktimes.info\/kuenstler\/jane\/\" rel=\"nofollow noopener\" target=\"_blank\">Jane<\/a>, <a href=\"https:\/\/www.rocktimes.info\/kuenstler\/karthago\/\" rel=\"nofollow noopener\" target=\"_blank\">Karthago<\/a> oder <a href=\"https:\/\/www.rocktimes.info\/kuenstler\/birth-control\/\" rel=\"nofollow noopener\" target=\"_blank\">Birth Control<\/a>).<\/p>\n<p>Aber wie bereits weiter oben erw\u00e4hnt, wird hier weniger \u00fcber die Bands und die Musik erz\u00e4hlt, sondern vielmehr \u00fcber die Hintergr\u00fcnde und das soziale Klima, den Zeitgeist und die pers\u00f6nlichen Motivationen der damaligen Generation. Gut und sehr interessant zu lesen ist das Buch allemal und wenn man nicht komplett von der Erwartungshaltung kommt, dass hier die Karrieren der damaligen Protagonisten nacherz\u00e4hlt werden, wird man mit Sicherheit auch nicht entt\u00e4uscht werden. W\u00e4hlen kann man nun zwischen den Sprachen Deutsch sowie Englisch und was die Platten im bereits weiter oben angesprochenen Kapitel &#8222;Agree To Disagree&#8220; betrifft, ist der Rezensent ebenfalls voll dabei und kann sich der hier vertretenen Meinung zu manchen Alben so gar nicht anschlie\u00dfen. Aber das Sch\u00f6ne ist ja, dass man bei solchen Spielchen von zehn verschiedenen Leuten sowieso mindestens (!) sieben unterschiedliche Einsch\u00e4tzungen bekommen w\u00fcrde.<\/p>\n<p>Herausgeber: Ventil Verlag, 1. Edition (2025)<br \/>Sprache: Englisch\/Deutsch<br \/>Taschenbuch: 192 Seiten<br \/>ISBN-10: 395575233X<br \/>ISBN-13: 978-3955752330<br \/>Originaltitel: Wir m\u00fcssen hier raus!<br \/>Abmessungen: 19.5 x 13 x 2 cm<br \/>Preis: 20,00 Euro<\/p>\n","protected":false},"excerpt":{"rendered":"Keine Frage, bei dem Namen Wolfgang Seidel schie\u00dft jedem einigerma\u00dfen in der deutschen Rock-Historie bewanderten Musik-Fan umgehend die&hellip;\n","protected":false},"author":2,"featured_media":105517,"comment_status":"","ping_status":"","sticky":false,"template":"","format":"standard","meta":{"footnotes":""},"categories":[1774],"tags":[1784,1785,29,214,30,215],"class_list":{"0":"post-105516","1":"post","2":"type-post","3":"status-publish","4":"format-standard","5":"has-post-thumbnail","7":"category-buecher","8":"tag-books","9":"tag-buecher","10":"tag-deutschland","11":"tag-entertainment","12":"tag-germany","13":"tag-unterhaltung"},"share_on_mastodon":{"url":"https:\/\/pubeurope.com\/@de\/114496623961346128","error":""},"_links":{"self":[{"href":"https:\/\/www.europesays.com\/de\/wp-json\/wp\/v2\/posts\/105516","targetHints":{"allow":["GET"]}}],"collection":[{"href":"https:\/\/www.europesays.com\/de\/wp-json\/wp\/v2\/posts"}],"about":[{"href":"https:\/\/www.europesays.com\/de\/wp-json\/wp\/v2\/types\/post"}],"author":[{"embeddable":true,"href":"https:\/\/www.europesays.com\/de\/wp-json\/wp\/v2\/users\/2"}],"replies":[{"embeddable":true,"href":"https:\/\/www.europesays.com\/de\/wp-json\/wp\/v2\/comments?post=105516"}],"version-history":[{"count":0,"href":"https:\/\/www.europesays.com\/de\/wp-json\/wp\/v2\/posts\/105516\/revisions"}],"wp:featuredmedia":[{"embeddable":true,"href":"https:\/\/www.europesays.com\/de\/wp-json\/wp\/v2\/media\/105517"}],"wp:attachment":[{"href":"https:\/\/www.europesays.com\/de\/wp-json\/wp\/v2\/media?parent=105516"}],"wp:term":[{"taxonomy":"category","embeddable":true,"href":"https:\/\/www.europesays.com\/de\/wp-json\/wp\/v2\/categories?post=105516"},{"taxonomy":"post_tag","embeddable":true,"href":"https:\/\/www.europesays.com\/de\/wp-json\/wp\/v2\/tags?post=105516"}],"curies":[{"name":"wp","href":"https:\/\/api.w.org\/{rel}","templated":true}]}}