{"id":1055184,"date":"2026-05-29T17:01:25","date_gmt":"2026-05-29T17:01:25","guid":{"rendered":"https:\/\/www.europesays.com\/de\/1055184\/"},"modified":"2026-05-29T17:01:25","modified_gmt":"2026-05-29T17:01:25","slug":"neue-wuppertaler-kita-startet-im-august-mit-73-plaetzen","status":"publish","type":"post","link":"https:\/\/www.europesays.com\/de\/1055184\/","title":{"rendered":"Neue Wuppertaler Kita startet im August mit 73 Pl\u00e4tzen"},"content":{"rendered":"<p class=\"text_ohne_einzug richtext text-em-55 !leading-serif mx-6 desktop:mx-0\">Die Kita wurde nach einem \u201eteiloffenen Konzept gebaut\u201c, erkl\u00e4rt Aniko Grunenberg, Kitea-Abteilungsleitung Betriebwirtschaftliches Kita-Management und Projekte. Von einem Raum kommt man direkt in den n\u00e4chsten, wodurch die Gruppen einfach gemischt werden und die Kinder sich freier bewegen k\u00f6nnen. Die Krippengruppe verf\u00fcgt neben dem standardisierten Gruppenraum mit Esstisch, F\u00e4chern und Co. \u00fcber einen Ruheraum, in dem der Mittagsschlaf gemacht werden kann, sowie einen Bewegungsraum, in dem sich die kleinsten austoben k\u00f6nnen. <\/p>\n","protected":false},"excerpt":{"rendered":"Die Kita wurde nach einem \u201eteiloffenen Konzept gebaut\u201c, erkl\u00e4rt Aniko Grunenberg, Kitea-Abteilungsleitung Betriebwirtschaftliches Kita-Management und Projekte. Von einem&hellip;\n","protected":false},"author":2,"featured_media":1055185,"comment_status":"","ping_status":"","sticky":false,"template":"","format":"standard","meta":{"footnotes":"","_share_on_mastodon":"0"},"categories":[1840],"tags":[162486,17463,3364,29,71585,30,46271,225466,3491,225464,30680,125173,225467,6101,1209,1678,225465,4418],"class_list":["post-1055184","post","type-post","status-publish","format-standard","has-post-thumbnail","category-wuppertal","tag-aussengelaende","tag-barmen","tag-de","tag-deutschland","tag-englisch","tag-germany","tag-gruppen","tag-gruppenraum","tag-kita","tag-kitea","tag-knapp","tag-krippe","tag-krippengruppe","tag-lauer","tag-nordrhein-westfalen","tag-raum","tag-willibrord","tag-wuppertal"],"share_on_mastodon":{"url":"https:\/\/pubeurope.com\/@de\/116658941844073152","error":""},"_links":{"self":[{"href":"https:\/\/www.europesays.com\/de\/wp-json\/wp\/v2\/posts\/1055184","targetHints":{"allow":["GET"]}}],"collection":[{"href":"https:\/\/www.europesays.com\/de\/wp-json\/wp\/v2\/posts"}],"about":[{"href":"https:\/\/www.europesays.com\/de\/wp-json\/wp\/v2\/types\/post"}],"author":[{"embeddable":true,"href":"https:\/\/www.europesays.com\/de\/wp-json\/wp\/v2\/users\/2"}],"replies":[{"embeddable":true,"href":"https:\/\/www.europesays.com\/de\/wp-json\/wp\/v2\/comments?post=1055184"}],"version-history":[{"count":0,"href":"https:\/\/www.europesays.com\/de\/wp-json\/wp\/v2\/posts\/1055184\/revisions"}],"wp:featuredmedia":[{"embeddable":true,"href":"https:\/\/www.europesays.com\/de\/wp-json\/wp\/v2\/media\/1055185"}],"wp:attachment":[{"href":"https:\/\/www.europesays.com\/de\/wp-json\/wp\/v2\/media?parent=1055184"}],"wp:term":[{"taxonomy":"category","embeddable":true,"href":"https:\/\/www.europesays.com\/de\/wp-json\/wp\/v2\/categories?post=1055184"},{"taxonomy":"post_tag","embeddable":true,"href":"https:\/\/www.europesays.com\/de\/wp-json\/wp\/v2\/tags?post=1055184"}],"curies":[{"name":"wp","href":"https:\/\/api.w.org\/{rel}","templated":true}]}}