{"id":1055253,"date":"2026-05-29T17:50:31","date_gmt":"2026-05-29T17:50:31","guid":{"rendered":"https:\/\/www.europesays.com\/de\/1055253\/"},"modified":"2026-05-29T17:50:31","modified_gmt":"2026-05-29T17:50:31","slug":"wegen-abbrucharbeiten-hier-ist-der-mittlere-ring-bis-montagmorgen-gesperrt","status":"publish","type":"post","link":"https:\/\/www.europesays.com\/de\/1055253\/","title":{"rendered":"Wegen Abbrucharbeiten: Hier ist der Mittlere Ring bis Montagmorgen gesperrt"},"content":{"rendered":"<p>Seit<strong> Freitag, 29. Mai, circa 12 Uhr, bis Montag, 1. Juni, circa 5 Uhr<\/strong>, ist der Leuchtenbergring zwischen Einsteinstra\u00dfe und Berg-am-Laim-Stra\u00dfe vollst\u00e4ndig gesperrt. Grund sind die Abbrucharbeiten der nicht mehr genutzten Branntweinbr\u00fccke unmittelbar s\u00fcdlich des Leuchtenbergring-Tunnels, wie die Stadt mitteilte.<\/p>\n<p>Ab dem Effnerplatz kann der Richard-Strauss-Tunnel nur noch bis zur Auffahrt auf die T\u00f6ginger Stra\u00dfe und die Autobahn A94 genutzt werden. Der Autoverkehr auf dem Mittleren Ring wird oberirdisch \u00fcber die Richard-Strauss-Stra\u00dfe abgeleitet. Die Umleitung des gesperrten Abschnitts f\u00fchrt in beiden Richtungen jeweils \u00fcber die Berg-am-Laim-Stra\u00dfe, Grillparzerstra\u00dfe und Einsteinstra\u00dfe.\u00a0<br \/>Zur Autobahn A94 gelangt man von S\u00fcden kommend \u00fcber die Berg-am-Laim-Stra\u00dfe, die Baumkirchner Stra\u00dfe, die Truderinger Stra\u00dfe, die Hultschiner Stra\u00dfe und die Zamdorfer Stra\u00dfe. Alle Umleitungsstrecken werden vor Ort ausgeschildert.<\/p>\n<p>Leuchtenbergring bis Montagmorgen gesperrt \u2013 was man nun beachten muss<\/p>\n<p>Aufgrund der zu erwartenden R\u00fcckstaubildung auf den Umleitungsstrecken empfehlen die Stadt ortskundigen Verkehrsteilnehmenden an diesem Wochenende, den Mittleren Ring Ost gro\u00dfr\u00e4umig zu umfahren und nach M\u00f6glichkeit den Mittleren Ring West oder den Autobahnring zu nutzen.<\/p>\n<p>Auch die Gehwege sind im Bereich des Br\u00fcckenbauwerks gesperrt. F\u00fcr Fu\u00dfg\u00e4nger ist der Zugang zum S-Bahnhof Leuchtenbergring nur noch von der Einsteinstra\u00dfe aus m\u00f6glich. Um auf die jeweils andere Seite der S-Bahn zu gelangen, kann die Buslinie 59 genutzt werden. Hinweise und Aush\u00e4nge sind vor Ort angebracht.<\/p>\n<p>Radfahrende werden \u00fcber die vor Ort ausgeschilderten Umleitungen gef\u00fchrt. Die Buslinie 59 wird w\u00e4hrend der Bauzeit umgeleitet. Die Haltestelle Einsteinstra\u00dfe wird verlegt. Informationen zu verlegten Haltestellen werden vor Ort bekanntgegeben.<\/p>\n","protected":false},"excerpt":{"rendered":"Seit Freitag, 29. Mai, circa 12 Uhr, bis Montag, 1. Juni, circa 5 Uhr, ist der Leuchtenbergring zwischen&hellip;\n","protected":false},"author":2,"featured_media":1055254,"comment_status":"","ping_status":"","sticky":false,"template":"","format":"standard","meta":{"footnotes":"","_share_on_mastodon":"0"},"categories":[1827],"tags":[772,29,30,12827,58434,1268,2224],"class_list":["post-1055253","post","type-post","status-publish","format-standard","has-post-thumbnail","category-muenchen","tag-bayern","tag-deutschland","tag-germany","tag-leuchtenbergring","tag-mittlerer-ring","tag-muenchen","tag-sperrung"],"share_on_mastodon":{"url":"https:\/\/pubeurope.com\/@de\/116659134640391490","error":""},"_links":{"self":[{"href":"https:\/\/www.europesays.com\/de\/wp-json\/wp\/v2\/posts\/1055253","targetHints":{"allow":["GET"]}}],"collection":[{"href":"https:\/\/www.europesays.com\/de\/wp-json\/wp\/v2\/posts"}],"about":[{"href":"https:\/\/www.europesays.com\/de\/wp-json\/wp\/v2\/types\/post"}],"author":[{"embeddable":true,"href":"https:\/\/www.europesays.com\/de\/wp-json\/wp\/v2\/users\/2"}],"replies":[{"embeddable":true,"href":"https:\/\/www.europesays.com\/de\/wp-json\/wp\/v2\/comments?post=1055253"}],"version-history":[{"count":0,"href":"https:\/\/www.europesays.com\/de\/wp-json\/wp\/v2\/posts\/1055253\/revisions"}],"wp:featuredmedia":[{"embeddable":true,"href":"https:\/\/www.europesays.com\/de\/wp-json\/wp\/v2\/media\/1055254"}],"wp:attachment":[{"href":"https:\/\/www.europesays.com\/de\/wp-json\/wp\/v2\/media?parent=1055253"}],"wp:term":[{"taxonomy":"category","embeddable":true,"href":"https:\/\/www.europesays.com\/de\/wp-json\/wp\/v2\/categories?post=1055253"},{"taxonomy":"post_tag","embeddable":true,"href":"https:\/\/www.europesays.com\/de\/wp-json\/wp\/v2\/tags?post=1055253"}],"curies":[{"name":"wp","href":"https:\/\/api.w.org\/{rel}","templated":true}]}}