{"id":1055272,"date":"2026-05-29T18:00:24","date_gmt":"2026-05-29T18:00:24","guid":{"rendered":"https:\/\/www.europesays.com\/de\/1055272\/"},"modified":"2026-05-29T18:00:24","modified_gmt":"2026-05-29T18:00:24","slug":"haindling-volksmusik-band-sagt-tour-ersatzlos-ab","status":"publish","type":"post","link":"https:\/\/www.europesays.com\/de\/1055272\/","title":{"rendered":"Haindling: Volksmusik-Band sagt Tour ersatzlos ab"},"content":{"rendered":"<p>Wegen Krankheit <\/p>\n<p>Volksmusik-Band Haindling sagt Tour ersatzlos ab<\/p>\n<p>29.05.2026 &#8211; 18:57 UhrLesedauer: 2 Min.<\/p>\n<p><a href=\"#focus-0\" class=\"transition-colors duration-200 block text-current relative\" data-sctrack=\"FocusGalleryImage.Reference\"><img fetchpriority=\"high\" data-testid=\"Opener.Image\"   loading=\"eager\" src=\"https:\/\/www.europesays.com\/de\/wp-content\/uploads\/2026\/05\/hans-juergen-buchner-er-ist-der-gruender-der-band-haindling.jpg\" alt=\"Hans J\u00fcrgen Buchner: Er ist der Gr\u00fcnder der Band Haindling.\" title=\"Hans J\u00fcrgen Buchner: Er ist der Gr\u00fcnder der Band Haindling.\" width=\"3455\" height=\"1944\" class=\"bg-[url:var(--lqipURL)] bg-cover bg-center flex h-full w-full max-w-full\" style=\"--lqipURL:url('https:\/\/images.t-online.de\/2026\/05\/IXdyu4f137kV\/545x202:3455x1944\/fit-in\/150x0\/filters:blur(25)\/hans-juergen-buchner-er-ist-der-gruender-der-band-haindling.jpg')\" decoding=\"async\"\/><img loading=\"lazy\" src=\"https:\/\/www.t-online.de\/s\/paper\/_next\/static\/media\/zoom-in.f7dae02f.svg\" alt=\"Vergr\u00f6\u00dfern des Bildes\" title=\"Vergr\u00f6\u00dfern des Bildes\" class=\"block h-[calc(var(--height)_\/_16_*_1rem)] w-[calc(var(--width)_\/_16_*_1rem)] max-w-none absolute bottom-8 right-8 rounded-4 bg-snow p-8\" style=\"--width:32;--height:32\" decoding=\"async\"\/><\/a><\/p>\n<p>Hans-J\u00fcrgen Buchner: Er ist der Gr\u00fcnder der Band Haindling. (Quelle: IMAGO\/Frank Hoermann\/Sven Simon)<\/p>\n<p><img loading=\"lazy\" src=\"https:\/\/www.t-online.de\/s\/paper\/_next\/static\/media\/audio-volume.6689034c.svg\" alt=\"\" title=\"\" class=\"block h-[calc(var(--height)_\/_16_*_1rem)] w-[calc(var(--width)_\/_16_*_1rem)] max-w-none group-hover:brightness-0 group-hover:invert\" style=\"--width:16;--height:16\" decoding=\"async\"\/>Vorlesen<\/p>\n<p>Aktuelle Zeit:0:00Gesamtdauer:0:00<\/p>\n<p>1x<\/p>\n<p class=\"text-center\">Jetzt neu bei t-online:<\/p>\n<p class=\"text-center\">Schriftgr\u00f6\u00dfe anpassen!<\/p>\n<p><img loading=\"lazy\" src=\"https:\/\/www.t-online.de\/s\/paper\/_next\/static\/media\/font-sizes.32942e33.svg\" alt=\"\" title=\"\" class=\"block h-[calc(var(--height)_\/_16_*_1rem)] w-[calc(var(--width)_\/_16_*_1rem)] max-w-none group-hover:hidden group-aria-expanded:hidden\" style=\"--width:16;--height:16\" decoding=\"async\"\/><img loading=\"lazy\" src=\"https:\/\/www.t-online.de\/s\/paper\/_next\/static\/media\/font-sizes-dark-mode.e382645c.svg\" alt=\"\" title=\"\" class=\"block h-[calc(var(--height)_\/_16_*_1rem)] w-[calc(var(--width)_\/_16_*_1rem)] max-w-none hidden group-hover:block group-aria-expanded:block\" style=\"--width:16;--height:16\" decoding=\"async\"\/><img loading=\"lazy\" src=\"https:\/\/www.t-online.de\/s\/paper\/_next\/static\/media\/sharing-menu-icon.1eb71368.svg\" alt=\"\" title=\"\" class=\"block h-[calc(var(--height)_\/_16_*_1rem)] w-[calc(var(--width)_\/_16_*_1rem)] max-w-none group-hover:brightness-0 group-hover:invert\" style=\"--width:16;--height:16\" decoding=\"async\"\/>Artikel teilen<\/p>\n<p class=\"font-bold text-18 leading-17 user-text-lg:text-22 user-text-xl:text-24\"><strong class=\"font-bold\">Traurige Nachrichten f\u00fcr Haindling-Fans: Musiker Hans-J\u00fcrgen Buchner ist erkrankt und muss die Sommertournee der Band ersatzlos absagen. <\/strong><\/p>\n<p class=\"text-18 leading-17 user-text-lg:text-22 user-text-xl:text-24\">&#8222;Nachdem Hans-J\u00fcrgen Buchner im letzten Jahr sehr viel Freunde und Kraft aus der Sommertour 2025 gezogen hat waren weitere f\u00fcnf Konzerte im Jahr 2026 das logische n\u00e4chste Ziel&#8220;, hei\u00dft es auf Instagram von Konzertmanager Lothar Schlessmann. Doch aus gesundheitlichen Gr\u00fcnden wurden die Auftritte nun gestrichen.<\/p>\n<p class=\"text-18 leading-17 user-text-lg:text-22 user-text-xl:text-24\">&#8222;Leider musste sich Hans-J\u00fcrgen Buchner in den letzten Tagen \u00e4rztlichen Behandlungen unterziehen&#8220;, hei\u00dft es weiter. Der 81-J\u00e4hrige ist der S\u00e4nger und Gr\u00fcnder der Gruppe. &#8222;Sein behandelnder Professor schlie\u00dft absolut aus, dass Hans-J\u00fcrgen Buchner mit Haindling ab dem 28. Juni auf der B\u00fchne stehen kann und diese f\u00fcnf Konzerte in gewohnter Weise spielt.&#8220;<\/p>\n<p>Gerhard Polt und die Well-Br\u00fcder springen ein<\/p>\n<p class=\"text-18 leading-17 user-text-lg:text-22 user-text-xl:text-24\">Die Band sage die Konzerte in Kempten, Regensburg, Traunstein, <a class=\"transition-colors duration-200 cursor-pointer text-inherit no-underline text-salemsfur md:hover:text-magenta md:hover:border-magenta md:focus:text-magenta border-current border-b border-solid break-words\" data-tracking=\"{&quot;action&quot;:&quot;click&quot;,&quot;category&quot;:&quot;intextLink&quot;,&quot;label&quot;:&quot;https:\/\/muenchen.t-online.de\/region\/muenchen\/&quot;}\" href=\"https:\/\/muenchen.t-online.de\/region\/muenchen\/\" data-sctrack=\"BodyAnchor\" rel=\"nofollow noopener\" target=\"_blank\">M\u00fcnchen<\/a> und <a class=\"transition-colors duration-200 cursor-pointer text-inherit no-underline text-salemsfur md:hover:text-magenta md:hover:border-magenta md:focus:text-magenta border-current border-b border-solid break-words\" data-tracking=\"{&quot;action&quot;:&quot;click&quot;,&quot;category&quot;:&quot;intextLink&quot;,&quot;label&quot;:&quot;\/themen\/erlangen\/&quot;}\" href=\"https:\/\/www.t-online.de\/themen\/erlangen\/\" data-sctrack=\"BodyAnchor\" rel=\"nofollow noopener\" target=\"_blank\">Erlangen<\/a> &#8222;schweren Herzens&#8220; ab. An dem Termin am 14. Juli in M\u00fcnchen springen Humorist Gerhard Polt und die Well-Br\u00fcder ein, wie es auf der Seite des Tollwood-Festivals hei\u00dft.<\/p>\n<p><a href=\"#focus-1\" class=\"transition-colors duration-200 block text-current relative\" data-sctrack=\"FocusGalleryImage.Reference\"><img   loading=\"lazy\" src=\"https:\/\/www.europesays.com\/de\/wp-content\/uploads\/2026\/05\/die-band-haindling-wurde-in-den-achtzigerjahren-gegruendet.jpg\" alt=\"Die Band Haindling wurde in den Achtzigerjahren gegr\u00fcndet.\" title=\"Die Band Haindling wurde in den Achtzigerjahren gegr\u00fcndet.\" width=\"3628\" height=\"3610\" class=\"h-full w-full max-w-full rounded-8\" decoding=\"async\"\/><img loading=\"lazy\" src=\"https:\/\/www.t-online.de\/s\/paper\/_next\/static\/media\/zoom-in.f7dae02f.svg\" alt=\"Vergr\u00f6\u00dfern des Bildes\" title=\"Vergr\u00f6\u00dfern des Bildes\" class=\"block h-[calc(var(--height)_\/_16_*_1rem)] w-[calc(var(--width)_\/_16_*_1rem)] max-w-none absolute bottom-8 right-8 rounded-4 bg-snow p-8\" style=\"--width:32;--height:32\" decoding=\"async\"\/>Die Band Haindling wurde in den Achtzigerjahren gegr\u00fcndet. (Quelle: IMAGO\/United Archives \/ kpa)<\/a><\/p>\n<p class=\"text-18 leading-17 user-text-lg:text-22 user-text-xl:text-24\">Tickets k\u00f6nnen den Angaben nach an den jeweiligen Vorverkaufsstellen oder Onlineportalen zur\u00fcckgetauscht werden. Tickets f\u00fcr das Haindling-Konzert am Tollwood-Festival behalten laut Webseite ihre G\u00fcltigkeit f\u00fcr den Auftritt mit Gerhard Polt und den Well-Br\u00fcdern, sie k\u00f6nnen aber auch zur\u00fcckgegeben werden.<\/p>\n<p>Band wurde in den Achtzigern gegr\u00fcndet<\/p>\n<p class=\"text-18 leading-17 user-text-lg:text-22 user-text-xl:text-24\">Haindling ist eine deutsche Volksmusikgruppe aus Bayern, die Anfang der Achtziger von Hans-J\u00fcrgen Buchner gegr\u00fcndet wurde. Buchner benannte die Band nach seinem Wohnort, dem Dorf Haindling, einem Ortsteil von Geiselh\u00f6ring im Landkreis Straubing-Bogen.<\/p>\n<p><img loading=\"lazy\" src=\"https:\/\/www.t-online.de\/s\/paper\/_next\/static\/media\/video-carousel-play.6f25714b.svg\" alt=\"\" title=\"\" class=\"block h-[calc(var(--height)_\/_16_*_1rem)] w-[calc(var(--width)_\/_16_*_1rem)] max-w-none undefined\" style=\"--height:12\" decoding=\"async\"\/><\/p>\n<p class=\"text-18 leading-17 user-text-lg:text-22 user-text-xl:text-24\">Die Band ist bekannt f\u00fcr ihre einzigartige Mischung aus traditioneller bayerischer Volksmusik, Pop, Jazz und Weltmusik-Elementen. Mit Instrumenten wie Akkordeon, Bl\u00e4sern und exotischen Klangk\u00f6rpern schafft Haindling einen unverwechselbaren Sound, der sowohl modern als auch tief in der bayerischen Kultur verwurzelt ist. Besonders in S\u00fcddeutschland genie\u00dft die Gruppe gro\u00dfe Popularit\u00e4t und hat die Volksmusikszene nachhaltig gepr\u00e4gt.<\/p>\n<p class=\"text-18 leading-17 user-text-lg:text-22 user-text-xl:text-24\">Der erste gro\u00dfe Hit war die Nummer &#8222;Lang scho nimma g&#8217;sehn&#8220;. Bekannt sind auch Buchners Fernsehmelodien, etwa f\u00fcr die ZDF-Serie &#8222;Die Rosenheim-Cops&#8220; oder f\u00fcr die BR-Produktionen &#8222;Irgendwie und Sowieso&#8220;, &#8222;Zur Freiheit&#8220; und &#8222;Caf\u00e9 Meineid&#8220;.<\/p>\n","protected":false},"excerpt":{"rendered":"Wegen Krankheit Volksmusik-Band Haindling sagt Tour ersatzlos ab 29.05.2026 &#8211; 18:57 UhrLesedauer: 2 Min. Hans-J\u00fcrgen Buchner: Er ist&hellip;\n","protected":false},"author":2,"featured_media":1055273,"comment_status":"","ping_status":"","sticky":false,"template":"","format":"standard","meta":{"footnotes":"","_share_on_mastodon":"0"},"categories":[1776],"tags":[1801,29,214,15256,30,225480,120521,152,81898,225482,1268,1802,12946,225481,1055,215],"class_list":["post-1055272","post","type-post","status-publish","format-standard","has-post-thumbnail","category-prominente","tag-celebrities","tag-deutschland","tag-entertainment","tag-gerhard-polt","tag-germany","tag-haindling","tag-hans-juergen-buchner","tag-instagram","tag-kempten","tag-lothar-schlessmann","tag-muenchen","tag-prominente","tag-regensburg","tag-sommertournee","tag-traunstein","tag-unterhaltung"],"share_on_mastodon":{"url":"https:\/\/pubeurope.com\/@de\/116659175724025122","error":""},"_links":{"self":[{"href":"https:\/\/www.europesays.com\/de\/wp-json\/wp\/v2\/posts\/1055272","targetHints":{"allow":["GET"]}}],"collection":[{"href":"https:\/\/www.europesays.com\/de\/wp-json\/wp\/v2\/posts"}],"about":[{"href":"https:\/\/www.europesays.com\/de\/wp-json\/wp\/v2\/types\/post"}],"author":[{"embeddable":true,"href":"https:\/\/www.europesays.com\/de\/wp-json\/wp\/v2\/users\/2"}],"replies":[{"embeddable":true,"href":"https:\/\/www.europesays.com\/de\/wp-json\/wp\/v2\/comments?post=1055272"}],"version-history":[{"count":0,"href":"https:\/\/www.europesays.com\/de\/wp-json\/wp\/v2\/posts\/1055272\/revisions"}],"wp:featuredmedia":[{"embeddable":true,"href":"https:\/\/www.europesays.com\/de\/wp-json\/wp\/v2\/media\/1055273"}],"wp:attachment":[{"href":"https:\/\/www.europesays.com\/de\/wp-json\/wp\/v2\/media?parent=1055272"}],"wp:term":[{"taxonomy":"category","embeddable":true,"href":"https:\/\/www.europesays.com\/de\/wp-json\/wp\/v2\/categories?post=1055272"},{"taxonomy":"post_tag","embeddable":true,"href":"https:\/\/www.europesays.com\/de\/wp-json\/wp\/v2\/tags?post=1055272"}],"curies":[{"name":"wp","href":"https:\/\/api.w.org\/{rel}","templated":true}]}}