{"id":1055301,"date":"2026-05-29T18:19:23","date_gmt":"2026-05-29T18:19:23","guid":{"rendered":"https:\/\/www.europesays.com\/de\/1055301\/"},"modified":"2026-05-29T18:19:23","modified_gmt":"2026-05-29T18:19:23","slug":"2-liga-tim-walter-sagt-vfl-wolfsburg-ab-und-verlaengert-bei-holstein-kiel-sport","status":"publish","type":"post","link":"https:\/\/www.europesays.com\/de\/1055301\/","title":{"rendered":"2. Liga: Tim Walter sagt VfL Wolfsburg ab und verl\u00e4ngert bei Holstein Kiel | Sport"},"content":{"rendered":"<p><a class=\"skip-content skip-content--link\" href=\"#in-content-skip-link-target-v-0-0\">TTS-Player \u00fcberspringen\u21b5<\/a><a id=\"in-content-skip-link-target-v-0-0\" class=\"skip-content--target-link-hidden skip-content skip-content--target-link\" href=\"#in-content-skip-link-target-v-0-0\">Artikel weiterlesen<\/a><\/p>\n<p data-21134c99=\"0-1937\"><b>Am Ende wurde es noch mal turbulent. Der VfL Wolfsburg war auf der Suche nach einem Trainer f\u00fcr den Neuaufbau nach dem Abstieg in die 2. Liga auf Tim Walter (50) zugegangen. Doch der winkte schnell ab \u2013 weil er unmittelbar vor einer Vertragsverl\u00e4ngerung bei Holstein Kiel steht. Die Verhandlungen mit Gesch\u00e4ftsf\u00fchrer Olaf Rebbe (48) verliefen positiv, die Einigung d\u00fcrfte zeitnah verk\u00fcndet werden.<\/b><\/p>\n<p data-21134c99=\"0-1937\">Walter hatte im Februar f\u00fcr den gefeuerten Marcel Rapp (47) \u00fcbernommen, schlie\u00dflich mit Platz\u00a012 relativ souver\u00e4n die Rettung geschafft. In elf Spielen holte Walter im Schnitt 1,55 Punkte (f\u00fcnf Siege, vier Niederlagen, zwei Unentschieden). Seit dem letzten Spieltag liefen die Verhandlungen von Kiel mit Walter, der nur bis Ende der Saison unterschrieben hatte. Dem pl\u00f6tzlichen Werben aus Wolfsburg erteilte er eine h\u00f6fliche Absage. Walter, der schon 2018\/19 <a href=\"https:\/\/www.bild.de\/sport\/fussball\/kieler-sv-holstein\/startseite-kiel-52363046.bild.html\" class=\"text-link\" rel=\"nofollow noopener\" target=\"_blank\">Holstein Kiel <\/a>trainierte, ist vom Plan f\u00fcr die kommende Saison \u00fcberzeugt. Der nun, da in der Trainer-Personalie Klarheit herrscht, mit Transfers belebt werden soll.<\/p>\n<p data-21134c99=\"0-1937\">Und wie geht es beim <a href=\"https:\/\/www.bild.de\/sport\/fussball\/vfl-wolfsburg\/startseite-vfl-wolfsburg-31074442.bild.html\" class=\"text-link\" rel=\"nofollow noopener\" target=\"_blank\">VfL Wolfsburg<\/a> weiter? Da steht der Totalumbruch an, <a href=\"https:\/\/www.bild.de\/sport\/fussball\/vfl-wolfsburg-fast-komplette-mannschaft-des-vw-klubs-schon-weg-6a195d91914c87cfaf07768f\" class=\"text-link\" rel=\"nofollow noopener\" target=\"_blank\">eine fast komplette Mannschaft ist weg<\/a>. Als Trainer-Topkandidat gilt weiterhin Alexander Blessin (53) von Mit-Absteiger FC St.\u00a0Pauli. Ins Spiel gebracht wurde auch der Belgier Wouter Vrancken (47), der zuletzt VV St. Truiden trainierte. Diese Spur ist nach BILD-Informationen aktuell aber nicht besonders hei\u00df. Der bisherige Trainer Dieter Hecking (61) steht trotz Abstieg kurioserweise vor einer Bef\u00f6rderung zum Sport-Gesch\u00e4ftsf\u00fchrer. Dieser Posten ist vakant, seit Anfang M\u00e4rz der D\u00e4ne Peter Christiansen (51) gefeuert wurde.<\/p>\n<p>Mehr zum Thema<\/p>\n<p data-21134c99=\"0-1937\">Einem weiteren Boss droht zudem das Aus: Finanz-Gesch\u00e4ftsf\u00fchrer Michael Meeske (54) wird intern zunehmend kritisch gesehen. Der Vorwurf: Er hole zu wenig wirtschaftlichen Gewinn aus den M\u00f6glichkeiten. Im Gesch\u00e4ftsjahr 2024\/25, dessen Zahlen gerade ver\u00f6ffentlicht wurden, machte der VfL 12,7 Mio. Euro Miese.<\/p>\n","protected":false},"excerpt":{"rendered":"TTS-Player \u00fcberspringen\u21b5Artikel weiterlesen Am Ende wurde es noch mal turbulent. Der VfL Wolfsburg war auf der Suche nach&hellip;\n","protected":false},"author":2,"featured_media":1055302,"comment_status":"","ping_status":"","sticky":false,"template":"","format":"standard","meta":{"footnotes":"","_share_on_mastodon":"0"},"categories":[1852],"tags":[3364,29,538,548,663,3934,30,13,17897,4949,21431,14,15,10905,12,1971,542,931,154189,784],"class_list":["post-1055301","post","type-post","status-publish","format-standard","has-post-thumbnail","category-kiel","tag-de","tag-deutschland","tag-erste-bundesliga","tag-eu","tag-europa","tag-europe","tag-germany","tag-headlines","tag-hecking-dieter","tag-kiel","tag-kieler-sv-holstein","tag-nachrichten","tag-news","tag-rebbe-olaf","tag-schlagzeilen","tag-schleswig-holstein","tag-sport-leuchtturm-hamburg","tag-vfl-wolfsburg","tag-walter-tim","tag-zweite-bundesliga"],"share_on_mastodon":{"url":"https:\/\/pubeurope.com\/@de\/116659248452920040","error":""},"_links":{"self":[{"href":"https:\/\/www.europesays.com\/de\/wp-json\/wp\/v2\/posts\/1055301","targetHints":{"allow":["GET"]}}],"collection":[{"href":"https:\/\/www.europesays.com\/de\/wp-json\/wp\/v2\/posts"}],"about":[{"href":"https:\/\/www.europesays.com\/de\/wp-json\/wp\/v2\/types\/post"}],"author":[{"embeddable":true,"href":"https:\/\/www.europesays.com\/de\/wp-json\/wp\/v2\/users\/2"}],"replies":[{"embeddable":true,"href":"https:\/\/www.europesays.com\/de\/wp-json\/wp\/v2\/comments?post=1055301"}],"version-history":[{"count":0,"href":"https:\/\/www.europesays.com\/de\/wp-json\/wp\/v2\/posts\/1055301\/revisions"}],"wp:featuredmedia":[{"embeddable":true,"href":"https:\/\/www.europesays.com\/de\/wp-json\/wp\/v2\/media\/1055302"}],"wp:attachment":[{"href":"https:\/\/www.europesays.com\/de\/wp-json\/wp\/v2\/media?parent=1055301"}],"wp:term":[{"taxonomy":"category","embeddable":true,"href":"https:\/\/www.europesays.com\/de\/wp-json\/wp\/v2\/categories?post=1055301"},{"taxonomy":"post_tag","embeddable":true,"href":"https:\/\/www.europesays.com\/de\/wp-json\/wp\/v2\/tags?post=1055301"}],"curies":[{"name":"wp","href":"https:\/\/api.w.org\/{rel}","templated":true}]}}